{"id":4652,"date":"2018-03-23T08:28:52","date_gmt":"2018-03-23T07:28:52","guid":{"rendered":"http:\/\/agora.xtec.cat\/insdertosa\/?p=4652"},"modified":"2018-03-23T08:28:52","modified_gmt":"2018-03-23T07:28:52","slug":"visita-de-lexalumne-quim-melchor","status":"publish","type":"post","link":"https:\/\/agora.xtec.cat\/insdertosa\/batxillerat\/visita-de-lexalumne-quim-melchor\/","title":{"rendered":"Visita de l&#8217;exalumne Quim Melchor"},"content":{"rendered":"<p>Divendres 23 de mar\u00e7 Quim Melchor, exalumne del centre i actual estudiant de Comunicaci\u00f3 audiovisual a la Universitat Pompeu Fabra va realitzar una xerrada per als alumnes de 1r de batxillerat art\u00edstic. Els va explicar tot l&#8217;entramat de la carrera universit\u00e0ria, per\u00f2 sobretot els va parlar de fotografia i cinema, dos dels interessos principals dels\u00a0nostres\u00a0alumnes. Va fer cinc c\u00e8ntims de les diferents assignatures, aix\u00ed com va parlar de la vida universit\u00e0ria. Tamb\u00e9 vam realitzar un interessant debat sobre els diferents treballs de recerca que es poden realitzar a red\u00f3s dels curtmetratges o els treballs fotogr\u00e0fics. Sens dubte, li agra\u00efm les seues explicacions que poden obrir cam\u00ed als nostres alumnes.<img loading=\"lazy\" decoding=\"async\" class=\"alignnone size-full wp-image-4653\" src=\"http:\/\/agora.xtec.cat\/insdertosa\/wp-content\/uploads\/usu144\/2018\/03\/IMG-20180323-WA0001.jpg\" alt=\"\" width=\"1600\" height=\"1200\" srcset=\"https:\/\/agora.xtec.cat\/insdertosa\/wp-content\/uploads\/usu144\/2018\/03\/IMG-20180323-WA0001.jpg 1600w, https:\/\/agora.xtec.cat\/insdertosa\/wp-content\/uploads\/usu144\/2018\/03\/IMG-20180323-WA0001-300x225.jpg 300w, https:\/\/agora.xtec.cat\/insdertosa\/wp-content\/uploads\/usu144\/2018\/03\/IMG-20180323-WA0001-768x576.jpg 768w, https:\/\/agora.xtec.cat\/insdertosa\/wp-content\/uploads\/usu144\/2018\/03\/IMG-20180323-WA0001-1024x768.jpg 1024w, https:\/\/agora.xtec.cat\/insdertosa\/wp-content\/uploads\/usu144\/2018\/03\/IMG-20180323-WA0001-200x150.jpg 200w\" sizes=\"auto, (max-width: 1600px) 100vw, 1600px\" \/> <img loading=\"lazy\" decoding=\"async\" class=\"alignnone size-full wp-image-4654\" src=\"http:\/\/agora.xtec.cat\/insdertosa\/wp-content\/uploads\/usu144\/2018\/03\/IMG-20180323-WA0002.jpg\" alt=\"\" width=\"1600\" height=\"1200\" srcset=\"https:\/\/agora.xtec.cat\/insdertosa\/wp-content\/uploads\/usu144\/2018\/03\/IMG-20180323-WA0002.jpg 1600w, https:\/\/agora.xtec.cat\/insdertosa\/wp-content\/uploads\/usu144\/2018\/03\/IMG-20180323-WA0002-300x225.jpg 300w, https:\/\/agora.xtec.cat\/insdertosa\/wp-content\/uploads\/usu144\/2018\/03\/IMG-20180323-WA0002-768x576.jpg 768w, https:\/\/agora.xtec.cat\/insdertosa\/wp-content\/uploads\/usu144\/2018\/03\/IMG-20180323-WA0002-1024x768.jpg 1024w, https:\/\/agora.xtec.cat\/insdertosa\/wp-content\/uploads\/usu144\/2018\/03\/IMG-20180323-WA0002-200x150.jpg 200w\" sizes=\"auto, (max-width: 1600px) 100vw, 1600px\" \/><\/p>\n","protected":false},"excerpt":{"rendered":"<p>Divendres 23 de mar\u00e7 Quim Melchor, exalumne del centre i actual estudiant de Comunicaci\u00f3 audiovisual a la Universitat Pompeu Fabra va realitzar una xerrada per als alumnes de 1r de batxillerat art\u00edstic. Els va explicar tot l&#8217;entramat de la carrera universit\u00e0ria, per\u00f2 sobretot els va parlar de fotografia i cinema, dos dels interessos principals dels\u00a0nostres\u00a0alumnes. [&hellip;]<\/p>\n","protected":false},"author":1,"featured_media":4653,"comment_status":"open","ping_status":"closed","sticky":false,"template":"","format":"standard","meta":{"_bbp_topic_count":0,"_bbp_reply_count":0,"_bbp_total_topic_count":0,"_bbp_total_reply_count":0,"_bbp_voice_count":0,"_bbp_anonymous_reply_count":0,"_bbp_topic_count_hidden":0,"_bbp_reply_count_hidden":0,"_bbp_forum_subforum_count":0,"site-sidebar-layout":"default","site-content-layout":"","ast-site-content-layout":"","site-content-style":"default","site-sidebar-style":"default","ast-global-header-display":"","ast-banner-title-visibility":"","ast-main-header-display":"","ast-hfb-above-header-display":"","ast-hfb-below-header-display":"","ast-hfb-mobile-header-display":"","site-post-title":"","ast-breadcrumbs-content":"","ast-featured-img":"","footer-sml-layout":"","theme-transparent-header-meta":"","adv-header-id-meta":"","stick-header-meta":"","header-above-stick-meta":"","header-main-stick-meta":"","header-below-stick-meta":"","astra-migrate-meta-layouts":"default","ast-page-background-enabled":"default","ast-page-background-meta":{"desktop":{"background-color":"var(--ast-global-color-5)","background-image":"","background-repeat":"repeat","background-position":"center center","background-size":"auto","background-attachment":"scroll","background-type":"","background-media":"","overlay-type":"","overlay-color":"","overlay-opacity":"","overlay-gradient":""},"tablet":{"background-color":"","background-image":"","background-repeat":"repeat","background-position":"center center","background-size":"auto","background-attachment":"scroll","background-type":"","background-media":"","overlay-type":"","overlay-color":"","overlay-opacity":"","overlay-gradient":""},"mobile":{"background-color":"","background-image":"","background-repeat":"repeat","background-position":"center center","background-size":"auto","background-attachment":"scroll","background-type":"","background-media":"","overlay-type":"","overlay-color":"","overlay-opacity":"","overlay-gradient":""}},"ast-content-background-meta":{"desktop":{"background-color":"var(--ast-global-color-4)","background-image":"","background-repeat":"repeat","background-position":"center center","background-size":"auto","background-attachment":"scroll","background-type":"","background-media":"","overlay-type":"","overlay-color":"","overlay-opacity":"","overlay-gradient":""},"tablet":{"background-color":"var(--ast-global-color-4)","background-image":"","background-repeat":"repeat","background-position":"center center","background-size":"auto","background-attachment":"scroll","background-type":"","background-media":"","overlay-type":"","overlay-color":"","overlay-opacity":"","overlay-gradient":""},"mobile":{"background-color":"var(--ast-global-color-4)","background-image":"","background-repeat":"repeat","background-position":"center center","background-size":"auto","background-attachment":"scroll","background-type":"","background-media":"","overlay-type":"","overlay-color":"","overlay-opacity":"","overlay-gradient":""}},"footnotes":""},"categories":[85,8,29],"tags":[42,90],"class_list":["post-4652","post","type-post","status-publish","format-standard","has-post-thumbnail","hentry","category-activitats","category-batxillerat","category-portada","tag-arts-esceniques","tag-exalumnes"],"post_mailing_queue_ids":[],"_links":{"self":[{"href":"https:\/\/agora.xtec.cat\/insdertosa\/wp-json\/wp\/v2\/posts\/4652","targetHints":{"allow":["GET"]}}],"collection":[{"href":"https:\/\/agora.xtec.cat\/insdertosa\/wp-json\/wp\/v2\/posts"}],"about":[{"href":"https:\/\/agora.xtec.cat\/insdertosa\/wp-json\/wp\/v2\/types\/post"}],"author":[{"embeddable":true,"href":"https:\/\/agora.xtec.cat\/insdertosa\/wp-json\/wp\/v2\/users\/1"}],"replies":[{"embeddable":true,"href":"https:\/\/agora.xtec.cat\/insdertosa\/wp-json\/wp\/v2\/comments?post=4652"}],"version-history":[{"count":1,"href":"https:\/\/agora.xtec.cat\/insdertosa\/wp-json\/wp\/v2\/posts\/4652\/revisions"}],"predecessor-version":[{"id":4655,"href":"https:\/\/agora.xtec.cat\/insdertosa\/wp-json\/wp\/v2\/posts\/4652\/revisions\/4655"}],"wp:featuredmedia":[{"embeddable":true,"href":"https:\/\/agora.xtec.cat\/insdertosa\/wp-json\/wp\/v2\/media\/4653"}],"wp:attachment":[{"href":"https:\/\/agora.xtec.cat\/insdertosa\/wp-json\/wp\/v2\/media?parent=4652"}],"wp:term":[{"taxonomy":"category","embeddable":true,"href":"https:\/\/agora.xtec.cat\/insdertosa\/wp-json\/wp\/v2\/categories?post=4652"},{"taxonomy":"post_tag","embeddable":true,"href":"https:\/\/agora.xtec.cat\/insdertosa\/wp-json\/wp\/v2\/tags?post=4652"}],"curies":[{"name":"wp","href":"https:\/\/api.w.org\/{rel}","templated":true}]}}