{"id":4446,"date":"2018-01-30T13:13:39","date_gmt":"2018-01-30T12:13:39","guid":{"rendered":"http:\/\/agora.xtec.cat\/insdertosa\/?p=4446"},"modified":"2018-01-30T13:13:39","modified_gmt":"2018-01-30T12:13:39","slug":"ruta-literaria-manuel-perez-bonfill","status":"publish","type":"post","link":"https:\/\/agora.xtec.cat\/insdertosa\/batxillerat\/ruta-literaria-manuel-perez-bonfill\/","title":{"rendered":"Ruta liter\u00e0ria Manuel P\u00e9rez Bonfill"},"content":{"rendered":"<p>En el marc de la festivitat de Sant Tom\u00e0s d&#8217;Aquino es va inaugurar la Ruta liter\u00e0ria Manuel P\u00e9rez Bonfill, en la qual van participar alguns alumnes que cursen les assignatures de literatura catalana i castellana. Els professors acompanyants varen ser Pep Pinyol i Emigdi Subirats, l&#8217;autor de la ruta. Es va rec\u00f3rrer alguns indrets de la ciutat relacionats amb la vida i l&#8217;obra del nostre professor de sempre. S&#8217;endega davant del seu domicili personal, al costat de la llibreria La 2 de Viladrich, per passar al carrer Cervantes i al Hemingway, amb dos noms d&#8217;alt ress\u00f2 literari. A partir d&#8217;aqu\u00ed es fa una aturada al carrer de Mercaders, on hist\u00f2ricament estava l&#8217;escola de dansa d&#8217;Anna Bel, la seua esposa. La seg\u00fcent aturada \u00e9s al carrer Moncada on estava situat el primer institut d&#8217;ensenyan\u00e7a p\u00fablica. Durant la ruta es realitzen recitacions i lectures en prosa, tamb\u00e9 pot haver-hi acompanyament musical.<\/p>\n<p><img loading=\"lazy\" decoding=\"async\" class=\"alignnone size-full wp-image-4447\" src=\"http:\/\/agora.xtec.cat\/insdertosa\/wp-content\/uploads\/usu144\/2018\/01\/IMG-20180128-WA0002.jpg\" alt=\"\" width=\"1600\" height=\"1200\" srcset=\"https:\/\/agora.xtec.cat\/insdertosa\/wp-content\/uploads\/usu144\/2018\/01\/IMG-20180128-WA0002.jpg 1600w, https:\/\/agora.xtec.cat\/insdertosa\/wp-content\/uploads\/usu144\/2018\/01\/IMG-20180128-WA0002-300x225.jpg 300w, https:\/\/agora.xtec.cat\/insdertosa\/wp-content\/uploads\/usu144\/2018\/01\/IMG-20180128-WA0002-768x576.jpg 768w, https:\/\/agora.xtec.cat\/insdertosa\/wp-content\/uploads\/usu144\/2018\/01\/IMG-20180128-WA0002-1024x768.jpg 1024w, https:\/\/agora.xtec.cat\/insdertosa\/wp-content\/uploads\/usu144\/2018\/01\/IMG-20180128-WA0002-200x150.jpg 200w\" sizes=\"auto, (max-width: 1600px) 100vw, 1600px\" \/> <img loading=\"lazy\" decoding=\"async\" class=\"alignnone size-full wp-image-4448\" src=\"http:\/\/agora.xtec.cat\/insdertosa\/wp-content\/uploads\/usu144\/2018\/01\/IMG-20180128-WA0003.jpg\" alt=\"\" width=\"1200\" height=\"1600\" srcset=\"https:\/\/agora.xtec.cat\/insdertosa\/wp-content\/uploads\/usu144\/2018\/01\/IMG-20180128-WA0003.jpg 1200w, https:\/\/agora.xtec.cat\/insdertosa\/wp-content\/uploads\/usu144\/2018\/01\/IMG-20180128-WA0003-225x300.jpg 225w, https:\/\/agora.xtec.cat\/insdertosa\/wp-content\/uploads\/usu144\/2018\/01\/IMG-20180128-WA0003-768x1024.jpg 768w\" sizes=\"auto, (max-width: 1200px) 100vw, 1200px\" \/><\/p>\n","protected":false},"excerpt":{"rendered":"<p>En el marc de la festivitat de Sant Tom\u00e0s d&#8217;Aquino es va inaugurar la Ruta liter\u00e0ria Manuel P\u00e9rez Bonfill, en la qual van participar alguns alumnes que cursen les assignatures de literatura catalana i castellana. Els professors acompanyants varen ser Pep Pinyol i Emigdi Subirats, l&#8217;autor de la ruta. Es va rec\u00f3rrer alguns indrets de [&hellip;]<\/p>\n","protected":false},"author":1,"featured_media":4447,"comment_status":"open","ping_status":"closed","sticky":false,"template":"","format":"standard","meta":{"_bbp_topic_count":0,"_bbp_reply_count":0,"_bbp_total_topic_count":0,"_bbp_total_reply_count":0,"_bbp_voice_count":0,"_bbp_anonymous_reply_count":0,"_bbp_topic_count_hidden":0,"_bbp_reply_count_hidden":0,"_bbp_forum_subforum_count":0,"site-sidebar-layout":"default","site-content-layout":"","ast-site-content-layout":"","site-content-style":"default","site-sidebar-style":"default","ast-global-header-display":"","ast-banner-title-visibility":"","ast-main-header-display":"","ast-hfb-above-header-display":"","ast-hfb-below-header-display":"","ast-hfb-mobile-header-display":"","site-post-title":"","ast-breadcrumbs-content":"","ast-featured-img":"","footer-sml-layout":"","theme-transparent-header-meta":"","adv-header-id-meta":"","stick-header-meta":"","header-above-stick-meta":"","header-main-stick-meta":"","header-below-stick-meta":"","astra-migrate-meta-layouts":"default","ast-page-background-enabled":"default","ast-page-background-meta":{"desktop":{"background-color":"var(--ast-global-color-5)","background-image":"","background-repeat":"repeat","background-position":"center center","background-size":"auto","background-attachment":"scroll","background-type":"","background-media":"","overlay-type":"","overlay-color":"","overlay-opacity":"","overlay-gradient":""},"tablet":{"background-color":"","background-image":"","background-repeat":"repeat","background-position":"center center","background-size":"auto","background-attachment":"scroll","background-type":"","background-media":"","overlay-type":"","overlay-color":"","overlay-opacity":"","overlay-gradient":""},"mobile":{"background-color":"","background-image":"","background-repeat":"repeat","background-position":"center center","background-size":"auto","background-attachment":"scroll","background-type":"","background-media":"","overlay-type":"","overlay-color":"","overlay-opacity":"","overlay-gradient":""}},"ast-content-background-meta":{"desktop":{"background-color":"var(--ast-global-color-4)","background-image":"","background-repeat":"repeat","background-position":"center center","background-size":"auto","background-attachment":"scroll","background-type":"","background-media":"","overlay-type":"","overlay-color":"","overlay-opacity":"","overlay-gradient":""},"tablet":{"background-color":"var(--ast-global-color-4)","background-image":"","background-repeat":"repeat","background-position":"center center","background-size":"auto","background-attachment":"scroll","background-type":"","background-media":"","overlay-type":"","overlay-color":"","overlay-opacity":"","overlay-gradient":""},"mobile":{"background-color":"var(--ast-global-color-4)","background-image":"","background-repeat":"repeat","background-position":"center center","background-size":"auto","background-attachment":"scroll","background-type":"","background-media":"","overlay-type":"","overlay-color":"","overlay-opacity":"","overlay-gradient":""}},"footnotes":""},"categories":[85,8,29],"tags":[120],"class_list":["post-4446","post","type-post","status-publish","format-standard","has-post-thumbnail","hentry","category-activitats","category-batxillerat","category-portada","tag-emigdi-subirats"],"post_mailing_queue_ids":[],"_links":{"self":[{"href":"https:\/\/agora.xtec.cat\/insdertosa\/wp-json\/wp\/v2\/posts\/4446","targetHints":{"allow":["GET"]}}],"collection":[{"href":"https:\/\/agora.xtec.cat\/insdertosa\/wp-json\/wp\/v2\/posts"}],"about":[{"href":"https:\/\/agora.xtec.cat\/insdertosa\/wp-json\/wp\/v2\/types\/post"}],"author":[{"embeddable":true,"href":"https:\/\/agora.xtec.cat\/insdertosa\/wp-json\/wp\/v2\/users\/1"}],"replies":[{"embeddable":true,"href":"https:\/\/agora.xtec.cat\/insdertosa\/wp-json\/wp\/v2\/comments?post=4446"}],"version-history":[{"count":1,"href":"https:\/\/agora.xtec.cat\/insdertosa\/wp-json\/wp\/v2\/posts\/4446\/revisions"}],"predecessor-version":[{"id":4449,"href":"https:\/\/agora.xtec.cat\/insdertosa\/wp-json\/wp\/v2\/posts\/4446\/revisions\/4449"}],"wp:featuredmedia":[{"embeddable":true,"href":"https:\/\/agora.xtec.cat\/insdertosa\/wp-json\/wp\/v2\/media\/4447"}],"wp:attachment":[{"href":"https:\/\/agora.xtec.cat\/insdertosa\/wp-json\/wp\/v2\/media?parent=4446"}],"wp:term":[{"taxonomy":"category","embeddable":true,"href":"https:\/\/agora.xtec.cat\/insdertosa\/wp-json\/wp\/v2\/categories?post=4446"},{"taxonomy":"post_tag","embeddable":true,"href":"https:\/\/agora.xtec.cat\/insdertosa\/wp-json\/wp\/v2\/tags?post=4446"}],"curies":[{"name":"wp","href":"https:\/\/api.w.org\/{rel}","templated":true}]}}