{"id":3972,"date":"2017-04-25T17:12:14","date_gmt":"2017-04-25T15:12:14","guid":{"rendered":"http:\/\/agora.xtec.cat\/insdertosa\/?p=3972"},"modified":"2017-04-25T17:15:06","modified_gmt":"2017-04-25T15:15:06","slug":"teatre-grecollati-tarragona-1r-batx-c","status":"publish","type":"post","link":"https:\/\/agora.xtec.cat\/insdertosa\/batxillerat\/teatre-grecollati-tarragona-1r-batx-c\/","title":{"rendered":"Teatre grecollat\u00ed Tarragona (1r Batx C)"},"content":{"rendered":"<div><i>El passat 19 d&#8217;abril l&#8217;alumnat de llat\u00ed i grec de 1r de batxillerat va assistir a la XXIIena Jornada de Teatre Grecollat\u00ed que va tenir lloc a Tarragona a\u00a0l&#8217;Auditori\u00a0del Camp de\u00a0Mart. Els acompanyaven les professores de llat\u00ed i grec del centre.<\/i><\/div>\n<div><i>\u00a0<\/i><\/div>\n<div><i>El grup va arribar al mat\u00ed i va visitar la Pla\u00e7a del Pallol i les restes d&#8217;una de les torres del F\u00f2rum Provincial, on hi ha la maqueta de la T\u00e0rraco del s. II despr\u00e9s de C. Despr\u00e9s vam poder visitar la muralla fins a l&#8217;hora de la primera representaci\u00f3 teatral,\u00a0<u>La Medea<\/u>\u00a0d&#8217;Eur\u00edpides. Despr\u00e9s de dinar, vam assistir a la representaci\u00f3 de la divertid\u00edssima com\u00e8dia de Plaute,\u00a0<u>Miles Gloriosus<\/u>.\u00a0<\/i><\/div>\n<div><i>\u00a0<\/i><\/div>\n<div><i>Tots ens ho vam passar molt b\u00e9!<\/i><\/div>\n<div><i>\u00a0<\/i><\/div>\n<div><i>Seminari de Cl\u00e0ssiques<\/i><\/div>\n<div><\/div>\n<div><a href=\"https:\/\/goo.gl\/photos\/iBzZ6YTTyd3fAizG9\" target=\"_blank\">Acc\u00e9s a la galeria de fotografies:<\/a><\/div>\n<div><\/div>\n<div><\/div>\n<div><a href=\"https:\/\/goo.gl\/photos\/iBzZ6YTTyd3fAizG9\" target=\"_blank\"><img loading=\"lazy\" decoding=\"async\" class=\"alignnone size-full wp-image-3975\" src=\"http:\/\/agora.xtec.cat\/insdertosa\/wp-content\/uploads\/usu144\/2017\/04\/2017-04-19-12.01.43-1.jpg\" alt=\"2017-04-19 12.01.43\" width=\"1600\" height=\"900\" srcset=\"https:\/\/agora.xtec.cat\/insdertosa\/wp-content\/uploads\/usu144\/2017\/04\/2017-04-19-12.01.43-1.jpg 1600w, https:\/\/agora.xtec.cat\/insdertosa\/wp-content\/uploads\/usu144\/2017\/04\/2017-04-19-12.01.43-1-300x169.jpg 300w, https:\/\/agora.xtec.cat\/insdertosa\/wp-content\/uploads\/usu144\/2017\/04\/2017-04-19-12.01.43-1-768x432.jpg 768w, https:\/\/agora.xtec.cat\/insdertosa\/wp-content\/uploads\/usu144\/2017\/04\/2017-04-19-12.01.43-1-1024x576.jpg 1024w\" sizes=\"auto, (max-width: 1600px) 100vw, 1600px\" \/><\/a><\/div>\n","protected":false},"excerpt":{"rendered":"<p>El passat 19 d&#8217;abril l&#8217;alumnat de llat\u00ed i grec de 1r de batxillerat va assistir a la XXIIena Jornada de Teatre Grecollat\u00ed que va tenir lloc a Tarragona a\u00a0l&#8217;Auditori\u00a0del Camp de\u00a0Mart. Els acompanyaven les professores de llat\u00ed i grec del centre. \u00a0 El grup va arribar al mat\u00ed i va visitar la Pla\u00e7a del Pallol [&hellip;]<\/p>\n","protected":false},"author":1,"featured_media":3974,"comment_status":"open","ping_status":"open","sticky":false,"template":"","format":"standard","meta":{"_bbp_topic_count":0,"_bbp_reply_count":0,"_bbp_total_topic_count":0,"_bbp_total_reply_count":0,"_bbp_voice_count":0,"_bbp_anonymous_reply_count":0,"_bbp_topic_count_hidden":0,"_bbp_reply_count_hidden":0,"_bbp_forum_subforum_count":0,"site-sidebar-layout":"default","site-content-layout":"","ast-site-content-layout":"","site-content-style":"default","site-sidebar-style":"default","ast-global-header-display":"","ast-banner-title-visibility":"","ast-main-header-display":"","ast-hfb-above-header-display":"","ast-hfb-below-header-display":"","ast-hfb-mobile-header-display":"","site-post-title":"","ast-breadcrumbs-content":"","ast-featured-img":"","footer-sml-layout":"","theme-transparent-header-meta":"","adv-header-id-meta":"","stick-header-meta":"","header-above-stick-meta":"","header-main-stick-meta":"","header-below-stick-meta":"","astra-migrate-meta-layouts":"default","ast-page-background-enabled":"default","ast-page-background-meta":{"desktop":{"background-color":"var(--ast-global-color-5)","background-image":"","background-repeat":"repeat","background-position":"center center","background-size":"auto","background-attachment":"scroll","background-type":"","background-media":"","overlay-type":"","overlay-color":"","overlay-opacity":"","overlay-gradient":""},"tablet":{"background-color":"","background-image":"","background-repeat":"repeat","background-position":"center center","background-size":"auto","background-attachment":"scroll","background-type":"","background-media":"","overlay-type":"","overlay-color":"","overlay-opacity":"","overlay-gradient":""},"mobile":{"background-color":"","background-image":"","background-repeat":"repeat","background-position":"center center","background-size":"auto","background-attachment":"scroll","background-type":"","background-media":"","overlay-type":"","overlay-color":"","overlay-opacity":"","overlay-gradient":""}},"ast-content-background-meta":{"desktop":{"background-color":"var(--ast-global-color-4)","background-image":"","background-repeat":"repeat","background-position":"center center","background-size":"auto","background-attachment":"scroll","background-type":"","background-media":"","overlay-type":"","overlay-color":"","overlay-opacity":"","overlay-gradient":""},"tablet":{"background-color":"var(--ast-global-color-4)","background-image":"","background-repeat":"repeat","background-position":"center center","background-size":"auto","background-attachment":"scroll","background-type":"","background-media":"","overlay-type":"","overlay-color":"","overlay-opacity":"","overlay-gradient":""},"mobile":{"background-color":"var(--ast-global-color-4)","background-image":"","background-repeat":"repeat","background-position":"center center","background-size":"auto","background-attachment":"scroll","background-type":"","background-media":"","overlay-type":"","overlay-color":"","overlay-opacity":"","overlay-gradient":""}},"footnotes":""},"categories":[85,8,59,29,39],"tags":[],"class_list":["post-3972","post","type-post","status-publish","format-standard","has-post-thumbnail","hentry","category-activitats","category-batxillerat","category-culturaclassica","category-portada","category-sortides"],"post_mailing_queue_ids":[],"_links":{"self":[{"href":"https:\/\/agora.xtec.cat\/insdertosa\/wp-json\/wp\/v2\/posts\/3972","targetHints":{"allow":["GET"]}}],"collection":[{"href":"https:\/\/agora.xtec.cat\/insdertosa\/wp-json\/wp\/v2\/posts"}],"about":[{"href":"https:\/\/agora.xtec.cat\/insdertosa\/wp-json\/wp\/v2\/types\/post"}],"author":[{"embeddable":true,"href":"https:\/\/agora.xtec.cat\/insdertosa\/wp-json\/wp\/v2\/users\/1"}],"replies":[{"embeddable":true,"href":"https:\/\/agora.xtec.cat\/insdertosa\/wp-json\/wp\/v2\/comments?post=3972"}],"version-history":[{"count":3,"href":"https:\/\/agora.xtec.cat\/insdertosa\/wp-json\/wp\/v2\/posts\/3972\/revisions"}],"predecessor-version":[{"id":3981,"href":"https:\/\/agora.xtec.cat\/insdertosa\/wp-json\/wp\/v2\/posts\/3972\/revisions\/3981"}],"wp:featuredmedia":[{"embeddable":true,"href":"https:\/\/agora.xtec.cat\/insdertosa\/wp-json\/wp\/v2\/media\/3974"}],"wp:attachment":[{"href":"https:\/\/agora.xtec.cat\/insdertosa\/wp-json\/wp\/v2\/media?parent=3972"}],"wp:term":[{"taxonomy":"category","embeddable":true,"href":"https:\/\/agora.xtec.cat\/insdertosa\/wp-json\/wp\/v2\/categories?post=3972"},{"taxonomy":"post_tag","embeddable":true,"href":"https:\/\/agora.xtec.cat\/insdertosa\/wp-json\/wp\/v2\/tags?post=3972"}],"curies":[{"name":"wp","href":"https:\/\/api.w.org\/{rel}","templated":true}]}}