{"id":3804,"date":"2017-02-15T19:13:39","date_gmt":"2017-02-15T18:13:39","guid":{"rendered":"http:\/\/agora.xtec.cat\/insdertosa\/?p=3804"},"modified":"2017-02-15T19:17:30","modified_gmt":"2017-02-15T18:17:30","slug":"signa-el-manifest-casa-nostra-casa-vostra","status":"publish","type":"post","link":"https:\/\/agora.xtec.cat\/insdertosa\/portada\/signa-el-manifest-casa-nostra-casa-vostra\/","title":{"rendered":"Signa el manifest | casa nostra casa vostra"},"content":{"rendered":"<h4>L&#8217;Institut Joaqu\u00edn Bau d\u00f3na suport a la campanya CASA NOSTRA | CASA VOSTRA<\/h4>\n<div><img loading=\"lazy\" decoding=\"async\" src=\"http:\/\/ampa.iesbau.net\/media\/public\/image\/casanostra-casa-vostra.jpg\" alt=\"\" width=\"300\" height=\"212\" align=\"left\" \/>Aquest dimarts 14, la majoria de centres educatius de Catalunya celebren una jornada de sensibilitzaci\u00f3 i den\u00fancia a favor dels refugiats i se solidaritzen amb la campanya \u201cCasa nostra Casa vostra, #volemacollir\u201c.L&#8217;Institut t\u00e9 previst fer diverses activitats per conscienciar l\u2019alumnat de l\u2019ajuda que necessiten els refugiats, per valors humanitaris i de llibertat:<\/p>\n<p><strong>Projecte educatiu\u00a0<\/strong><strong>conjunt\u00a0<\/strong><\/p>\n<p>Des del centre s&#8217;est\u00e0 treballant amb un projecte sobre els refugiats que fan l\u2019alumnat de batxillerat conjuntament amb els instituts d&#8217;Alcany\u00eds i de Vinar\u00f2s, que presentaran les seves iniciatives i resultats el proper maig amb la voluntat que tingui un gran ress\u00f2 a tota la comunitat educativa.<\/p>\n<p><strong>Activitats que es preveu dur a terme durant aquesta setmana:<\/strong><\/p>\n<p>&nbsp;<\/p>\n<\/div>\n<ul>\n<li>Durant la setmana, a les classes d&#8217;\u00e8tica, es far\u00e0 lectura del manifest de la campanya. Pensem que aix\u00f2 pot originar un debat molt interessant sobre la situaci\u00f3 de les persones que busquen refugi o una oportunitat en altres terres, fugint de situacions terribles.<\/li>\n<li>S&#8217;informar\u00e0 els alumnes sobre l&#8217;exist\u00e8ncia d&#8217;un web on es pot signar el manifest.<\/li>\n<li>Al claustre del dimarts 14 de febrer es proposar\u00e0 que al web del centre es pengi el manifest i l&#8217;enlla\u00e7 perqu\u00e8, qui vulgui, el pugui signar. Esperem que al claustre tamb\u00e9 es generi una reflexi\u00f3 sobre el tema, adhesions i propostes per treballar el tema.<\/li>\n<\/ul>\n<div>Des de l\u2019Ampa donem suport a totes les iniciatives que realitza el centre en aquest sentit i animem a tota la comunitat educativa, alumnes, mares i pares a solidaritzar-se amb la campanya \u201cCasa nostra, Casa vostra\u201d signant el manifest que posa l&#8217;organitzaci\u00f3 a disposici\u00f3 de tothom i, si podeu, a participar a la gran manifestaci\u00f3 en favor de l&#8217;acollida de persones refugiades i migrants prevista per a aquest dissabte dia 18 de febrer a les 16h, a la pla\u00e7a Urquinaona de Barcelona.<strong>Enlla\u00e7os relacionats:<\/strong><\/p>\n<p><strong>Llegir i signar el manifest<\/strong>:\u00a0<a href=\"http:\/\/www.casanostracasavostra.cat\/signaelmanifest\" target=\"_blank\">http:\/\/www.casanostracasavostra.cat\/signaelmanifest<\/a><\/p>\n<p><strong>Web de l&#8217;organitzaci\u00f3 de la campanya<\/strong>:\u00a0<a href=\"http:\/\/www.casanostracasavostra.cat\/\" target=\"_blank\">http:\/\/www.casanostracasavostra.cat\/<\/a><\/p>\n<\/div>\n<div><strong>V\u00eddeo promocional de la manifestaci\u00f3<\/strong>:\u00a0<a href=\"http:\/\/www.vilaweb.cat\/noticies\/casa-nostra-casa-vostre-convoca-una-manifestacio-a-barcelona-en-favor-de-les-persones-refugiades-i-migrants\/\" target=\"_blank\">http:\/\/www.vilaweb.cat\/noticies\/casa-nostra-casa-vostre-convoca-una-manifestacio-a-barcelona-en-favor-de-les-persones-refugiades-i-migrants\/<\/a><\/div>\n","protected":false},"excerpt":{"rendered":"<p>L&#8217;Institut Joaqu\u00edn Bau d\u00f3na suport a la campanya CASA NOSTRA | CASA VOSTRA Aquest dimarts 14, la majoria de centres educatius de Catalunya celebren una jornada de sensibilitzaci\u00f3 i den\u00fancia a favor dels refugiats i se solidaritzen amb la campanya \u201cCasa nostra Casa vostra, #volemacollir\u201c.L&#8217;Institut t\u00e9 previst fer diverses activitats per conscienciar l\u2019alumnat de l\u2019ajuda [&hellip;]<\/p>\n","protected":false},"author":1,"featured_media":3805,"comment_status":"open","ping_status":"open","sticky":false,"template":"","format":"standard","meta":{"_bbp_topic_count":0,"_bbp_reply_count":0,"_bbp_total_topic_count":0,"_bbp_total_reply_count":0,"_bbp_voice_count":0,"_bbp_anonymous_reply_count":0,"_bbp_topic_count_hidden":0,"_bbp_reply_count_hidden":0,"_bbp_forum_subforum_count":0,"site-sidebar-layout":"default","site-content-layout":"","ast-site-content-layout":"","site-content-style":"default","site-sidebar-style":"default","ast-global-header-display":"","ast-banner-title-visibility":"","ast-main-header-display":"","ast-hfb-above-header-display":"","ast-hfb-below-header-display":"","ast-hfb-mobile-header-display":"","site-post-title":"","ast-breadcrumbs-content":"","ast-featured-img":"","footer-sml-layout":"","theme-transparent-header-meta":"","adv-header-id-meta":"","stick-header-meta":"","header-above-stick-meta":"","header-main-stick-meta":"","header-below-stick-meta":"","astra-migrate-meta-layouts":"default","ast-page-background-enabled":"default","ast-page-background-meta":{"desktop":{"background-color":"var(--ast-global-color-5)","background-image":"","background-repeat":"repeat","background-position":"center center","background-size":"auto","background-attachment":"scroll","background-type":"","background-media":"","overlay-type":"","overlay-color":"","overlay-opacity":"","overlay-gradient":""},"tablet":{"background-color":"","background-image":"","background-repeat":"repeat","background-position":"center center","background-size":"auto","background-attachment":"scroll","background-type":"","background-media":"","overlay-type":"","overlay-color":"","overlay-opacity":"","overlay-gradient":""},"mobile":{"background-color":"","background-image":"","background-repeat":"repeat","background-position":"center center","background-size":"auto","background-attachment":"scroll","background-type":"","background-media":"","overlay-type":"","overlay-color":"","overlay-opacity":"","overlay-gradient":""}},"ast-content-background-meta":{"desktop":{"background-color":"var(--ast-global-color-4)","background-image":"","background-repeat":"repeat","background-position":"center center","background-size":"auto","background-attachment":"scroll","background-type":"","background-media":"","overlay-type":"","overlay-color":"","overlay-opacity":"","overlay-gradient":""},"tablet":{"background-color":"var(--ast-global-color-4)","background-image":"","background-repeat":"repeat","background-position":"center center","background-size":"auto","background-attachment":"scroll","background-type":"","background-media":"","overlay-type":"","overlay-color":"","overlay-opacity":"","overlay-gradient":""},"mobile":{"background-color":"var(--ast-global-color-4)","background-image":"","background-repeat":"repeat","background-position":"center center","background-size":"auto","background-attachment":"scroll","background-type":"","background-media":"","overlay-type":"","overlay-color":"","overlay-opacity":"","overlay-gradient":""}},"footnotes":""},"categories":[85,31,81,80,29],"tags":[104],"class_list":["post-3804","post","type-post","status-publish","format-standard","has-post-thumbnail","hentry","category-activitats","category-ampa","category-centre","category-informacions_families","category-portada","tag-ampa-2"],"post_mailing_queue_ids":[],"_links":{"self":[{"href":"https:\/\/agora.xtec.cat\/insdertosa\/wp-json\/wp\/v2\/posts\/3804","targetHints":{"allow":["GET"]}}],"collection":[{"href":"https:\/\/agora.xtec.cat\/insdertosa\/wp-json\/wp\/v2\/posts"}],"about":[{"href":"https:\/\/agora.xtec.cat\/insdertosa\/wp-json\/wp\/v2\/types\/post"}],"author":[{"embeddable":true,"href":"https:\/\/agora.xtec.cat\/insdertosa\/wp-json\/wp\/v2\/users\/1"}],"replies":[{"embeddable":true,"href":"https:\/\/agora.xtec.cat\/insdertosa\/wp-json\/wp\/v2\/comments?post=3804"}],"version-history":[{"count":2,"href":"https:\/\/agora.xtec.cat\/insdertosa\/wp-json\/wp\/v2\/posts\/3804\/revisions"}],"predecessor-version":[{"id":3807,"href":"https:\/\/agora.xtec.cat\/insdertosa\/wp-json\/wp\/v2\/posts\/3804\/revisions\/3807"}],"wp:featuredmedia":[{"embeddable":true,"href":"https:\/\/agora.xtec.cat\/insdertosa\/wp-json\/wp\/v2\/media\/3805"}],"wp:attachment":[{"href":"https:\/\/agora.xtec.cat\/insdertosa\/wp-json\/wp\/v2\/media?parent=3804"}],"wp:term":[{"taxonomy":"category","embeddable":true,"href":"https:\/\/agora.xtec.cat\/insdertosa\/wp-json\/wp\/v2\/categories?post=3804"},{"taxonomy":"post_tag","embeddable":true,"href":"https:\/\/agora.xtec.cat\/insdertosa\/wp-json\/wp\/v2\/tags?post=3804"}],"curies":[{"name":"wp","href":"https:\/\/api.w.org\/{rel}","templated":true}]}}