{"id":3690,"date":"2017-02-02T15:08:41","date_gmt":"2017-02-02T14:08:41","guid":{"rendered":"http:\/\/agora.xtec.cat\/insdertosa\/?p=3690"},"modified":"2017-02-02T15:08:41","modified_gmt":"2017-02-02T14:08:41","slug":"visita-de-les-exalumnes-rita-prieto-i-laia-vicient","status":"publish","type":"post","link":"https:\/\/agora.xtec.cat\/insdertosa\/portada\/visita-de-les-exalumnes-rita-prieto-i-laia-vicient\/","title":{"rendered":"Visita de les exalumnes Rita Prieto i Laia Vicient"},"content":{"rendered":"<p>Les exalumnes Rita Prieto i Laia Vicient van realitzar una xerrada sobre els seus estudis actuals a Llotja als alumnes de la tutoria de 2n de batxillerat F, l&#8217;art\u00edstic. Van fer cinc c\u00e8ntims de la seua vida a la ciutat i, sobretot, del tipus d&#8217;ensenyament que ofereix la prestigiosa escola barcelonina. Van fer comparacions d&#8217;assignatures entre el batxillerat art\u00edstic i les que rebien actualment, aix\u00ed com van valorar molt positivament l&#8217;ensenyament rebut al nostre centre. V\u00e0rem poder gaudir d&#8217;una activitat didactica molt interessant.<\/p>\n<p><img loading=\"lazy\" decoding=\"async\" class=\"alignnone size-large wp-image-3691\" src=\"http:\/\/agora.xtec.cat\/insdertosa\/wp-content\/uploads\/usu144\/2017\/02\/IMG-20170202-WA0002-1024x768.jpg\" alt=\"img-20170202-wa0002\" width=\"1024\" height=\"768\" srcset=\"https:\/\/agora.xtec.cat\/insdertosa\/wp-content\/uploads\/usu144\/2017\/02\/IMG-20170202-WA0002-1024x768.jpg 1024w, https:\/\/agora.xtec.cat\/insdertosa\/wp-content\/uploads\/usu144\/2017\/02\/IMG-20170202-WA0002-300x225.jpg 300w, https:\/\/agora.xtec.cat\/insdertosa\/wp-content\/uploads\/usu144\/2017\/02\/IMG-20170202-WA0002-768x576.jpg 768w, https:\/\/agora.xtec.cat\/insdertosa\/wp-content\/uploads\/usu144\/2017\/02\/IMG-20170202-WA0002-200x150.jpg 200w, https:\/\/agora.xtec.cat\/insdertosa\/wp-content\/uploads\/usu144\/2017\/02\/IMG-20170202-WA0002.jpg 1288w\" sizes=\"auto, (max-width: 1024px) 100vw, 1024px\" \/><\/p>\n","protected":false},"excerpt":{"rendered":"<p>Les exalumnes Rita Prieto i Laia Vicient van realitzar una xerrada sobre els seus estudis actuals a Llotja als alumnes de la tutoria de 2n de batxillerat F, l&#8217;art\u00edstic. Van fer cinc c\u00e8ntims de la seua vida a la ciutat i, sobretot, del tipus d&#8217;ensenyament que ofereix la prestigiosa escola barcelonina. Van fer comparacions d&#8217;assignatures [&hellip;]<\/p>\n","protected":false},"author":1,"featured_media":3691,"comment_status":"open","ping_status":"open","sticky":false,"template":"","format":"standard","meta":{"_bbp_topic_count":0,"_bbp_reply_count":0,"_bbp_total_topic_count":0,"_bbp_total_reply_count":0,"_bbp_voice_count":0,"_bbp_anonymous_reply_count":0,"_bbp_topic_count_hidden":0,"_bbp_reply_count_hidden":0,"_bbp_forum_subforum_count":0,"site-sidebar-layout":"default","site-content-layout":"","ast-site-content-layout":"","site-content-style":"default","site-sidebar-style":"default","ast-global-header-display":"","ast-banner-title-visibility":"","ast-main-header-display":"","ast-hfb-above-header-display":"","ast-hfb-below-header-display":"","ast-hfb-mobile-header-display":"","site-post-title":"","ast-breadcrumbs-content":"","ast-featured-img":"","footer-sml-layout":"","theme-transparent-header-meta":"","adv-header-id-meta":"","stick-header-meta":"","header-above-stick-meta":"","header-main-stick-meta":"","header-below-stick-meta":"","astra-migrate-meta-layouts":"default","ast-page-background-enabled":"default","ast-page-background-meta":{"desktop":{"background-color":"var(--ast-global-color-5)","background-image":"","background-repeat":"repeat","background-position":"center center","background-size":"auto","background-attachment":"scroll","background-type":"","background-media":"","overlay-type":"","overlay-color":"","overlay-opacity":"","overlay-gradient":""},"tablet":{"background-color":"","background-image":"","background-repeat":"repeat","background-position":"center center","background-size":"auto","background-attachment":"scroll","background-type":"","background-media":"","overlay-type":"","overlay-color":"","overlay-opacity":"","overlay-gradient":""},"mobile":{"background-color":"","background-image":"","background-repeat":"repeat","background-position":"center center","background-size":"auto","background-attachment":"scroll","background-type":"","background-media":"","overlay-type":"","overlay-color":"","overlay-opacity":"","overlay-gradient":""}},"ast-content-background-meta":{"desktop":{"background-color":"var(--ast-global-color-4)","background-image":"","background-repeat":"repeat","background-position":"center center","background-size":"auto","background-attachment":"scroll","background-type":"","background-media":"","overlay-type":"","overlay-color":"","overlay-opacity":"","overlay-gradient":""},"tablet":{"background-color":"var(--ast-global-color-4)","background-image":"","background-repeat":"repeat","background-position":"center center","background-size":"auto","background-attachment":"scroll","background-type":"","background-media":"","overlay-type":"","overlay-color":"","overlay-opacity":"","overlay-gradient":""},"mobile":{"background-color":"var(--ast-global-color-4)","background-image":"","background-repeat":"repeat","background-position":"center center","background-size":"auto","background-attachment":"scroll","background-type":"","background-media":"","overlay-type":"","overlay-color":"","overlay-opacity":"","overlay-gradient":""}},"footnotes":""},"categories":[85,29],"tags":[120,90],"class_list":["post-3690","post","type-post","status-publish","format-standard","has-post-thumbnail","hentry","category-activitats","category-portada","tag-emigdi-subirats","tag-exalumnes"],"post_mailing_queue_ids":[],"_links":{"self":[{"href":"https:\/\/agora.xtec.cat\/insdertosa\/wp-json\/wp\/v2\/posts\/3690","targetHints":{"allow":["GET"]}}],"collection":[{"href":"https:\/\/agora.xtec.cat\/insdertosa\/wp-json\/wp\/v2\/posts"}],"about":[{"href":"https:\/\/agora.xtec.cat\/insdertosa\/wp-json\/wp\/v2\/types\/post"}],"author":[{"embeddable":true,"href":"https:\/\/agora.xtec.cat\/insdertosa\/wp-json\/wp\/v2\/users\/1"}],"replies":[{"embeddable":true,"href":"https:\/\/agora.xtec.cat\/insdertosa\/wp-json\/wp\/v2\/comments?post=3690"}],"version-history":[{"count":1,"href":"https:\/\/agora.xtec.cat\/insdertosa\/wp-json\/wp\/v2\/posts\/3690\/revisions"}],"predecessor-version":[{"id":3692,"href":"https:\/\/agora.xtec.cat\/insdertosa\/wp-json\/wp\/v2\/posts\/3690\/revisions\/3692"}],"wp:featuredmedia":[{"embeddable":true,"href":"https:\/\/agora.xtec.cat\/insdertosa\/wp-json\/wp\/v2\/media\/3691"}],"wp:attachment":[{"href":"https:\/\/agora.xtec.cat\/insdertosa\/wp-json\/wp\/v2\/media?parent=3690"}],"wp:term":[{"taxonomy":"category","embeddable":true,"href":"https:\/\/agora.xtec.cat\/insdertosa\/wp-json\/wp\/v2\/categories?post=3690"},{"taxonomy":"post_tag","embeddable":true,"href":"https:\/\/agora.xtec.cat\/insdertosa\/wp-json\/wp\/v2\/tags?post=3690"}],"curies":[{"name":"wp","href":"https:\/\/api.w.org\/{rel}","templated":true}]}}