{"id":3563,"date":"2016-12-20T08:44:48","date_gmt":"2016-12-20T07:44:48","guid":{"rendered":"http:\/\/agora.xtec.cat\/insdertosa\/?p=3563"},"modified":"2016-12-20T08:44:48","modified_gmt":"2016-12-20T07:44:48","slug":"de-capcalera-a-la-biblioteca-manuel-perez-bonfill-de-campredo","status":"publish","type":"post","link":"https:\/\/agora.xtec.cat\/insdertosa\/batxillerat\/de-capcalera-a-la-biblioteca-manuel-perez-bonfill-de-campredo\/","title":{"rendered":"&#8220;De cap\u00e7alera&#8221; a la biblioteca Manuel P\u00e9rez Bonfill de Campred\u00f3"},"content":{"rendered":"<p>El passat divendres 16 de desembre es va realitzar l&#8217;acte &#8220;De cap\u00e7alera&#8221; a la biblioteca Manuel P\u00e9rez Bonfill de Campred\u00f3, per tal de nomenar Emigdi Subirats, professor del Departament de lleng\u00fces estrangeres del nostre centre, com a Escriptor de Cap\u00e7alera. Durant aquest acte es va inaugurar l&#8217;exposici\u00f3 fotogr\u00e0fica &#8220;Palmira, el tresor perdut de Zen\u00f2bia&#8221;, d&#8217;Hilari Mu\u00f1oz, professor del Departament de Geografia i hist\u00f2ria de l&#8217;institut, sobre les hist\u00f2riques ru\u00efnes sirianes, ara en perill constant. Els textos de les fotografies s\u00f3n de la bibliotec\u00e0ria Irene Prades i la traducci\u00f3 a l&#8217;angl\u00e8s d&#8217;Emigdi Subirats. Per cloure l&#8217;acte, un grup d&#8217;alumnes del batxillerat art\u00edstic van interpretar diverses peces. Concretament foren: Nerea S\u00e1nchez, Enric S\u00f2ria, Judith Foz, de 2n Batxillerat F, Joao Ferrao de 2n Batxillerat E, i Gen\u00eds de Santa B\u00e0rbara. Cal agrair la col\u00b7laboraci\u00f3 del departament de m\u00fasica que va cedir la bateria per a poder realitzar l&#8217;actuaci\u00f3.<\/p>\n<p>&nbsp;<\/p>\n","protected":false},"excerpt":{"rendered":"<p>El passat divendres 16 de desembre es va realitzar l&#8217;acte &#8220;De cap\u00e7alera&#8221; a la biblioteca Manuel P\u00e9rez Bonfill de Campred\u00f3, per tal de nomenar Emigdi Subirats, professor del Departament de lleng\u00fces estrangeres del nostre centre, com a Escriptor de Cap\u00e7alera. Durant aquest acte es va inaugurar l&#8217;exposici\u00f3 fotogr\u00e0fica &#8220;Palmira, el tresor perdut de Zen\u00f2bia&#8221;, d&#8217;Hilari [&hellip;]<\/p>\n","protected":false},"author":1,"featured_media":3564,"comment_status":"open","ping_status":"open","sticky":false,"template":"","format":"standard","meta":{"_bbp_topic_count":0,"_bbp_reply_count":0,"_bbp_total_topic_count":0,"_bbp_total_reply_count":0,"_bbp_voice_count":0,"_bbp_anonymous_reply_count":0,"_bbp_topic_count_hidden":0,"_bbp_reply_count_hidden":0,"_bbp_forum_subforum_count":0,"site-sidebar-layout":"default","site-content-layout":"","ast-site-content-layout":"","site-content-style":"default","site-sidebar-style":"default","ast-global-header-display":"","ast-banner-title-visibility":"","ast-main-header-display":"","ast-hfb-above-header-display":"","ast-hfb-below-header-display":"","ast-hfb-mobile-header-display":"","site-post-title":"","ast-breadcrumbs-content":"","ast-featured-img":"","footer-sml-layout":"","theme-transparent-header-meta":"","adv-header-id-meta":"","stick-header-meta":"","header-above-stick-meta":"","header-main-stick-meta":"","header-below-stick-meta":"","astra-migrate-meta-layouts":"default","ast-page-background-enabled":"default","ast-page-background-meta":{"desktop":{"background-color":"var(--ast-global-color-5)","background-image":"","background-repeat":"repeat","background-position":"center center","background-size":"auto","background-attachment":"scroll","background-type":"","background-media":"","overlay-type":"","overlay-color":"","overlay-opacity":"","overlay-gradient":""},"tablet":{"background-color":"","background-image":"","background-repeat":"repeat","background-position":"center center","background-size":"auto","background-attachment":"scroll","background-type":"","background-media":"","overlay-type":"","overlay-color":"","overlay-opacity":"","overlay-gradient":""},"mobile":{"background-color":"","background-image":"","background-repeat":"repeat","background-position":"center center","background-size":"auto","background-attachment":"scroll","background-type":"","background-media":"","overlay-type":"","overlay-color":"","overlay-opacity":"","overlay-gradient":""}},"ast-content-background-meta":{"desktop":{"background-color":"var(--ast-global-color-4)","background-image":"","background-repeat":"repeat","background-position":"center center","background-size":"auto","background-attachment":"scroll","background-type":"","background-media":"","overlay-type":"","overlay-color":"","overlay-opacity":"","overlay-gradient":""},"tablet":{"background-color":"var(--ast-global-color-4)","background-image":"","background-repeat":"repeat","background-position":"center center","background-size":"auto","background-attachment":"scroll","background-type":"","background-media":"","overlay-type":"","overlay-color":"","overlay-opacity":"","overlay-gradient":""},"mobile":{"background-color":"var(--ast-global-color-4)","background-image":"","background-repeat":"repeat","background-position":"center center","background-size":"auto","background-attachment":"scroll","background-type":"","background-media":"","overlay-type":"","overlay-color":"","overlay-opacity":"","overlay-gradient":""}},"footnotes":""},"categories":[85,72,8,29,191],"tags":[170,120,178],"class_list":["post-3563","post","type-post","status-publish","format-standard","has-post-thumbnail","hentry","category-activitats","category-artesesceniques","category-batxillerat","category-portada","category-professorat","tag-batxillerat-artistic","tag-emigdi-subirats","tag-hilari-munoz"],"post_mailing_queue_ids":[],"_links":{"self":[{"href":"https:\/\/agora.xtec.cat\/insdertosa\/wp-json\/wp\/v2\/posts\/3563","targetHints":{"allow":["GET"]}}],"collection":[{"href":"https:\/\/agora.xtec.cat\/insdertosa\/wp-json\/wp\/v2\/posts"}],"about":[{"href":"https:\/\/agora.xtec.cat\/insdertosa\/wp-json\/wp\/v2\/types\/post"}],"author":[{"embeddable":true,"href":"https:\/\/agora.xtec.cat\/insdertosa\/wp-json\/wp\/v2\/users\/1"}],"replies":[{"embeddable":true,"href":"https:\/\/agora.xtec.cat\/insdertosa\/wp-json\/wp\/v2\/comments?post=3563"}],"version-history":[{"count":1,"href":"https:\/\/agora.xtec.cat\/insdertosa\/wp-json\/wp\/v2\/posts\/3563\/revisions"}],"predecessor-version":[{"id":3565,"href":"https:\/\/agora.xtec.cat\/insdertosa\/wp-json\/wp\/v2\/posts\/3563\/revisions\/3565"}],"wp:featuredmedia":[{"embeddable":true,"href":"https:\/\/agora.xtec.cat\/insdertosa\/wp-json\/wp\/v2\/media\/3564"}],"wp:attachment":[{"href":"https:\/\/agora.xtec.cat\/insdertosa\/wp-json\/wp\/v2\/media?parent=3563"}],"wp:term":[{"taxonomy":"category","embeddable":true,"href":"https:\/\/agora.xtec.cat\/insdertosa\/wp-json\/wp\/v2\/categories?post=3563"},{"taxonomy":"post_tag","embeddable":true,"href":"https:\/\/agora.xtec.cat\/insdertosa\/wp-json\/wp\/v2\/tags?post=3563"}],"curies":[{"name":"wp","href":"https:\/\/api.w.org\/{rel}","templated":true}]}}