{"id":3534,"date":"2016-11-30T17:17:58","date_gmt":"2016-11-30T16:17:58","guid":{"rendered":"http:\/\/agora.xtec.cat\/insdertosa\/?p=3534"},"modified":"2016-11-30T17:17:58","modified_gmt":"2016-11-30T16:17:58","slug":"homenatge-al-linguista-joan-beltran","status":"publish","type":"post","link":"https:\/\/agora.xtec.cat\/insdertosa\/general\/homenatge-al-linguista-joan-beltran\/","title":{"rendered":"Homenatge al ling\u00fcista Joan Beltran"},"content":{"rendered":"<p>Dijous 24 de novembre es va celebrar un gran homenatge universitari a la figura del linguista tortos\u00ed Joan Salvador Beltran i Cavaller, membre de la secci\u00f3 filol\u00f2gica de l&#8217;Institut d&#8217;Estudis Catalans i Creu de Sant Jordi. Estava organitzat per les tres universitats amb seu a la ciutat: URV, UNED i UOC, i va tenier lloc a l&#8217;Aula Magna del Campus Terres de l&#8217;Ebre de la URV. Hi va intervenir Emigdi Subirats, professor del Departament de llengues estrangeres del nostre centre, qui en representaci\u00f3 d&#8217;\u00d2mnium Cultural de les Terres de l&#8217;Ebre, va parlar de la seva relaci\u00f3 personal amb l&#8217;homenatjat i de la import\u00e0ncia dels seus estudis sobre la varietat dialectal ebrenca del catal\u00e0. Posteriorment va recitar poemes d&#8217;autors procedents de tota la geografia dels Pa\u00efsos Catalans: Gerard Verg\u00e9s de Tortosa, Antoni Ciuffo de l&#8217;Alguer, Josep Sebasti\u00e0 Pon\u00e7 de Perpiny\u00e0, Marian Villarg\u00f3mez d&#8217;Eivissa, Salvador Espriu d&#8217;Arenys i Vicent Andr\u00e9s Estell\u00e9s de Burjassot. El va acompanyar a la guitarra durant la seva recitaci\u00f3 Joao Roberto Ferrao, alumne de 2n de batxillerat esc\u00e8nic del nostre centre. L&#8217;acte es va cloure amb una actuaci\u00f3 musical de 4 alumnes del batxillerat art\u00edstic igualment: Judith Fern\u00e1ndez, Nerea S\u00e1nchez, Joao Ferrao i Enric Soria que van interpretar <em>Nothing else matters <\/em>de Metallica. La participaci\u00f3 dels nostres alumnes del batxillerat art\u00edstic en actes literaris de la ciutat ja \u00e9s un cl\u00e0ssic.<\/p>\n<p><img loading=\"lazy\" decoding=\"async\" class=\"alignnone size-large wp-image-3535\" src=\"http:\/\/agora.xtec.cat\/insdertosa\/wp-content\/uploads\/usu144\/2016\/11\/IMG-20161127-WA0001-768x1024.jpg\" alt=\"img-20161127-wa0001\" width=\"768\" height=\"1024\" srcset=\"https:\/\/agora.xtec.cat\/insdertosa\/wp-content\/uploads\/usu144\/2016\/11\/IMG-20161127-WA0001-768x1024.jpg 768w, https:\/\/agora.xtec.cat\/insdertosa\/wp-content\/uploads\/usu144\/2016\/11\/IMG-20161127-WA0001-225x300.jpg 225w, https:\/\/agora.xtec.cat\/insdertosa\/wp-content\/uploads\/usu144\/2016\/11\/IMG-20161127-WA0001.jpg 966w\" sizes=\"auto, (max-width: 768px) 100vw, 768px\" \/><\/p>\n","protected":false},"excerpt":{"rendered":"<p>Dijous 24 de novembre es va celebrar un gran homenatge universitari a la figura del linguista tortos\u00ed Joan Salvador Beltran i Cavaller, membre de la secci\u00f3 filol\u00f2gica de l&#8217;Institut d&#8217;Estudis Catalans i Creu de Sant Jordi. Estava organitzat per les tres universitats amb seu a la ciutat: URV, UNED i UOC, i va tenier lloc [&hellip;]<\/p>\n","protected":false},"author":1,"featured_media":3535,"comment_status":"open","ping_status":"open","sticky":false,"template":"","format":"standard","meta":{"_bbp_topic_count":0,"_bbp_reply_count":0,"_bbp_total_topic_count":0,"_bbp_total_reply_count":0,"_bbp_voice_count":0,"_bbp_anonymous_reply_count":0,"_bbp_topic_count_hidden":0,"_bbp_reply_count_hidden":0,"_bbp_forum_subforum_count":0,"site-sidebar-layout":"default","site-content-layout":"","ast-site-content-layout":"","site-content-style":"default","site-sidebar-style":"default","ast-global-header-display":"","ast-banner-title-visibility":"","ast-main-header-display":"","ast-hfb-above-header-display":"","ast-hfb-below-header-display":"","ast-hfb-mobile-header-display":"","site-post-title":"","ast-breadcrumbs-content":"","ast-featured-img":"","footer-sml-layout":"","theme-transparent-header-meta":"","adv-header-id-meta":"","stick-header-meta":"","header-above-stick-meta":"","header-main-stick-meta":"","header-below-stick-meta":"","astra-migrate-meta-layouts":"default","ast-page-background-enabled":"default","ast-page-background-meta":{"desktop":{"background-color":"var(--ast-global-color-5)","background-image":"","background-repeat":"repeat","background-position":"center center","background-size":"auto","background-attachment":"scroll","background-type":"","background-media":"","overlay-type":"","overlay-color":"","overlay-opacity":"","overlay-gradient":""},"tablet":{"background-color":"","background-image":"","background-repeat":"repeat","background-position":"center center","background-size":"auto","background-attachment":"scroll","background-type":"","background-media":"","overlay-type":"","overlay-color":"","overlay-opacity":"","overlay-gradient":""},"mobile":{"background-color":"","background-image":"","background-repeat":"repeat","background-position":"center center","background-size":"auto","background-attachment":"scroll","background-type":"","background-media":"","overlay-type":"","overlay-color":"","overlay-opacity":"","overlay-gradient":""}},"ast-content-background-meta":{"desktop":{"background-color":"var(--ast-global-color-4)","background-image":"","background-repeat":"repeat","background-position":"center center","background-size":"auto","background-attachment":"scroll","background-type":"","background-media":"","overlay-type":"","overlay-color":"","overlay-opacity":"","overlay-gradient":""},"tablet":{"background-color":"var(--ast-global-color-4)","background-image":"","background-repeat":"repeat","background-position":"center center","background-size":"auto","background-attachment":"scroll","background-type":"","background-media":"","overlay-type":"","overlay-color":"","overlay-opacity":"","overlay-gradient":""},"mobile":{"background-color":"var(--ast-global-color-4)","background-image":"","background-repeat":"repeat","background-position":"center center","background-size":"auto","background-attachment":"scroll","background-type":"","background-media":"","overlay-type":"","overlay-color":"","overlay-opacity":"","overlay-gradient":""}},"footnotes":""},"categories":[85,81,1,29],"tags":[221,170,120],"class_list":["post-3534","post","type-post","status-publish","format-standard","has-post-thumbnail","hentry","category-activitats","category-centre","category-general","category-portada","tag-artistic","tag-batxillerat-artistic","tag-emigdi-subirats"],"post_mailing_queue_ids":[],"_links":{"self":[{"href":"https:\/\/agora.xtec.cat\/insdertosa\/wp-json\/wp\/v2\/posts\/3534","targetHints":{"allow":["GET"]}}],"collection":[{"href":"https:\/\/agora.xtec.cat\/insdertosa\/wp-json\/wp\/v2\/posts"}],"about":[{"href":"https:\/\/agora.xtec.cat\/insdertosa\/wp-json\/wp\/v2\/types\/post"}],"author":[{"embeddable":true,"href":"https:\/\/agora.xtec.cat\/insdertosa\/wp-json\/wp\/v2\/users\/1"}],"replies":[{"embeddable":true,"href":"https:\/\/agora.xtec.cat\/insdertosa\/wp-json\/wp\/v2\/comments?post=3534"}],"version-history":[{"count":1,"href":"https:\/\/agora.xtec.cat\/insdertosa\/wp-json\/wp\/v2\/posts\/3534\/revisions"}],"predecessor-version":[{"id":3536,"href":"https:\/\/agora.xtec.cat\/insdertosa\/wp-json\/wp\/v2\/posts\/3534\/revisions\/3536"}],"wp:featuredmedia":[{"embeddable":true,"href":"https:\/\/agora.xtec.cat\/insdertosa\/wp-json\/wp\/v2\/media\/3535"}],"wp:attachment":[{"href":"https:\/\/agora.xtec.cat\/insdertosa\/wp-json\/wp\/v2\/media?parent=3534"}],"wp:term":[{"taxonomy":"category","embeddable":true,"href":"https:\/\/agora.xtec.cat\/insdertosa\/wp-json\/wp\/v2\/categories?post=3534"},{"taxonomy":"post_tag","embeddable":true,"href":"https:\/\/agora.xtec.cat\/insdertosa\/wp-json\/wp\/v2\/tags?post=3534"}],"curies":[{"name":"wp","href":"https:\/\/api.w.org\/{rel}","templated":true}]}}