{"id":3505,"date":"2016-11-15T23:06:32","date_gmt":"2016-11-15T22:06:32","guid":{"rendered":"http:\/\/agora.xtec.cat\/insdertosa\/?p=3505"},"modified":"2016-11-16T16:53:54","modified_gmt":"2016-11-16T15:53:54","slug":"un-homenot-nostrat-ricardo-gascon","status":"publish","type":"post","link":"https:\/\/agora.xtec.cat\/insdertosa\/portada\/un-homenot-nostrat-ricardo-gascon\/","title":{"rendered":"UN HOMENOT NOSTRAT, RICARDO GASC\u00d3N"},"content":{"rendered":"<p>Tantes vegades com tinc l\u2019oportunitat, acostumo a escriure un missatge en positiu sobre l\u2019\u00e0mbit de l\u2019ensenyament. Si quelcom no ens ajuda gens ni mica \u00e9s justament el fet de recrear-nos en els nostres mals end\u00e8mics, alhora que fem caure la responsabilitat de tots els mals del nostre sistema educatiu damunt de la Conselleria d\u2019Ensenyament. De fet,\u00a0 ning\u00fa no es veu la gepa pr\u00f2pia! La burocr\u00e0cia administrativa o la desmotivaci\u00f3 d\u2019una part significativa del professorat conviuen amb l\u2019elaboraci\u00f3 d\u2019iniciatives de primer nivell que permeten il\u00b7lusionar-nos i creure en nosaltres mateixos i en la nostra tasca a realitzar. En tots els nostres centres educatius es pot treballar bra\u00e7 a bra\u00e7 amb molts membres de la comunitat educativa que s\u2019hi dediquen al cent per cent i aconsegueixen uns fruits extraordin\u00e0riament positius. Aquesta \u00e9s la bandera a onejar!<\/p>\n<p>Durant els darrers anys he tingut una estreta col\u00b7laboraci\u00f3, i he entaulat una molt bona amistat, amb un veritable homenot de la nostra vida educativa, Ricardo Gasc\u00f3n. I no li dic homenot per la seua al\u00e7ada f\u00edsica, sin\u00f3 per la magn\u00edfica feina realitzada i l\u2019alta motivaci\u00f3 que ha demostrat tostemps. L\u2019amic Ricardo ha estat vinculat al m\u00f3n de les associacions de mares i pares durant molts anys: primerament, a l\u2019escola de prim\u00e0ria de Ferreries on cursaven els estudis els seus dos fills bessons, Cinta i Ferran, i posteriorment a l\u2019institut Joaquim Bau, nom que no ens fa sentir orgullosos a uns quants educadors precisament.<\/p>\n<p>Des de la presid\u00e8ncia de l\u2019AMPA durant els darrers anys va encap\u00e7alar innombrables activitats de caire cultural i literari, a red\u00f3s de tot un programa d\u2019actuaci\u00f3 que tenia com a marc preferent la millora significativa de les instal\u00b7lacions del centre, com l\u2019adequaci\u00f3 de l\u2019aula de m\u00fasica\u00a0 \u00a0o la renovaci\u00f3 dels aparells inform\u00e0tics. \u00a0La seua tasca incansable, imaginativa i efica\u00e7 ens permet gaudir de nous equipaments que s\u00f3n l\u2019orgull del centre. Evidentment que no estava sol i va realitzar la tasca al costat d\u2019un equip magn\u00edfic de pares i mares que van seguir les seues petjades, per\u00f2 com diu el nostre amic com\u00fa, el professor intel\u00b7lectual Manel Oll\u00e9: aquest xic val molt i ha fet molt.<\/p>\n<p>La implicaci\u00f3 dels progenitors al model educatiu s\u2019ha incrementat for\u00e7a darrerament, per\u00f2 en el cas de Ricardo ens trobem amb un cas excepcional. La seua dedicaci\u00f3 el portava a visitar el centre dia s\u00ed dia tamb\u00e9, fet que el va convertir gaireb\u00e9 en un membre m\u00e9s del claustre. Bona part del seu pensament estava dedicat a la millora estructural de l\u2019institut i, molt especialment, la seua dinamitzaci\u00f3. Va tenir una estreta relaci\u00f3 amb el professorat del departament de cuina amb els quals va treballar tothora, car creia i creu fermament en la potencialitat de l\u2019Escola de cuina de les Terres de l\u2019Ebre. I aquesta frase m\u2019agradaria repetir-la un i un altre cop! L\u2019altra de les seues passions era el correcte desenvolupament del batxillerat art\u00edstic. Va saber valorar altament la feina extraordin\u00e0ria \u00a0de la professora de teatre Manolita Nadal, i de tot un alumnat que es distingeix per un talent espec\u00edfic, innat, que cal anar descobrint i valorant.<\/p>\n<p>Amb Ricardo hem tirat endavant un fastu\u00f3s homenatge a Manel Oll\u00e9, un dels professors emblema del centre; l\u2019any Manuel P\u00e9rez Bonfill, que homenatja tot un homenot de lletres i de l\u2019ensenyament; la festivitat de sant Jordi amb molta bona lletra a l\u2019institut, que ens ha perm\u00e8s treure a la llum varis llibres com: la meua traducci\u00f3 del poemari <em>Long play per una \u00e0nima trista<\/em> del poeta Gerard Verg\u00e9s i el darrer llibre narratiu de Manuel P\u00e9rez Bonfill,<em> La fira de sempre i altres narracions<\/em>.<\/p>\n<p>Ricardo \u00e9s un enamorat de les lletres, un lector aguerrit i apassionat que recorda lectures i escriptors, viv\u00e8ncies i proverbis, i est\u00e0 sempre al dia de la vida cultural ebrenca. \u00c9s una persona, un pare, que creu en l\u2019educaci\u00f3 com a mitj\u00e0 de superar molts entrebancs, que s\u2019ha implicat en la formaci\u00f3 dels seus fills i demana a crits la potenciaci\u00f3 de l\u2019institut, la dinamitzaci\u00f3 d\u2019activitats culturals en horari extraescolar i l\u2019exterioritzaci\u00f3 de la vida estudiantil. Als espl\u00e8ndids actes de graduaci\u00f3 de l\u2019alumnat de 4t d\u2019ESO i 2n de batxillerat, se les apanyava per portar grans artistes i literats de la nostra terra, cosa que els converteix en un acte cultural de gran categoria. Aragon\u00e8s de naixement, un xic tossut doncs per sang!!!, reguerenc, culte i apassionat, ha realitzat una feina impagable i li hem de recon\u00e8ixer, at\u00e8s que \u00e9s de ben nascuts dir les coses pel seu nom i valorar les coses tal com cal. Ricardo, \u00e9s un homenot de la comunitat educativa!<\/p>\n<p><strong>Emigdi Subirats i Sebasti\u00e0<\/strong><\/p>\n","protected":false},"excerpt":{"rendered":"<p>Tantes vegades com tinc l\u2019oportunitat, acostumo a escriure un missatge en positiu sobre l\u2019\u00e0mbit de l\u2019ensenyament. Si quelcom no ens ajuda gens ni mica \u00e9s justament el fet de recrear-nos en els nostres mals end\u00e8mics, alhora que fem caure la responsabilitat de tots els mals del nostre sistema educatiu damunt de la Conselleria d\u2019Ensenyament. De [&hellip;]<\/p>\n","protected":false},"author":1,"featured_media":3506,"comment_status":"open","ping_status":"open","sticky":false,"template":"","format":"standard","meta":{"_bbp_topic_count":0,"_bbp_reply_count":0,"_bbp_total_topic_count":0,"_bbp_total_reply_count":0,"_bbp_voice_count":0,"_bbp_anonymous_reply_count":0,"_bbp_topic_count_hidden":0,"_bbp_reply_count_hidden":0,"_bbp_forum_subforum_count":0,"site-sidebar-layout":"default","site-content-layout":"","ast-site-content-layout":"","site-content-style":"default","site-sidebar-style":"default","ast-global-header-display":"","ast-banner-title-visibility":"","ast-main-header-display":"","ast-hfb-above-header-display":"","ast-hfb-below-header-display":"","ast-hfb-mobile-header-display":"","site-post-title":"","ast-breadcrumbs-content":"","ast-featured-img":"","footer-sml-layout":"","theme-transparent-header-meta":"","adv-header-id-meta":"","stick-header-meta":"","header-above-stick-meta":"","header-main-stick-meta":"","header-below-stick-meta":"","astra-migrate-meta-layouts":"default","ast-page-background-enabled":"default","ast-page-background-meta":{"desktop":{"background-color":"var(--ast-global-color-5)","background-image":"","background-repeat":"repeat","background-position":"center center","background-size":"auto","background-attachment":"scroll","background-type":"","background-media":"","overlay-type":"","overlay-color":"","overlay-opacity":"","overlay-gradient":""},"tablet":{"background-color":"","background-image":"","background-repeat":"repeat","background-position":"center center","background-size":"auto","background-attachment":"scroll","background-type":"","background-media":"","overlay-type":"","overlay-color":"","overlay-opacity":"","overlay-gradient":""},"mobile":{"background-color":"","background-image":"","background-repeat":"repeat","background-position":"center center","background-size":"auto","background-attachment":"scroll","background-type":"","background-media":"","overlay-type":"","overlay-color":"","overlay-opacity":"","overlay-gradient":""}},"ast-content-background-meta":{"desktop":{"background-color":"var(--ast-global-color-4)","background-image":"","background-repeat":"repeat","background-position":"center center","background-size":"auto","background-attachment":"scroll","background-type":"","background-media":"","overlay-type":"","overlay-color":"","overlay-opacity":"","overlay-gradient":""},"tablet":{"background-color":"var(--ast-global-color-4)","background-image":"","background-repeat":"repeat","background-position":"center center","background-size":"auto","background-attachment":"scroll","background-type":"","background-media":"","overlay-type":"","overlay-color":"","overlay-opacity":"","overlay-gradient":""},"mobile":{"background-color":"var(--ast-global-color-4)","background-image":"","background-repeat":"repeat","background-position":"center center","background-size":"auto","background-attachment":"scroll","background-type":"","background-media":"","overlay-type":"","overlay-color":"","overlay-opacity":"","overlay-gradient":""}},"footnotes":""},"categories":[31,81,162,29],"tags":[175],"class_list":["post-3505","post","type-post","status-publish","format-standard","has-post-thumbnail","hentry","category-ampa","category-centre","category-families","category-portada","tag-subir"],"post_mailing_queue_ids":[],"_links":{"self":[{"href":"https:\/\/agora.xtec.cat\/insdertosa\/wp-json\/wp\/v2\/posts\/3505","targetHints":{"allow":["GET"]}}],"collection":[{"href":"https:\/\/agora.xtec.cat\/insdertosa\/wp-json\/wp\/v2\/posts"}],"about":[{"href":"https:\/\/agora.xtec.cat\/insdertosa\/wp-json\/wp\/v2\/types\/post"}],"author":[{"embeddable":true,"href":"https:\/\/agora.xtec.cat\/insdertosa\/wp-json\/wp\/v2\/users\/1"}],"replies":[{"embeddable":true,"href":"https:\/\/agora.xtec.cat\/insdertosa\/wp-json\/wp\/v2\/comments?post=3505"}],"version-history":[{"count":1,"href":"https:\/\/agora.xtec.cat\/insdertosa\/wp-json\/wp\/v2\/posts\/3505\/revisions"}],"predecessor-version":[{"id":3507,"href":"https:\/\/agora.xtec.cat\/insdertosa\/wp-json\/wp\/v2\/posts\/3505\/revisions\/3507"}],"wp:featuredmedia":[{"embeddable":true,"href":"https:\/\/agora.xtec.cat\/insdertosa\/wp-json\/wp\/v2\/media\/3506"}],"wp:attachment":[{"href":"https:\/\/agora.xtec.cat\/insdertosa\/wp-json\/wp\/v2\/media?parent=3505"}],"wp:term":[{"taxonomy":"category","embeddable":true,"href":"https:\/\/agora.xtec.cat\/insdertosa\/wp-json\/wp\/v2\/categories?post=3505"},{"taxonomy":"post_tag","embeddable":true,"href":"https:\/\/agora.xtec.cat\/insdertosa\/wp-json\/wp\/v2\/tags?post=3505"}],"curies":[{"name":"wp","href":"https:\/\/api.w.org\/{rel}","templated":true}]}}