{"id":3120,"date":"2016-05-08T10:50:55","date_gmt":"2016-05-08T09:50:55","guid":{"rendered":"http:\/\/agora.xtec.cat\/insdertosa\/?p=3120"},"modified":"2016-05-09T11:15:05","modified_gmt":"2016-05-09T10:15:05","slug":"marc-eixarch-distingit-al-youth-european-debate-a-tarragona","status":"publish","type":"post","link":"https:\/\/agora.xtec.cat\/insdertosa\/batxillerat\/marc-eixarch-distingit-al-youth-european-debate-a-tarragona\/","title":{"rendered":"Marc Eixarch, distingit al YOUTH EUROPEAN DEBATE a Tarragona"},"content":{"rendered":"<p>El passat dijous 5 de maig 9 alumnes de 1r de batxillerat van participar al Youth European Debate, organitzat per l&#8217;empresa Plastics Europe, en el marc d&#8217;un debat juvenil a nivell dels pa\u00efsos de la Uni\u00f3 Europea, a l&#8217;aula magna de la URV a Tarragona. Els alumnes participants van ser: Quim Melchor, Marc Eixarch, \u00c0lex Macabei, Kiril, Francesc Curto, Sergi Curto, Efren Carles, Ricard Alguer\u00f3 i Jordi Gisbert. Els va acompanyar el professor d&#8217;angl\u00e8s Emigdi Subirats, que els havia estat preparant durant les darreres setmanes. Van debatre en qualitat de capitans d&#8217;equip o com a Free speakers en un debat sobre el paper que juguen en l&#8217;economia actual els pl\u00e0stics i la ind\u00fastria petroqu\u00edmica. molt especialment la seua influ\u00e8ncia en el Camp de Tarragona i, conseg\u00fcentment, les Terres de l&#8217;Ebre. Va ser un debat apassionat, en llengua castellana, en el qual els xavals anaven prenent la paraula i argumentant d&#8217;una manera raonada i ben trenada. Van sortir a relleu aspectes favorables i contraris a aquest tipus d&#8217;ind\u00fastria, especialment important a la regi\u00f3 tarragonina. Podem parlar d&#8217;intervencions brillants dels nostres alumnes, que varen posar damunt la taula tot un argumentari de molt pes. Hem de felicitar molt especialment l&#8217;alumne Marc Eixarch, que va ser un dels sis joves distingits per la seua orat\u00f2ria i savoir faire en quedar en sis\u00e8 lloc. Els tres primers classificats participaran en un debat en llengua anglesa a Budapest, en la fase final del debat a nivell europeu. Creiem que ha estat una activitat molt profitosa per als nostres nou alumnes, que van gaudir d&#8217;un dia intens en qu\u00e8 comprovaren de primera m\u00e0 les seues habilitats orat\u00f2ries i la import\u00e0ncia de les argumentacions ordenades i raonades.<a href=\"http:\/\/agora.xtec.cat\/insdertosa\/wp-content\/uploads\/usu144\/2016\/05\/IMG-20160505-WA0003.jpg\"><img loading=\"lazy\" decoding=\"async\" class=\"alignnone size-large wp-image-3121\" src=\"http:\/\/agora.xtec.cat\/insdertosa\/wp-content\/uploads\/usu144\/2016\/05\/IMG-20160505-WA0003-1024x614.jpg\" alt=\"IMG-20160505-WA0003\" width=\"1024\" height=\"614\" srcset=\"https:\/\/agora.xtec.cat\/insdertosa\/wp-content\/uploads\/usu144\/2016\/05\/IMG-20160505-WA0003-1024x614.jpg 1024w, https:\/\/agora.xtec.cat\/insdertosa\/wp-content\/uploads\/usu144\/2016\/05\/IMG-20160505-WA0003-300x180.jpg 300w, https:\/\/agora.xtec.cat\/insdertosa\/wp-content\/uploads\/usu144\/2016\/05\/IMG-20160505-WA0003.jpg 1600w\" sizes=\"auto, (max-width: 1024px) 100vw, 1024px\" \/><\/a><\/p>\n<p><a href=\"http:\/\/agora.xtec.cat\/insdertosa\/wp-content\/uploads\/usu144\/2016\/05\/IMG-20160506-WA0000.jpg\"><img loading=\"lazy\" decoding=\"async\" class=\"alignnone size-large wp-image-3122\" src=\"http:\/\/agora.xtec.cat\/insdertosa\/wp-content\/uploads\/usu144\/2016\/05\/IMG-20160506-WA0000-1024x576.jpg\" alt=\"IMG-20160506-WA0000\" width=\"1024\" height=\"576\" srcset=\"https:\/\/agora.xtec.cat\/insdertosa\/wp-content\/uploads\/usu144\/2016\/05\/IMG-20160506-WA0000-1024x576.jpg 1024w, https:\/\/agora.xtec.cat\/insdertosa\/wp-content\/uploads\/usu144\/2016\/05\/IMG-20160506-WA0000-300x169.jpg 300w, https:\/\/agora.xtec.cat\/insdertosa\/wp-content\/uploads\/usu144\/2016\/05\/IMG-20160506-WA0000.jpg 1600w\" sizes=\"auto, (max-width: 1024px) 100vw, 1024px\" \/><\/a><\/p>\n<p><a href=\"http:\/\/agora.xtec.cat\/insdertosa\/wp-content\/uploads\/usu144\/2016\/05\/IMG-20160507-WA0000.jpg\"><img loading=\"lazy\" decoding=\"async\" class=\"alignnone size-large wp-image-3123\" src=\"http:\/\/agora.xtec.cat\/insdertosa\/wp-content\/uploads\/usu144\/2016\/05\/IMG-20160507-WA0000-1024x614.jpg\" alt=\"IMG-20160507-WA0000\" width=\"1024\" height=\"614\" srcset=\"https:\/\/agora.xtec.cat\/insdertosa\/wp-content\/uploads\/usu144\/2016\/05\/IMG-20160507-WA0000-1024x614.jpg 1024w, https:\/\/agora.xtec.cat\/insdertosa\/wp-content\/uploads\/usu144\/2016\/05\/IMG-20160507-WA0000-300x180.jpg 300w, https:\/\/agora.xtec.cat\/insdertosa\/wp-content\/uploads\/usu144\/2016\/05\/IMG-20160507-WA0000.jpg 1600w\" sizes=\"auto, (max-width: 1024px) 100vw, 1024px\" \/><\/a><\/p>\n<p><a href=\"http:\/\/agora.xtec.cat\/insdertosa\/wp-content\/uploads\/usu144\/2016\/05\/IMG-20160507-WA0001.jpg\"><img loading=\"lazy\" decoding=\"async\" class=\"alignnone size-large wp-image-3124\" src=\"http:\/\/agora.xtec.cat\/insdertosa\/wp-content\/uploads\/usu144\/2016\/05\/IMG-20160507-WA0001-1024x614.jpg\" alt=\"IMG-20160507-WA0001\" width=\"1024\" height=\"614\" srcset=\"https:\/\/agora.xtec.cat\/insdertosa\/wp-content\/uploads\/usu144\/2016\/05\/IMG-20160507-WA0001-1024x614.jpg 1024w, https:\/\/agora.xtec.cat\/insdertosa\/wp-content\/uploads\/usu144\/2016\/05\/IMG-20160507-WA0001-300x180.jpg 300w, https:\/\/agora.xtec.cat\/insdertosa\/wp-content\/uploads\/usu144\/2016\/05\/IMG-20160507-WA0001.jpg 1600w\" sizes=\"auto, (max-width: 1024px) 100vw, 1024px\" \/><\/a><\/p>\n","protected":false},"excerpt":{"rendered":"<p>El passat dijous 5 de maig 9 alumnes de 1r de batxillerat van participar al Youth European Debate, organitzat per l&#8217;empresa Plastics Europe, en el marc d&#8217;un debat juvenil a nivell dels pa\u00efsos de la Uni\u00f3 Europea, a l&#8217;aula magna de la URV a Tarragona. Els alumnes participants van ser: Quim Melchor, Marc Eixarch, \u00c0lex [&hellip;]<\/p>\n","protected":false},"author":1,"featured_media":3121,"comment_status":"open","ping_status":"open","sticky":false,"template":"","format":"standard","meta":{"_bbp_topic_count":0,"_bbp_reply_count":0,"_bbp_total_topic_count":0,"_bbp_total_reply_count":0,"_bbp_voice_count":0,"_bbp_anonymous_reply_count":0,"_bbp_topic_count_hidden":0,"_bbp_reply_count_hidden":0,"_bbp_forum_subforum_count":0,"site-sidebar-layout":"default","site-content-layout":"","ast-site-content-layout":"","site-content-style":"default","site-sidebar-style":"default","ast-global-header-display":"","ast-banner-title-visibility":"","ast-main-header-display":"","ast-hfb-above-header-display":"","ast-hfb-below-header-display":"","ast-hfb-mobile-header-display":"","site-post-title":"","ast-breadcrumbs-content":"","ast-featured-img":"","footer-sml-layout":"","theme-transparent-header-meta":"","adv-header-id-meta":"","stick-header-meta":"","header-above-stick-meta":"","header-main-stick-meta":"","header-below-stick-meta":"","astra-migrate-meta-layouts":"default","ast-page-background-enabled":"default","ast-page-background-meta":{"desktop":{"background-color":"var(--ast-global-color-5)","background-image":"","background-repeat":"repeat","background-position":"center center","background-size":"auto","background-attachment":"scroll","background-type":"","background-media":"","overlay-type":"","overlay-color":"","overlay-opacity":"","overlay-gradient":""},"tablet":{"background-color":"","background-image":"","background-repeat":"repeat","background-position":"center center","background-size":"auto","background-attachment":"scroll","background-type":"","background-media":"","overlay-type":"","overlay-color":"","overlay-opacity":"","overlay-gradient":""},"mobile":{"background-color":"","background-image":"","background-repeat":"repeat","background-position":"center center","background-size":"auto","background-attachment":"scroll","background-type":"","background-media":"","overlay-type":"","overlay-color":"","overlay-opacity":"","overlay-gradient":""}},"ast-content-background-meta":{"desktop":{"background-color":"var(--ast-global-color-4)","background-image":"","background-repeat":"repeat","background-position":"center center","background-size":"auto","background-attachment":"scroll","background-type":"","background-media":"","overlay-type":"","overlay-color":"","overlay-opacity":"","overlay-gradient":""},"tablet":{"background-color":"var(--ast-global-color-4)","background-image":"","background-repeat":"repeat","background-position":"center center","background-size":"auto","background-attachment":"scroll","background-type":"","background-media":"","overlay-type":"","overlay-color":"","overlay-opacity":"","overlay-gradient":""},"mobile":{"background-color":"var(--ast-global-color-4)","background-image":"","background-repeat":"repeat","background-position":"center center","background-size":"auto","background-attachment":"scroll","background-type":"","background-media":"","overlay-type":"","overlay-color":"","overlay-opacity":"","overlay-gradient":""}},"footnotes":""},"categories":[85,8,81,78,29,84,39],"tags":[120],"class_list":["post-3120","post","type-post","status-publish","format-standard","has-post-thumbnail","hentry","category-activitats","category-batxillerat","category-centre","category-estrangeres","category-portada","category-premis","category-sortides","tag-emigdi-subirats"],"post_mailing_queue_ids":[],"_links":{"self":[{"href":"https:\/\/agora.xtec.cat\/insdertosa\/wp-json\/wp\/v2\/posts\/3120","targetHints":{"allow":["GET"]}}],"collection":[{"href":"https:\/\/agora.xtec.cat\/insdertosa\/wp-json\/wp\/v2\/posts"}],"about":[{"href":"https:\/\/agora.xtec.cat\/insdertosa\/wp-json\/wp\/v2\/types\/post"}],"author":[{"embeddable":true,"href":"https:\/\/agora.xtec.cat\/insdertosa\/wp-json\/wp\/v2\/users\/1"}],"replies":[{"embeddable":true,"href":"https:\/\/agora.xtec.cat\/insdertosa\/wp-json\/wp\/v2\/comments?post=3120"}],"version-history":[{"count":1,"href":"https:\/\/agora.xtec.cat\/insdertosa\/wp-json\/wp\/v2\/posts\/3120\/revisions"}],"predecessor-version":[{"id":3125,"href":"https:\/\/agora.xtec.cat\/insdertosa\/wp-json\/wp\/v2\/posts\/3120\/revisions\/3125"}],"wp:featuredmedia":[{"embeddable":true,"href":"https:\/\/agora.xtec.cat\/insdertosa\/wp-json\/wp\/v2\/media\/3121"}],"wp:attachment":[{"href":"https:\/\/agora.xtec.cat\/insdertosa\/wp-json\/wp\/v2\/media?parent=3120"}],"wp:term":[{"taxonomy":"category","embeddable":true,"href":"https:\/\/agora.xtec.cat\/insdertosa\/wp-json\/wp\/v2\/categories?post=3120"},{"taxonomy":"post_tag","embeddable":true,"href":"https:\/\/agora.xtec.cat\/insdertosa\/wp-json\/wp\/v2\/tags?post=3120"}],"curies":[{"name":"wp","href":"https:\/\/api.w.org\/{rel}","templated":true}]}}