{"id":2714,"date":"2016-02-21T17:45:03","date_gmt":"2016-02-21T16:45:03","guid":{"rendered":"http:\/\/agora.xtec.cat\/insdertosa\/?p=2714"},"modified":"2016-02-22T13:14:36","modified_gmt":"2016-02-22T12:14:36","slug":"nayara-palazon-o-lart-imparable-duna-ballarina","status":"publish","type":"post","link":"https:\/\/agora.xtec.cat\/insdertosa\/batxillerat\/nayara-palazon-o-lart-imparable-duna-ballarina\/","title":{"rendered":"NAYARA PALAZ\u00d3N o l\u2019art imparable d\u2019una ballarina&#8230;"},"content":{"rendered":"<p>El passat dissabte dia 20,\u00a0 Nayara Palaz\u00f3n (alumna de 1r de batxillerat d\u2019arts esc\u00e8niques del nostre institut) i el seu germ\u00e0 Nassim van participar al programa de Telecinco GOT TALENT. Si vau tenir el plaer de poder veure-ho, estareu d\u2019acord que l\u2019art dels dos germans brillava tant com la for\u00e7a, l\u2019energia positiva i l\u2019empenta que desprenien en la seva actuaci\u00f3. Una interpretaci\u00f3 que vessava d\u2019emocions i encomanava el desig d\u2019aconseguir coses impossibles i despertava aquella ess\u00e8ncia tan bona que totes les persones tenim al cor&#8230;.<\/p>\n<p>Per\u00f2 la hist\u00f2ria de Nayara i Nassim no comen\u00e7ava divendres passat. Al darrera hi ha anys d\u2019entrenaments, d\u2019esfor\u00e7os, de lluita continuada i de la decisi\u00f3 irrevocable de voler seguir endavant sense deturar-se. En el campionat del m\u00f3n de Wheelchair Latin Combi, van competir amb 162 atletes representants de 25 pa\u00efsos. La majoria dels atletes eren molt m\u00e9s grans que ells i presentaven unes cadires de rodes espectaculars. Tot i aix\u00ed, van quedar cinquens del m\u00f3n. L&#8217;emoci\u00f3 i els nervis els van acompanyar als vuitens de final, els quarts de final, van arribar a semi finals, van passar a la final i van quedar cinquens. Tot aix\u00f2 els va comportar molt de goig, ja que era\u00a0 la primera vegada que van sortir d&#8217;Espanya per a aquest tipus de competicions.<\/p>\n<p>Quant al Campionat d&#8217;Espanya, han quedat primers dos anys consecutius, passant molts nervis perqu\u00e8 cada cop les parelles \u00a0mostren una preparaci\u00f3 m\u00e9s elevada i el repte va en augment.<\/p>\n<p>Tot i aix\u00ed, aquesta parella de ballarins no desisteixen i cada cop tenen m\u00e9s for\u00e7a i m\u00e9s energia.<\/p>\n<p>Nayara i Nassim!!! Moltes felicitats als dos!!!!! I endavant!!!!! Sempre endavant!!!!<\/p>\n<p><a href=\"http:\/\/agora.xtec.cat\/insdertosa\/wp-content\/uploads\/usu144\/2016\/02\/image1.jpg\"><img loading=\"lazy\" decoding=\"async\" class=\"alignnone  wp-image-2715\" src=\"http:\/\/agora.xtec.cat\/insdertosa\/wp-content\/uploads\/usu144\/2016\/02\/image1-1024x577.jpg\" alt=\"image1\" width=\"637\" height=\"359\" srcset=\"https:\/\/agora.xtec.cat\/insdertosa\/wp-content\/uploads\/usu144\/2016\/02\/image1-1024x577.jpg 1024w, https:\/\/agora.xtec.cat\/insdertosa\/wp-content\/uploads\/usu144\/2016\/02\/image1-300x169.jpg 300w\" sizes=\"auto, (max-width: 637px) 100vw, 637px\" \/><\/a> <a href=\"http:\/\/agora.xtec.cat\/insdertosa\/wp-content\/uploads\/usu144\/2016\/02\/image2.jpg\"><img loading=\"lazy\" decoding=\"async\" class=\"alignnone  wp-image-2716\" src=\"http:\/\/agora.xtec.cat\/insdertosa\/wp-content\/uploads\/usu144\/2016\/02\/image2-708x1024.jpg\" alt=\"image2\" width=\"247\" height=\"357\" srcset=\"https:\/\/agora.xtec.cat\/insdertosa\/wp-content\/uploads\/usu144\/2016\/02\/image2-708x1024.jpg 708w, https:\/\/agora.xtec.cat\/insdertosa\/wp-content\/uploads\/usu144\/2016\/02\/image2-207x300.jpg 207w, https:\/\/agora.xtec.cat\/insdertosa\/wp-content\/uploads\/usu144\/2016\/02\/image2.jpg 1711w\" sizes=\"auto, (max-width: 247px) 100vw, 247px\" \/><\/a><\/p>\n<div class=\"ast-oembed-container \" style=\"height: 100%;\"><iframe loading=\"lazy\" title=\"NAYARA PALAZ\u00d3N o l\u2019art imparable d\u2019una ballarina..\" width=\"500\" height=\"375\" src=\"https:\/\/www.youtube.com\/embed\/gwbDdyKCC_U?feature=oembed\" frameborder=\"0\" allow=\"accelerometer; autoplay; clipboard-write; encrypted-media; gyroscope; picture-in-picture; web-share\" referrerpolicy=\"strict-origin-when-cross-origin\" allowfullscreen><\/iframe><\/div>\n<div class=\"ast-oembed-container \" style=\"height: 100%;\"><iframe loading=\"lazy\" title=\"Nayara Palaz\u00f3n o l&#039;art imparable d&#039;una ballarina\" width=\"500\" height=\"281\" src=\"https:\/\/www.youtube.com\/embed\/WhiOcDIhR6Y?feature=oembed\" frameborder=\"0\" allow=\"accelerometer; autoplay; clipboard-write; encrypted-media; gyroscope; picture-in-picture; web-share\" referrerpolicy=\"strict-origin-when-cross-origin\" allowfullscreen><\/iframe><\/div>\n<p>&nbsp;<\/p>\n","protected":false},"excerpt":{"rendered":"<p>El passat dissabte dia 20,\u00a0 Nayara Palaz\u00f3n (alumna de 1r de batxillerat d\u2019arts esc\u00e8niques del nostre institut) i el seu germ\u00e0 Nassim van participar al programa de Telecinco GOT TALENT. Si vau tenir el plaer de poder veure-ho, estareu d\u2019acord que l\u2019art dels dos germans brillava tant com la for\u00e7a, l\u2019energia positiva i l\u2019empenta que [&hellip;]<\/p>\n","protected":false},"author":1,"featured_media":2718,"comment_status":"open","ping_status":"open","sticky":false,"template":"","format":"standard","meta":{"_bbp_topic_count":0,"_bbp_reply_count":0,"_bbp_total_topic_count":0,"_bbp_total_reply_count":0,"_bbp_voice_count":0,"_bbp_anonymous_reply_count":0,"_bbp_topic_count_hidden":0,"_bbp_reply_count_hidden":0,"_bbp_forum_subforum_count":0,"site-sidebar-layout":"default","site-content-layout":"","ast-site-content-layout":"","site-content-style":"default","site-sidebar-style":"default","ast-global-header-display":"","ast-banner-title-visibility":"","ast-main-header-display":"","ast-hfb-above-header-display":"","ast-hfb-below-header-display":"","ast-hfb-mobile-header-display":"","site-post-title":"","ast-breadcrumbs-content":"","ast-featured-img":"","footer-sml-layout":"","theme-transparent-header-meta":"","adv-header-id-meta":"","stick-header-meta":"","header-above-stick-meta":"","header-main-stick-meta":"","header-below-stick-meta":"","astra-migrate-meta-layouts":"default","ast-page-background-enabled":"default","ast-page-background-meta":{"desktop":{"background-color":"var(--ast-global-color-5)","background-image":"","background-repeat":"repeat","background-position":"center center","background-size":"auto","background-attachment":"scroll","background-type":"","background-media":"","overlay-type":"","overlay-color":"","overlay-opacity":"","overlay-gradient":""},"tablet":{"background-color":"","background-image":"","background-repeat":"repeat","background-position":"center center","background-size":"auto","background-attachment":"scroll","background-type":"","background-media":"","overlay-type":"","overlay-color":"","overlay-opacity":"","overlay-gradient":""},"mobile":{"background-color":"","background-image":"","background-repeat":"repeat","background-position":"center center","background-size":"auto","background-attachment":"scroll","background-type":"","background-media":"","overlay-type":"","overlay-color":"","overlay-opacity":"","overlay-gradient":""}},"ast-content-background-meta":{"desktop":{"background-color":"var(--ast-global-color-4)","background-image":"","background-repeat":"repeat","background-position":"center center","background-size":"auto","background-attachment":"scroll","background-type":"","background-media":"","overlay-type":"","overlay-color":"","overlay-opacity":"","overlay-gradient":""},"tablet":{"background-color":"var(--ast-global-color-4)","background-image":"","background-repeat":"repeat","background-position":"center center","background-size":"auto","background-attachment":"scroll","background-type":"","background-media":"","overlay-type":"","overlay-color":"","overlay-opacity":"","overlay-gradient":""},"mobile":{"background-color":"var(--ast-global-color-4)","background-image":"","background-repeat":"repeat","background-position":"center center","background-size":"auto","background-attachment":"scroll","background-type":"","background-media":"","overlay-type":"","overlay-color":"","overlay-opacity":"","overlay-gradient":""}},"footnotes":""},"categories":[85,72,8,29],"tags":[42,170],"class_list":["post-2714","post","type-post","status-publish","format-standard","has-post-thumbnail","hentry","category-activitats","category-artesesceniques","category-batxillerat","category-portada","tag-arts-esceniques","tag-batxillerat-artistic"],"post_mailing_queue_ids":[],"_links":{"self":[{"href":"https:\/\/agora.xtec.cat\/insdertosa\/wp-json\/wp\/v2\/posts\/2714","targetHints":{"allow":["GET"]}}],"collection":[{"href":"https:\/\/agora.xtec.cat\/insdertosa\/wp-json\/wp\/v2\/posts"}],"about":[{"href":"https:\/\/agora.xtec.cat\/insdertosa\/wp-json\/wp\/v2\/types\/post"}],"author":[{"embeddable":true,"href":"https:\/\/agora.xtec.cat\/insdertosa\/wp-json\/wp\/v2\/users\/1"}],"replies":[{"embeddable":true,"href":"https:\/\/agora.xtec.cat\/insdertosa\/wp-json\/wp\/v2\/comments?post=2714"}],"version-history":[{"count":3,"href":"https:\/\/agora.xtec.cat\/insdertosa\/wp-json\/wp\/v2\/posts\/2714\/revisions"}],"predecessor-version":[{"id":2720,"href":"https:\/\/agora.xtec.cat\/insdertosa\/wp-json\/wp\/v2\/posts\/2714\/revisions\/2720"}],"wp:featuredmedia":[{"embeddable":true,"href":"https:\/\/agora.xtec.cat\/insdertosa\/wp-json\/wp\/v2\/media\/2718"}],"wp:attachment":[{"href":"https:\/\/agora.xtec.cat\/insdertosa\/wp-json\/wp\/v2\/media?parent=2714"}],"wp:term":[{"taxonomy":"category","embeddable":true,"href":"https:\/\/agora.xtec.cat\/insdertosa\/wp-json\/wp\/v2\/categories?post=2714"},{"taxonomy":"post_tag","embeddable":true,"href":"https:\/\/agora.xtec.cat\/insdertosa\/wp-json\/wp\/v2\/tags?post=2714"}],"curies":[{"name":"wp","href":"https:\/\/api.w.org\/{rel}","templated":true}]}}