{"id":2665,"date":"2016-02-11T10:00:55","date_gmt":"2016-02-11T09:00:55","guid":{"rendered":"http:\/\/agora.xtec.cat\/insdertosa\/?p=2665"},"modified":"2016-02-13T14:03:20","modified_gmt":"2016-02-13T13:03:20","slug":"convocatoria-assemblea-general-ampa-17022016","status":"publish","type":"post","link":"https:\/\/agora.xtec.cat\/insdertosa\/portada\/convocatoria-assemblea-general-ampa-17022016\/","title":{"rendered":"Convocat\u00f2ria assemblea general AMPA 17\/02\/2016"},"content":{"rendered":"<h1><\/h1>\n<p><img loading=\"lazy\" decoding=\"async\" src=\"http:\/\/ampa.iesbau.net\/media\/public\/logo_ampa_250.jpg\" alt=\"\" width=\"250\" height=\"66\" align=\"left\" hspace=\"15\" \/>Us convoquem a l\u2019assemblea general ordin\u00e0ria de l\u2019AMPA de l\u2019Institut Joaqu\u00edn Bau, per al proper dia 17 de febrer (dimecres), a les 20 h (primera convocat\u00f2ria), i a les 20.15 h (segona convocat\u00f2ria), a la biblioteca del centre .<\/p>\n<p><strong>ORDRE DEL DIA<\/strong><br \/>\n1.- Lectura i aprovaci\u00f3, si s\u2019escau, de l\u2019acta de l\u2019assemblea general ordin\u00e0ria de data 27 de novembre de 2014<br \/>\n2.- Mem\u00f2ria de les actuacions realitzades per l\u2019AMPA durant el curs escolar 2014\/2015, i previsi\u00f3 per al curs 2015\/2016<br \/>\n3.- Estat de comptes del curs 2014\/2015<br \/>\n4.- Pressupost per al curs 2015\/2016<br \/>\n5.- Renovaci\u00f3 de la junta directiva<br \/>\n6.- Precs i preguntes<\/p>\n<p>Esperem la vostra assist\u00e8ncia.<br \/>\nJunta de l&#8217;AMPA<\/p>\n<div>\n<\/div>\n<div class=\"boxattachedfiles\"><b>Arxius adjunts<\/b><\/p>\n<table border=\"0\">\n<tbody>\n<tr>\n<td width=\"5%\"><a title=\"Desc\u00e0rrega arxiu adjunt\" href=\"http:\/\/ampa.iesbau.net\/media\/download.php?cfa=d116aba99ce1cedaba20156b52a03dff\" target=\"_blank\"><img decoding=\"async\" src=\"http:\/\/ampa.iesbau.net\/templates\/iesbau\/images\/doc_icons\/pdf.png\" alt=\"Adobe Acrobat Document\" \/><\/a><\/td>\n<td><a title=\"Desc\u00e0rrega arxiu adjunt\" href=\"http:\/\/ampa.iesbau.net\/media\/download.php?cfa=d116aba99ce1cedaba20156b52a03dff\" target=\"_blank\">Convocatoria ass general <\/a><b>(pdf 55 Kb)<\/b><\/td>\n<\/tr>\n<\/tbody>\n<\/table>\n<\/div>\n","protected":false},"excerpt":{"rendered":"<p>Us convoquem a l\u2019assemblea general ordin\u00e0ria de l\u2019AMPA de l\u2019Institut Joaqu\u00edn Bau, per al proper dia 17 de febrer (dimecres), a les 20 h (primera convocat\u00f2ria), i a les 20.15 h (segona convocat\u00f2ria), a la biblioteca del centre . ORDRE DEL DIA 1.- Lectura i aprovaci\u00f3, si s\u2019escau, de l\u2019acta de l\u2019assemblea general ordin\u00e0ria de [&hellip;]<\/p>\n","protected":false},"author":1,"featured_media":2666,"comment_status":"open","ping_status":"open","sticky":false,"template":"","format":"standard","meta":{"_bbp_topic_count":0,"_bbp_reply_count":0,"_bbp_total_topic_count":0,"_bbp_total_reply_count":0,"_bbp_voice_count":0,"_bbp_anonymous_reply_count":0,"_bbp_topic_count_hidden":0,"_bbp_reply_count_hidden":0,"_bbp_forum_subforum_count":0,"site-sidebar-layout":"default","site-content-layout":"","ast-site-content-layout":"","site-content-style":"default","site-sidebar-style":"default","ast-global-header-display":"","ast-banner-title-visibility":"","ast-main-header-display":"","ast-hfb-above-header-display":"","ast-hfb-below-header-display":"","ast-hfb-mobile-header-display":"","site-post-title":"","ast-breadcrumbs-content":"","ast-featured-img":"","footer-sml-layout":"","theme-transparent-header-meta":"","adv-header-id-meta":"","stick-header-meta":"","header-above-stick-meta":"","header-main-stick-meta":"","header-below-stick-meta":"","astra-migrate-meta-layouts":"default","ast-page-background-enabled":"default","ast-page-background-meta":{"desktop":{"background-color":"var(--ast-global-color-5)","background-image":"","background-repeat":"repeat","background-position":"center center","background-size":"auto","background-attachment":"scroll","background-type":"","background-media":"","overlay-type":"","overlay-color":"","overlay-opacity":"","overlay-gradient":""},"tablet":{"background-color":"","background-image":"","background-repeat":"repeat","background-position":"center center","background-size":"auto","background-attachment":"scroll","background-type":"","background-media":"","overlay-type":"","overlay-color":"","overlay-opacity":"","overlay-gradient":""},"mobile":{"background-color":"","background-image":"","background-repeat":"repeat","background-position":"center center","background-size":"auto","background-attachment":"scroll","background-type":"","background-media":"","overlay-type":"","overlay-color":"","overlay-opacity":"","overlay-gradient":""}},"ast-content-background-meta":{"desktop":{"background-color":"var(--ast-global-color-4)","background-image":"","background-repeat":"repeat","background-position":"center center","background-size":"auto","background-attachment":"scroll","background-type":"","background-media":"","overlay-type":"","overlay-color":"","overlay-opacity":"","overlay-gradient":""},"tablet":{"background-color":"var(--ast-global-color-4)","background-image":"","background-repeat":"repeat","background-position":"center center","background-size":"auto","background-attachment":"scroll","background-type":"","background-media":"","overlay-type":"","overlay-color":"","overlay-opacity":"","overlay-gradient":""},"mobile":{"background-color":"var(--ast-global-color-4)","background-image":"","background-repeat":"repeat","background-position":"center center","background-size":"auto","background-attachment":"scroll","background-type":"","background-media":"","overlay-type":"","overlay-color":"","overlay-opacity":"","overlay-gradient":""}},"footnotes":""},"categories":[31,80,29],"tags":[104],"class_list":["post-2665","post","type-post","status-publish","format-standard","has-post-thumbnail","hentry","category-ampa","category-informacions_families","category-portada","tag-ampa-2"],"post_mailing_queue_ids":[],"_links":{"self":[{"href":"https:\/\/agora.xtec.cat\/insdertosa\/wp-json\/wp\/v2\/posts\/2665","targetHints":{"allow":["GET"]}}],"collection":[{"href":"https:\/\/agora.xtec.cat\/insdertosa\/wp-json\/wp\/v2\/posts"}],"about":[{"href":"https:\/\/agora.xtec.cat\/insdertosa\/wp-json\/wp\/v2\/types\/post"}],"author":[{"embeddable":true,"href":"https:\/\/agora.xtec.cat\/insdertosa\/wp-json\/wp\/v2\/users\/1"}],"replies":[{"embeddable":true,"href":"https:\/\/agora.xtec.cat\/insdertosa\/wp-json\/wp\/v2\/comments?post=2665"}],"version-history":[{"count":1,"href":"https:\/\/agora.xtec.cat\/insdertosa\/wp-json\/wp\/v2\/posts\/2665\/revisions"}],"predecessor-version":[{"id":2667,"href":"https:\/\/agora.xtec.cat\/insdertosa\/wp-json\/wp\/v2\/posts\/2665\/revisions\/2667"}],"wp:featuredmedia":[{"embeddable":true,"href":"https:\/\/agora.xtec.cat\/insdertosa\/wp-json\/wp\/v2\/media\/2666"}],"wp:attachment":[{"href":"https:\/\/agora.xtec.cat\/insdertosa\/wp-json\/wp\/v2\/media?parent=2665"}],"wp:term":[{"taxonomy":"category","embeddable":true,"href":"https:\/\/agora.xtec.cat\/insdertosa\/wp-json\/wp\/v2\/categories?post=2665"},{"taxonomy":"post_tag","embeddable":true,"href":"https:\/\/agora.xtec.cat\/insdertosa\/wp-json\/wp\/v2\/tags?post=2665"}],"curies":[{"name":"wp","href":"https:\/\/api.w.org\/{rel}","templated":true}]}}