{"id":2356,"date":"2015-11-25T18:39:39","date_gmt":"2015-11-25T17:39:39","guid":{"rendered":"http:\/\/agora.xtec.cat\/insdertosa\/?p=2356"},"modified":"2015-11-25T18:47:28","modified_gmt":"2015-11-25T17:47:28","slug":"francesc-eiximenis-un-literat-poc-reconegut","status":"publish","type":"post","link":"https:\/\/agora.xtec.cat\/insdertosa\/batxillerat\/francesc-eiximenis-un-literat-poc-reconegut\/","title":{"rendered":"&#8220;Francesc Eiximenis, un literat poc reconegut&#8221;"},"content":{"rendered":"<p>Divendres 20 de novembres els alumnes de batxillerat de les literatures catalana, castellana i universal van assistir a la confer\u00e8ncia &#8220;Francesc Eiximenis, un literat poc reconegut&#8221; a c\u00e0rrec de Curt Wittlin. Va tenir lloc a l&#8217;aula magna del Campus de la URV a les Terres de l&#8217;Ebre. L&#8217;acte formava part de l&#8217;Any Manuel P\u00e9rez Bonfill, i tenia la intenci\u00f3 de donar un reconeixement acad\u00e8mic universitari al nostre professor que compleix noranta anys el 2016. Tamb\u00e9, era un acte literari a red\u00f3s de la celebraci\u00f3 de la Nit de Santa Ll\u00facia a Tortosa, la gran festa de les lletres Catalanes, que tindr\u00e0 lloc el proper 11 de desembre. Francesc Eiximenis \u00e9s un dels grans savis medievals del segle d&#8217;or de la llengua catalana, mentre que Curt Wittlin \u00e9s el seu gran estudi\u00f3s: natural de Basilea (Su\u00efssa) \u00e9s tota una emin\u00e8ncia dels estudis literaris medievals de la nostra llengua, natural de Basilea, actualment resideix a Tortosa.<\/p>\n<p><a href=\"http:\/\/agora.xtec.cat\/insdertosa\/wp-content\/uploads\/usu144\/2015\/11\/IMG-20151124-WA00051.jpg\"><img loading=\"lazy\" decoding=\"async\" class=\"alignnone size-full wp-image-2358\" src=\"http:\/\/agora.xtec.cat\/insdertosa\/wp-content\/uploads\/usu144\/2015\/11\/IMG-20151124-WA00051.jpg\" alt=\"IMG-20151124-WA0005\" width=\"480\" height=\"360\" srcset=\"https:\/\/agora.xtec.cat\/insdertosa\/wp-content\/uploads\/usu144\/2015\/11\/IMG-20151124-WA00051.jpg 480w, https:\/\/agora.xtec.cat\/insdertosa\/wp-content\/uploads\/usu144\/2015\/11\/IMG-20151124-WA00051-300x225.jpg 300w, https:\/\/agora.xtec.cat\/insdertosa\/wp-content\/uploads\/usu144\/2015\/11\/IMG-20151124-WA00051-200x150.jpg 200w\" sizes=\"auto, (max-width: 480px) 100vw, 480px\" \/><\/a><\/p>\n","protected":false},"excerpt":{"rendered":"<p>Divendres 20 de novembres els alumnes de batxillerat de les literatures catalana, castellana i universal van assistir a la confer\u00e8ncia &#8220;Francesc Eiximenis, un literat poc reconegut&#8221; a c\u00e0rrec de Curt Wittlin. Va tenir lloc a l&#8217;aula magna del Campus de la URV a les Terres de l&#8217;Ebre. L&#8217;acte formava part de l&#8217;Any Manuel P\u00e9rez Bonfill, [&hellip;]<\/p>\n","protected":false},"author":1,"featured_media":2357,"comment_status":"open","ping_status":"open","sticky":false,"template":"","format":"standard","meta":{"_bbp_topic_count":0,"_bbp_reply_count":0,"_bbp_total_topic_count":0,"_bbp_total_reply_count":0,"_bbp_voice_count":0,"_bbp_anonymous_reply_count":0,"_bbp_topic_count_hidden":0,"_bbp_reply_count_hidden":0,"_bbp_forum_subforum_count":0,"site-sidebar-layout":"default","site-content-layout":"","ast-site-content-layout":"","site-content-style":"default","site-sidebar-style":"default","ast-global-header-display":"","ast-banner-title-visibility":"","ast-main-header-display":"","ast-hfb-above-header-display":"","ast-hfb-below-header-display":"","ast-hfb-mobile-header-display":"","site-post-title":"","ast-breadcrumbs-content":"","ast-featured-img":"","footer-sml-layout":"","theme-transparent-header-meta":"","adv-header-id-meta":"","stick-header-meta":"","header-above-stick-meta":"","header-main-stick-meta":"","header-below-stick-meta":"","astra-migrate-meta-layouts":"default","ast-page-background-enabled":"default","ast-page-background-meta":{"desktop":{"background-color":"var(--ast-global-color-5)","background-image":"","background-repeat":"repeat","background-position":"center center","background-size":"auto","background-attachment":"scroll","background-type":"","background-media":"","overlay-type":"","overlay-color":"","overlay-opacity":"","overlay-gradient":""},"tablet":{"background-color":"","background-image":"","background-repeat":"repeat","background-position":"center center","background-size":"auto","background-attachment":"scroll","background-type":"","background-media":"","overlay-type":"","overlay-color":"","overlay-opacity":"","overlay-gradient":""},"mobile":{"background-color":"","background-image":"","background-repeat":"repeat","background-position":"center center","background-size":"auto","background-attachment":"scroll","background-type":"","background-media":"","overlay-type":"","overlay-color":"","overlay-opacity":"","overlay-gradient":""}},"ast-content-background-meta":{"desktop":{"background-color":"var(--ast-global-color-4)","background-image":"","background-repeat":"repeat","background-position":"center center","background-size":"auto","background-attachment":"scroll","background-type":"","background-media":"","overlay-type":"","overlay-color":"","overlay-opacity":"","overlay-gradient":""},"tablet":{"background-color":"var(--ast-global-color-4)","background-image":"","background-repeat":"repeat","background-position":"center center","background-size":"auto","background-attachment":"scroll","background-type":"","background-media":"","overlay-type":"","overlay-color":"","overlay-opacity":"","overlay-gradient":""},"mobile":{"background-color":"var(--ast-global-color-4)","background-image":"","background-repeat":"repeat","background-position":"center center","background-size":"auto","background-attachment":"scroll","background-type":"","background-media":"","overlay-type":"","overlay-color":"","overlay-opacity":"","overlay-gradient":""}},"footnotes":""},"categories":[8,29,39],"tags":[120],"class_list":["post-2356","post","type-post","status-publish","format-standard","has-post-thumbnail","hentry","category-batxillerat","category-portada","category-sortides","tag-emigdi-subirats"],"post_mailing_queue_ids":[],"_links":{"self":[{"href":"https:\/\/agora.xtec.cat\/insdertosa\/wp-json\/wp\/v2\/posts\/2356","targetHints":{"allow":["GET"]}}],"collection":[{"href":"https:\/\/agora.xtec.cat\/insdertosa\/wp-json\/wp\/v2\/posts"}],"about":[{"href":"https:\/\/agora.xtec.cat\/insdertosa\/wp-json\/wp\/v2\/types\/post"}],"author":[{"embeddable":true,"href":"https:\/\/agora.xtec.cat\/insdertosa\/wp-json\/wp\/v2\/users\/1"}],"replies":[{"embeddable":true,"href":"https:\/\/agora.xtec.cat\/insdertosa\/wp-json\/wp\/v2\/comments?post=2356"}],"version-history":[{"count":1,"href":"https:\/\/agora.xtec.cat\/insdertosa\/wp-json\/wp\/v2\/posts\/2356\/revisions"}],"predecessor-version":[{"id":2359,"href":"https:\/\/agora.xtec.cat\/insdertosa\/wp-json\/wp\/v2\/posts\/2356\/revisions\/2359"}],"wp:featuredmedia":[{"embeddable":true,"href":"https:\/\/agora.xtec.cat\/insdertosa\/wp-json\/wp\/v2\/media\/2357"}],"wp:attachment":[{"href":"https:\/\/agora.xtec.cat\/insdertosa\/wp-json\/wp\/v2\/media?parent=2356"}],"wp:term":[{"taxonomy":"category","embeddable":true,"href":"https:\/\/agora.xtec.cat\/insdertosa\/wp-json\/wp\/v2\/categories?post=2356"},{"taxonomy":"post_tag","embeddable":true,"href":"https:\/\/agora.xtec.cat\/insdertosa\/wp-json\/wp\/v2\/tags?post=2356"}],"curies":[{"name":"wp","href":"https:\/\/api.w.org\/{rel}","templated":true}]}}