{"id":2291,"date":"2015-11-06T23:28:05","date_gmt":"2015-11-06T22:28:05","guid":{"rendered":"http:\/\/agora.xtec.cat\/insdertosa\/?p=2291"},"modified":"2015-11-06T23:28:05","modified_gmt":"2015-11-06T22:28:05","slug":"recitacio-poetica-de-lobra-de-manuel-perez-bonfill","status":"publish","type":"post","link":"https:\/\/agora.xtec.cat\/insdertosa\/portada\/recitacio-poetica-de-lobra-de-manuel-perez-bonfill\/","title":{"rendered":"Recitaci\u00f3 po\u00e8tica de l&#8217;obra de Manuel P\u00e9rez Bonfill"},"content":{"rendered":"<p>Dijous 5 de novembre va tenir lloc l&#8217;acte de recitaci\u00f3 po\u00e8tica de l&#8217;obra de <strong>Manuel P\u00e9rez Bonfill<\/strong>, en el marc de la celebraci\u00f3 del seu norant\u00e8 aniversari. Es va celebrar al <strong>Forn de la Canonja<\/strong>, un local espl\u00e8ndid ideal per a aquest tipus d&#8217;acte literari, el qual es va omplir de gom a gom. Vam poder escoltar la salutaci\u00f3 del president d&#8217;\u00d2mnium Cultural a les Terres de l&#8217;Ebre, Josep Moragrega; la glosa sobre la figura de l&#8217;hist\u00f2ric literat i professor Manolo per part d&#8217;Emigdi Subirats; i les recitacions d&#8217;escriptors de les Terres de l&#8217;Ebre com Jes\u00fas M. Tibau, Llu\u00eds Mart\u00edn Santos, Rafael Haro i Manel Oll\u00e9. Tamb\u00e9 van intervenir en l&#8217;homenatge la regidora de cultura de Tortosa Dolors Queralt, el director de l&#8217;institut Joan Serra, el president de l&#8217;AMPA Ricardo Gascon, la directora de l&#8217;Antena Cultural de la URV N\u00faria Gil, la secret\u00e0ria del centre Montse Aleixendri, el director del centre de normalitzaci\u00f3 ling\u00fc\u00edstica a TE Jordi Duran, l&#8217;exprofessor del claustre de l&#8217;institut Octavi Iglesias, l&#8217;artista Ferran Vil\u00e0s i l&#8217;exdirector del centre Francesc Lahosa. L&#8217;alumne \u00d2scar Ologaray va acompanyar Emigdi Subirats al viol\u00ed en la seua recitaci\u00f3 po\u00e8tica.<\/p>\n<p><a href=\"http:\/\/agora.xtec.cat\/insdertosa\/wp-content\/uploads\/usu144\/2015\/11\/IMG-20151106-WA0001.jpg\"><img loading=\"lazy\" decoding=\"async\" class=\"alignnone size-full wp-image-2292\" src=\"http:\/\/agora.xtec.cat\/insdertosa\/wp-content\/uploads\/usu144\/2015\/11\/IMG-20151106-WA0001.jpg\" alt=\"IMG-20151106-WA0001\" width=\"480\" height=\"360\" \/><\/a><\/p>\n","protected":false},"excerpt":{"rendered":"<p>Dijous 5 de novembre va tenir lloc l&#8217;acte de recitaci\u00f3 po\u00e8tica de l&#8217;obra de Manuel P\u00e9rez Bonfill, en el marc de la celebraci\u00f3 del seu norant\u00e8 aniversari. Es va celebrar al Forn de la Canonja, un local espl\u00e8ndid ideal per a aquest tipus d&#8217;acte literari, el qual es va omplir de gom a gom. Vam [&hellip;]<\/p>\n","protected":false},"author":1,"featured_media":2292,"comment_status":"open","ping_status":"open","sticky":false,"template":"","format":"standard","meta":{"_bbp_topic_count":0,"_bbp_reply_count":0,"_bbp_total_topic_count":0,"_bbp_total_reply_count":0,"_bbp_voice_count":0,"_bbp_anonymous_reply_count":0,"_bbp_topic_count_hidden":0,"_bbp_reply_count_hidden":0,"_bbp_forum_subforum_count":0,"site-sidebar-layout":"default","site-content-layout":"","ast-site-content-layout":"","site-content-style":"default","site-sidebar-style":"default","ast-global-header-display":"","ast-banner-title-visibility":"","ast-main-header-display":"","ast-hfb-above-header-display":"","ast-hfb-below-header-display":"","ast-hfb-mobile-header-display":"","site-post-title":"","ast-breadcrumbs-content":"","ast-featured-img":"","footer-sml-layout":"","theme-transparent-header-meta":"","adv-header-id-meta":"","stick-header-meta":"","header-above-stick-meta":"","header-main-stick-meta":"","header-below-stick-meta":"","astra-migrate-meta-layouts":"default","ast-page-background-enabled":"default","ast-page-background-meta":{"desktop":{"background-color":"var(--ast-global-color-5)","background-image":"","background-repeat":"repeat","background-position":"center center","background-size":"auto","background-attachment":"scroll","background-type":"","background-media":"","overlay-type":"","overlay-color":"","overlay-opacity":"","overlay-gradient":""},"tablet":{"background-color":"","background-image":"","background-repeat":"repeat","background-position":"center center","background-size":"auto","background-attachment":"scroll","background-type":"","background-media":"","overlay-type":"","overlay-color":"","overlay-opacity":"","overlay-gradient":""},"mobile":{"background-color":"","background-image":"","background-repeat":"repeat","background-position":"center center","background-size":"auto","background-attachment":"scroll","background-type":"","background-media":"","overlay-type":"","overlay-color":"","overlay-opacity":"","overlay-gradient":""}},"ast-content-background-meta":{"desktop":{"background-color":"var(--ast-global-color-4)","background-image":"","background-repeat":"repeat","background-position":"center center","background-size":"auto","background-attachment":"scroll","background-type":"","background-media":"","overlay-type":"","overlay-color":"","overlay-opacity":"","overlay-gradient":""},"tablet":{"background-color":"var(--ast-global-color-4)","background-image":"","background-repeat":"repeat","background-position":"center center","background-size":"auto","background-attachment":"scroll","background-type":"","background-media":"","overlay-type":"","overlay-color":"","overlay-opacity":"","overlay-gradient":""},"mobile":{"background-color":"var(--ast-global-color-4)","background-image":"","background-repeat":"repeat","background-position":"center center","background-size":"auto","background-attachment":"scroll","background-type":"","background-media":"","overlay-type":"","overlay-color":"","overlay-opacity":"","overlay-gradient":""}},"footnotes":""},"categories":[85,31,29,191],"tags":[120,146],"class_list":["post-2291","post","type-post","status-publish","format-standard","has-post-thumbnail","hentry","category-activitats","category-ampa","category-portada","category-professorat","tag-emigdi-subirats","tag-manuel-perez-bonfill"],"post_mailing_queue_ids":[],"_links":{"self":[{"href":"https:\/\/agora.xtec.cat\/insdertosa\/wp-json\/wp\/v2\/posts\/2291","targetHints":{"allow":["GET"]}}],"collection":[{"href":"https:\/\/agora.xtec.cat\/insdertosa\/wp-json\/wp\/v2\/posts"}],"about":[{"href":"https:\/\/agora.xtec.cat\/insdertosa\/wp-json\/wp\/v2\/types\/post"}],"author":[{"embeddable":true,"href":"https:\/\/agora.xtec.cat\/insdertosa\/wp-json\/wp\/v2\/users\/1"}],"replies":[{"embeddable":true,"href":"https:\/\/agora.xtec.cat\/insdertosa\/wp-json\/wp\/v2\/comments?post=2291"}],"version-history":[{"count":1,"href":"https:\/\/agora.xtec.cat\/insdertosa\/wp-json\/wp\/v2\/posts\/2291\/revisions"}],"predecessor-version":[{"id":2293,"href":"https:\/\/agora.xtec.cat\/insdertosa\/wp-json\/wp\/v2\/posts\/2291\/revisions\/2293"}],"wp:featuredmedia":[{"embeddable":true,"href":"https:\/\/agora.xtec.cat\/insdertosa\/wp-json\/wp\/v2\/media\/2292"}],"wp:attachment":[{"href":"https:\/\/agora.xtec.cat\/insdertosa\/wp-json\/wp\/v2\/media?parent=2291"}],"wp:term":[{"taxonomy":"category","embeddable":true,"href":"https:\/\/agora.xtec.cat\/insdertosa\/wp-json\/wp\/v2\/categories?post=2291"},{"taxonomy":"post_tag","embeddable":true,"href":"https:\/\/agora.xtec.cat\/insdertosa\/wp-json\/wp\/v2\/tags?post=2291"}],"curies":[{"name":"wp","href":"https:\/\/api.w.org\/{rel}","templated":true}]}}