{"id":2275,"date":"2015-10-23T10:35:19","date_gmt":"2015-10-23T09:35:19","guid":{"rendered":"http:\/\/agora.xtec.cat\/insdertosa\/?p=2275"},"modified":"2015-10-23T10:39:14","modified_gmt":"2015-10-23T09:39:14","slug":"primer-dels-actes-de-lany-manuel-perez-bonfill","status":"publish","type":"post","link":"https:\/\/agora.xtec.cat\/insdertosa\/portada\/primer-dels-actes-de-lany-manuel-perez-bonfill\/","title":{"rendered":"Primer dels actes de l&#8217;Any Manuel P\u00e9rez Bonfill"},"content":{"rendered":"<p>Dijous 22 d&#8217;octubre va tenir lloc el primer dels<strong> actes de l&#8217;Any Manuel P\u00e9rez Bonfill<\/strong> a la biblioteca Sebasti\u00e0 Juan Arb\u00f3 d&#8217;Amposta. Va consistir en una glosa del literat i professor a c\u00e0rrec d&#8217;Emigdi Subirats, professor d&#8217;angl\u00e8s del nostre centre, que va fer cinc c\u00e8ntims de la traject\u00f2ria liter\u00e0ria, pol\u00edtica i docent de l&#8217;anci\u00e0 professor. Posteriorment, Subirats va realitzar una recitaci\u00f3 po\u00e8tica de l&#8217;obra del professor P\u00e9rez Bonfill, i va ser acompanyat a la guitarra per Pau Cardona, alumne de 2n batxillerat art\u00edstic del nostre centre.<br \/>\nSeguidament incloem un dels poemes m\u00e9s bells de la recitaci\u00f3:<\/p>\n<p><em>Bene\u00eft sigui el jorn i el mes i l&#8217;any<\/em><br \/>\n<em> en qu\u00e8 els poetes poden fer llurs versos<\/em><br \/>\n<em> vessats sobre la pau.<\/em><br \/>\n<em> I bene\u00efdes<\/em><br \/>\n<em> les muses. Bene\u00eft el m\u00f3n farcit<\/em><br \/>\n<em> de tantes il\u00b7lusions que a poc a poc<\/em><br \/>\n<em> s&#8217;omplen com un ra\u00efm. I bene\u00eft<\/em><br \/>\n<em> el vit de bou que ens fa beure a galet.<\/em><br \/>\n<em> Bene\u00efts els bene\u00efts, per fi; que hi s\u00f3n<\/em><br \/>\n<em> per a gl\u00f2ria dels vius. Bene\u00efts siguin.<\/em><\/p>\n<p><em>Ara \u00e9s l&#8217;hora -quan sembla que la tarda<\/em><br \/>\n<em> posa paranys al sol i se&#8217;ns ensorra-&#8230;<\/em><br \/>\n<em> \u00c9s l&#8217;hora -dic,amics- de fer-ne un llibre.<\/em><br \/>\n<em> L&#8217;escriurem de costums, puix que el meu poble<\/em><br \/>\n<em> \u00e9s poble de costums, si no ho sab\u00edeu<\/em>.<\/p>\n<p><a href=\"http:\/\/agora.xtec.cat\/insdertosa\/wp-content\/uploads\/usu144\/2015\/10\/IMG-20151022-WA0000.jpg\"><img loading=\"lazy\" decoding=\"async\" class=\"alignnone size-large wp-image-2276\" src=\"http:\/\/agora.xtec.cat\/insdertosa\/wp-content\/uploads\/usu144\/2015\/10\/IMG-20151022-WA0000-614x1024.jpg\" alt=\"IMG-20151022-WA0000\" width=\"614\" height=\"1024\" srcset=\"https:\/\/agora.xtec.cat\/insdertosa\/wp-content\/uploads\/usu144\/2015\/10\/IMG-20151022-WA0000-614x1024.jpg 614w, https:\/\/agora.xtec.cat\/insdertosa\/wp-content\/uploads\/usu144\/2015\/10\/IMG-20151022-WA0000-180x300.jpg 180w, https:\/\/agora.xtec.cat\/insdertosa\/wp-content\/uploads\/usu144\/2015\/10\/IMG-20151022-WA0000.jpg 960w\" sizes=\"auto, (max-width: 614px) 100vw, 614px\" \/><\/a><\/p>\n","protected":false},"excerpt":{"rendered":"<p>Dijous 22 d&#8217;octubre va tenir lloc el primer dels actes de l&#8217;Any Manuel P\u00e9rez Bonfill a la biblioteca Sebasti\u00e0 Juan Arb\u00f3 d&#8217;Amposta. Va consistir en una glosa del literat i professor a c\u00e0rrec d&#8217;Emigdi Subirats, professor d&#8217;angl\u00e8s del nostre centre, que va fer cinc c\u00e8ntims de la traject\u00f2ria liter\u00e0ria, pol\u00edtica i docent de l&#8217;anci\u00e0 professor. [&hellip;]<\/p>\n","protected":false},"author":1,"featured_media":2280,"comment_status":"open","ping_status":"open","sticky":false,"template":"","format":"standard","meta":{"_bbp_topic_count":0,"_bbp_reply_count":0,"_bbp_total_topic_count":0,"_bbp_total_reply_count":0,"_bbp_voice_count":0,"_bbp_anonymous_reply_count":0,"_bbp_topic_count_hidden":0,"_bbp_reply_count_hidden":0,"_bbp_forum_subforum_count":0,"site-sidebar-layout":"default","site-content-layout":"","ast-site-content-layout":"","site-content-style":"default","site-sidebar-style":"default","ast-global-header-display":"","ast-banner-title-visibility":"","ast-main-header-display":"","ast-hfb-above-header-display":"","ast-hfb-below-header-display":"","ast-hfb-mobile-header-display":"","site-post-title":"","ast-breadcrumbs-content":"","ast-featured-img":"","footer-sml-layout":"","theme-transparent-header-meta":"","adv-header-id-meta":"","stick-header-meta":"","header-above-stick-meta":"","header-main-stick-meta":"","header-below-stick-meta":"","astra-migrate-meta-layouts":"default","ast-page-background-enabled":"default","ast-page-background-meta":{"desktop":{"background-color":"var(--ast-global-color-5)","background-image":"","background-repeat":"repeat","background-position":"center center","background-size":"auto","background-attachment":"scroll","background-type":"","background-media":"","overlay-type":"","overlay-color":"","overlay-opacity":"","overlay-gradient":""},"tablet":{"background-color":"","background-image":"","background-repeat":"repeat","background-position":"center center","background-size":"auto","background-attachment":"scroll","background-type":"","background-media":"","overlay-type":"","overlay-color":"","overlay-opacity":"","overlay-gradient":""},"mobile":{"background-color":"","background-image":"","background-repeat":"repeat","background-position":"center center","background-size":"auto","background-attachment":"scroll","background-type":"","background-media":"","overlay-type":"","overlay-color":"","overlay-opacity":"","overlay-gradient":""}},"ast-content-background-meta":{"desktop":{"background-color":"var(--ast-global-color-4)","background-image":"","background-repeat":"repeat","background-position":"center center","background-size":"auto","background-attachment":"scroll","background-type":"","background-media":"","overlay-type":"","overlay-color":"","overlay-opacity":"","overlay-gradient":""},"tablet":{"background-color":"var(--ast-global-color-4)","background-image":"","background-repeat":"repeat","background-position":"center center","background-size":"auto","background-attachment":"scroll","background-type":"","background-media":"","overlay-type":"","overlay-color":"","overlay-opacity":"","overlay-gradient":""},"mobile":{"background-color":"var(--ast-global-color-4)","background-image":"","background-repeat":"repeat","background-position":"center center","background-size":"auto","background-attachment":"scroll","background-type":"","background-media":"","overlay-type":"","overlay-color":"","overlay-opacity":"","overlay-gradient":""}},"footnotes":""},"categories":[85,31,81,29],"tags":[120,139,146,175],"class_list":["post-2275","post","type-post","status-publish","format-standard","has-post-thumbnail","hentry","category-activitats","category-ampa","category-centre","category-portada","tag-emigdi-subirats","tag-jubilacions","tag-manuel-perez-bonfill","tag-subir"],"post_mailing_queue_ids":[],"_links":{"self":[{"href":"https:\/\/agora.xtec.cat\/insdertosa\/wp-json\/wp\/v2\/posts\/2275","targetHints":{"allow":["GET"]}}],"collection":[{"href":"https:\/\/agora.xtec.cat\/insdertosa\/wp-json\/wp\/v2\/posts"}],"about":[{"href":"https:\/\/agora.xtec.cat\/insdertosa\/wp-json\/wp\/v2\/types\/post"}],"author":[{"embeddable":true,"href":"https:\/\/agora.xtec.cat\/insdertosa\/wp-json\/wp\/v2\/users\/1"}],"replies":[{"embeddable":true,"href":"https:\/\/agora.xtec.cat\/insdertosa\/wp-json\/wp\/v2\/comments?post=2275"}],"version-history":[{"count":1,"href":"https:\/\/agora.xtec.cat\/insdertosa\/wp-json\/wp\/v2\/posts\/2275\/revisions"}],"predecessor-version":[{"id":2277,"href":"https:\/\/agora.xtec.cat\/insdertosa\/wp-json\/wp\/v2\/posts\/2275\/revisions\/2277"}],"wp:featuredmedia":[{"embeddable":true,"href":"https:\/\/agora.xtec.cat\/insdertosa\/wp-json\/wp\/v2\/media\/2280"}],"wp:attachment":[{"href":"https:\/\/agora.xtec.cat\/insdertosa\/wp-json\/wp\/v2\/media?parent=2275"}],"wp:term":[{"taxonomy":"category","embeddable":true,"href":"https:\/\/agora.xtec.cat\/insdertosa\/wp-json\/wp\/v2\/categories?post=2275"},{"taxonomy":"post_tag","embeddable":true,"href":"https:\/\/agora.xtec.cat\/insdertosa\/wp-json\/wp\/v2\/tags?post=2275"}],"curies":[{"name":"wp","href":"https:\/\/api.w.org\/{rel}","templated":true}]}}