{"id":1934,"date":"2015-05-04T10:39:12","date_gmt":"2015-05-04T09:39:12","guid":{"rendered":"http:\/\/agora.xtec.cat\/insdertosa\/?p=1934"},"modified":"2015-05-04T10:39:12","modified_gmt":"2015-05-04T09:39:12","slug":"tast-de-vermuts-i-tapes-dalta-cuina","status":"publish","type":"post","link":"https:\/\/agora.xtec.cat\/insdertosa\/portada\/tast-de-vermuts-i-tapes-dalta-cuina\/","title":{"rendered":"Tast de vermuts i tapes d&#8217;alta cuina"},"content":{"rendered":"<h1><strong>Tast de vermuts i tapes d&#8217;alta cuina<\/strong><\/h1>\n<p><strong>Divendres 8 de maig de 2015 a les 19:30 hores<\/strong><\/p>\n<p><img loading=\"lazy\" decoding=\"async\" src=\"http:\/\/ampa.iesbau.net\/media\/public\/image\/2015\/vermut.jpg\" alt=\"\" width=\"300\" height=\"163\" \/><\/p>\n<p>L&#8217;Escola de cuina i l&#8217;AMPA de l&#8217;Institut J. Bau, organitzen un tast de diferents vermuts (tamb\u00e9 sense alcohol) i exquisides tapes d&#8217;alta cuina creades expressament per l&#8217;ocasi\u00f3.<\/p>\n<div>El tast es far\u00e0 al pati dels Codonyers de l&#8217;Institut i haur\u00e0 m\u00fasica en directe per acompanyar l&#8217;esdeveniment.<\/p>\n<p>Com que es servir\u00e0 a l&#8217;exterior, la capacitat \u00e9s il\u00b7limitada, per\u00f2 cal inscriure\u2019s per tenir preparat prou menjar per a tothom.<\/p>\n<p>Doneu a con\u00e8ixer l&#8217;esdeveniment entre amics, parents i d&#8217;altres que considereu oport\u00fa, ja que quants m\u00e9s serem m\u00e9s xalarem.\n<\/p><\/div>\n<p>Veniu, us esperem!<\/p>\n<p>Salut.<\/p>\n<p><strong>Dia<\/strong>: divendres\u00a08 de maig de 2015 a les 19:30 hores<br \/>\n<strong>Lloc<\/strong>: pati del restaurant de l&#8217;Escola de cuina de l\u2019Institut J. Bau<br \/>\n<strong>Acc\u00e9s<\/strong>: entrada pel cam\u00ed dels Codonyers<br \/>\n<strong>Preu<\/strong>: 9 euro (a pagar in situ el dia del tast)<br \/>\n<strong>Inscripcions<\/strong>: ampa@iesbau.net<\/p>\n","protected":false},"excerpt":{"rendered":"<p>Tast de vermuts i tapes d&#8217;alta cuina Divendres 8 de maig de 2015 a les 19:30 hores L&#8217;Escola de cuina i l&#8217;AMPA de l&#8217;Institut J. Bau, organitzen un tast de diferents vermuts (tamb\u00e9 sense alcohol) i exquisides tapes d&#8217;alta cuina creades expressament per l&#8217;ocasi\u00f3. El tast es far\u00e0 al pati dels Codonyers de l&#8217;Institut i [&hellip;]<\/p>\n","protected":false},"author":1,"featured_media":1935,"comment_status":"open","ping_status":"open","sticky":false,"template":"","format":"standard","meta":{"_bbp_topic_count":0,"_bbp_reply_count":0,"_bbp_total_topic_count":0,"_bbp_total_reply_count":0,"_bbp_voice_count":0,"_bbp_anonymous_reply_count":0,"_bbp_topic_count_hidden":0,"_bbp_reply_count_hidden":0,"_bbp_forum_subforum_count":0,"site-sidebar-layout":"default","site-content-layout":"","ast-site-content-layout":"","site-content-style":"default","site-sidebar-style":"default","ast-global-header-display":"","ast-banner-title-visibility":"","ast-main-header-display":"","ast-hfb-above-header-display":"","ast-hfb-below-header-display":"","ast-hfb-mobile-header-display":"","site-post-title":"","ast-breadcrumbs-content":"","ast-featured-img":"","footer-sml-layout":"","theme-transparent-header-meta":"","adv-header-id-meta":"","stick-header-meta":"","header-above-stick-meta":"","header-main-stick-meta":"","header-below-stick-meta":"","astra-migrate-meta-layouts":"default","ast-page-background-enabled":"default","ast-page-background-meta":{"desktop":{"background-color":"var(--ast-global-color-5)","background-image":"","background-repeat":"repeat","background-position":"center center","background-size":"auto","background-attachment":"scroll","background-type":"","background-media":"","overlay-type":"","overlay-color":"","overlay-opacity":"","overlay-gradient":""},"tablet":{"background-color":"","background-image":"","background-repeat":"repeat","background-position":"center center","background-size":"auto","background-attachment":"scroll","background-type":"","background-media":"","overlay-type":"","overlay-color":"","overlay-opacity":"","overlay-gradient":""},"mobile":{"background-color":"","background-image":"","background-repeat":"repeat","background-position":"center center","background-size":"auto","background-attachment":"scroll","background-type":"","background-media":"","overlay-type":"","overlay-color":"","overlay-opacity":"","overlay-gradient":""}},"ast-content-background-meta":{"desktop":{"background-color":"var(--ast-global-color-4)","background-image":"","background-repeat":"repeat","background-position":"center center","background-size":"auto","background-attachment":"scroll","background-type":"","background-media":"","overlay-type":"","overlay-color":"","overlay-opacity":"","overlay-gradient":""},"tablet":{"background-color":"var(--ast-global-color-4)","background-image":"","background-repeat":"repeat","background-position":"center center","background-size":"auto","background-attachment":"scroll","background-type":"","background-media":"","overlay-type":"","overlay-color":"","overlay-opacity":"","overlay-gradient":""},"mobile":{"background-color":"var(--ast-global-color-4)","background-image":"","background-repeat":"repeat","background-position":"center center","background-size":"auto","background-attachment":"scroll","background-type":"","background-media":"","overlay-type":"","overlay-color":"","overlay-opacity":"","overlay-gradient":""}},"footnotes":""},"categories":[85,31,30,74,81,80,29],"tags":[],"class_list":["post-1934","post","type-post","status-publish","format-standard","has-post-thumbnail","hentry","category-activitats","category-ampa","category-cicles-formatius","category-cuina-departaments","category-centre","category-informacions_families","category-portada"],"post_mailing_queue_ids":[],"_links":{"self":[{"href":"https:\/\/agora.xtec.cat\/insdertosa\/wp-json\/wp\/v2\/posts\/1934","targetHints":{"allow":["GET"]}}],"collection":[{"href":"https:\/\/agora.xtec.cat\/insdertosa\/wp-json\/wp\/v2\/posts"}],"about":[{"href":"https:\/\/agora.xtec.cat\/insdertosa\/wp-json\/wp\/v2\/types\/post"}],"author":[{"embeddable":true,"href":"https:\/\/agora.xtec.cat\/insdertosa\/wp-json\/wp\/v2\/users\/1"}],"replies":[{"embeddable":true,"href":"https:\/\/agora.xtec.cat\/insdertosa\/wp-json\/wp\/v2\/comments?post=1934"}],"version-history":[{"count":1,"href":"https:\/\/agora.xtec.cat\/insdertosa\/wp-json\/wp\/v2\/posts\/1934\/revisions"}],"predecessor-version":[{"id":1936,"href":"https:\/\/agora.xtec.cat\/insdertosa\/wp-json\/wp\/v2\/posts\/1934\/revisions\/1936"}],"wp:featuredmedia":[{"embeddable":true,"href":"https:\/\/agora.xtec.cat\/insdertosa\/wp-json\/wp\/v2\/media\/1935"}],"wp:attachment":[{"href":"https:\/\/agora.xtec.cat\/insdertosa\/wp-json\/wp\/v2\/media?parent=1934"}],"wp:term":[{"taxonomy":"category","embeddable":true,"href":"https:\/\/agora.xtec.cat\/insdertosa\/wp-json\/wp\/v2\/categories?post=1934"},{"taxonomy":"post_tag","embeddable":true,"href":"https:\/\/agora.xtec.cat\/insdertosa\/wp-json\/wp\/v2\/tags?post=1934"}],"curies":[{"name":"wp","href":"https:\/\/api.w.org\/{rel}","templated":true}]}}