{"id":1808,"date":"2015-04-13T16:05:35","date_gmt":"2015-04-13T15:05:35","guid":{"rendered":"http:\/\/agora.xtec.cat\/insdertosa\/?p=1808"},"modified":"2015-04-13T16:09:20","modified_gmt":"2015-04-13T15:09:20","slug":"presentacio-del-llibre-la-revista-la-zuda","status":"publish","type":"post","link":"https:\/\/agora.xtec.cat\/insdertosa\/batxillerat\/presentacio-del-llibre-la-revista-la-zuda\/","title":{"rendered":"Presentaci\u00f3 del llibre La revista la Zuda"},"content":{"rendered":"<p>El proper divendres 17 d&#8217;abril tindr\u00e0 lloc la presentaci\u00f3 del llibre La revista la Zuda, de Sandra Sabat\u00e9, alumna del nostre centre fins al curs passat, treball guanyador del premi de recerca de la fira liter\u00e0ria Joan Cid i Mulet de 2014, finalista dels premis \u00a0Ramon Calvo (branca human\u00edstica i social) i seleccionat als premis de la Universitat Pompeu Fabra. El premi ser\u00e0 lliurat en el marc de la jornada estudiantil de l&#8217;esmentat certamen, a la vegada que es donar\u00e0 a con\u00e8ixer el guanyador del premi de l&#8217;edici\u00f3 d&#8217;enguany. El llibre \u00e9s el set\u00e8 de la col\u00b7lecci\u00f3 de treballs de recerca. Compta amb obres d&#8217;exalumnes de l&#8217;institut que homenatgen altament la literatura ebrenca com: Agn\u00e8s Pegueroles (Manuel P\u00e9rez i Bonfill), Enric Blanco (Gerard Verg\u00e9s), Ver\u00f2nica Hern\u00e1ndez (G\u00e8minis), Laura Navarro (Zoraida Burgos) i aquest de la Sandra Sabat\u00e9. Altres exalumnes del centre premiats han estat Jaume Arasa i Maria Jos\u00e9 Trujillo. La feina del professor-tutor, Manel Oll\u00e9, ha estat for\u00e7a fruct\u00edfera.<\/p>\n<p><a href=\"http:\/\/agora.xtec.cat\/insdertosa\/wp-content\/uploads\/usu144\/2015\/02\/Ramon-Calvo-2014-institut-089.jpg\"><img loading=\"lazy\" decoding=\"async\" class=\"size-medium wp-image-912 aligncenter\" src=\"http:\/\/agora.xtec.cat\/insdertosa\/wp-content\/uploads\/usu144\/2015\/02\/Ramon-Calvo-2014-institut-089-300x225.jpg\" alt=\"Ramon Calvo 2014 institut 089\" width=\"300\" height=\"225\" srcset=\"https:\/\/agora.xtec.cat\/insdertosa\/wp-content\/uploads\/usu144\/2015\/02\/Ramon-Calvo-2014-institut-089-300x225.jpg 300w, https:\/\/agora.xtec.cat\/insdertosa\/wp-content\/uploads\/usu144\/2015\/02\/Ramon-Calvo-2014-institut-089-200x150.jpg 200w, https:\/\/agora.xtec.cat\/insdertosa\/wp-content\/uploads\/usu144\/2015\/02\/Ramon-Calvo-2014-institut-089.jpg 400w\" sizes=\"auto, (max-width: 300px) 100vw, 300px\" \/><\/a><\/p>\n","protected":false},"excerpt":{"rendered":"<p>El proper divendres 17 d&#8217;abril tindr\u00e0 lloc la presentaci\u00f3 del llibre La revista la Zuda, de Sandra Sabat\u00e9, alumna del nostre centre fins al curs passat, treball guanyador del premi de recerca de la fira liter\u00e0ria Joan Cid i Mulet de 2014, finalista dels premis \u00a0Ramon Calvo (branca human\u00edstica i social) i seleccionat als premis [&hellip;]<\/p>\n","protected":false},"author":1,"featured_media":912,"comment_status":"open","ping_status":"open","sticky":false,"template":"","format":"standard","meta":{"_bbp_topic_count":0,"_bbp_reply_count":0,"_bbp_total_topic_count":0,"_bbp_total_reply_count":0,"_bbp_voice_count":0,"_bbp_anonymous_reply_count":0,"_bbp_topic_count_hidden":0,"_bbp_reply_count_hidden":0,"_bbp_forum_subforum_count":0,"site-sidebar-layout":"default","site-content-layout":"","ast-site-content-layout":"","site-content-style":"default","site-sidebar-style":"default","ast-global-header-display":"","ast-banner-title-visibility":"","ast-main-header-display":"","ast-hfb-above-header-display":"","ast-hfb-below-header-display":"","ast-hfb-mobile-header-display":"","site-post-title":"","ast-breadcrumbs-content":"","ast-featured-img":"","footer-sml-layout":"","theme-transparent-header-meta":"","adv-header-id-meta":"","stick-header-meta":"","header-above-stick-meta":"","header-main-stick-meta":"","header-below-stick-meta":"","astra-migrate-meta-layouts":"default","ast-page-background-enabled":"default","ast-page-background-meta":{"desktop":{"background-color":"var(--ast-global-color-5)","background-image":"","background-repeat":"repeat","background-position":"center center","background-size":"auto","background-attachment":"scroll","background-type":"","background-media":"","overlay-type":"","overlay-color":"","overlay-opacity":"","overlay-gradient":""},"tablet":{"background-color":"","background-image":"","background-repeat":"repeat","background-position":"center center","background-size":"auto","background-attachment":"scroll","background-type":"","background-media":"","overlay-type":"","overlay-color":"","overlay-opacity":"","overlay-gradient":""},"mobile":{"background-color":"","background-image":"","background-repeat":"repeat","background-position":"center center","background-size":"auto","background-attachment":"scroll","background-type":"","background-media":"","overlay-type":"","overlay-color":"","overlay-opacity":"","overlay-gradient":""}},"ast-content-background-meta":{"desktop":{"background-color":"var(--ast-global-color-4)","background-image":"","background-repeat":"repeat","background-position":"center center","background-size":"auto","background-attachment":"scroll","background-type":"","background-media":"","overlay-type":"","overlay-color":"","overlay-opacity":"","overlay-gradient":""},"tablet":{"background-color":"var(--ast-global-color-4)","background-image":"","background-repeat":"repeat","background-position":"center center","background-size":"auto","background-attachment":"scroll","background-type":"","background-media":"","overlay-type":"","overlay-color":"","overlay-opacity":"","overlay-gradient":""},"mobile":{"background-color":"var(--ast-global-color-4)","background-image":"","background-repeat":"repeat","background-position":"center center","background-size":"auto","background-attachment":"scroll","background-type":"","background-media":"","overlay-type":"","overlay-color":"","overlay-opacity":"","overlay-gradient":""}},"footnotes":""},"categories":[8,76,29],"tags":[120,171],"class_list":["post-1808","post","type-post","status-publish","format-standard","has-post-thumbnail","hentry","category-batxillerat","category-catala-departaments","category-portada","tag-emigdi-subirats","tag-manel-olle"],"post_mailing_queue_ids":[],"_links":{"self":[{"href":"https:\/\/agora.xtec.cat\/insdertosa\/wp-json\/wp\/v2\/posts\/1808","targetHints":{"allow":["GET"]}}],"collection":[{"href":"https:\/\/agora.xtec.cat\/insdertosa\/wp-json\/wp\/v2\/posts"}],"about":[{"href":"https:\/\/agora.xtec.cat\/insdertosa\/wp-json\/wp\/v2\/types\/post"}],"author":[{"embeddable":true,"href":"https:\/\/agora.xtec.cat\/insdertosa\/wp-json\/wp\/v2\/users\/1"}],"replies":[{"embeddable":true,"href":"https:\/\/agora.xtec.cat\/insdertosa\/wp-json\/wp\/v2\/comments?post=1808"}],"version-history":[{"count":2,"href":"https:\/\/agora.xtec.cat\/insdertosa\/wp-json\/wp\/v2\/posts\/1808\/revisions"}],"predecessor-version":[{"id":1813,"href":"https:\/\/agora.xtec.cat\/insdertosa\/wp-json\/wp\/v2\/posts\/1808\/revisions\/1813"}],"wp:featuredmedia":[{"embeddable":true,"href":"https:\/\/agora.xtec.cat\/insdertosa\/wp-json\/wp\/v2\/media\/912"}],"wp:attachment":[{"href":"https:\/\/agora.xtec.cat\/insdertosa\/wp-json\/wp\/v2\/media?parent=1808"}],"wp:term":[{"taxonomy":"category","embeddable":true,"href":"https:\/\/agora.xtec.cat\/insdertosa\/wp-json\/wp\/v2\/categories?post=1808"},{"taxonomy":"post_tag","embeddable":true,"href":"https:\/\/agora.xtec.cat\/insdertosa\/wp-json\/wp\/v2\/tags?post=1808"}],"curies":[{"name":"wp","href":"https:\/\/api.w.org\/{rel}","templated":true}]}}