{"id":16744,"date":"2026-06-28T15:46:16","date_gmt":"2026-06-28T13:46:16","guid":{"rendered":"https:\/\/agora.xtec.cat\/insdertosa\/?p=16744"},"modified":"2026-06-28T15:47:48","modified_gmt":"2026-06-28T13:47:48","slug":"%f0%9f%8e%93-lliurament-dorles-de-4t-deso-a-linstitut-dertosa-%f0%9f%8e%93","status":"publish","type":"post","link":"https:\/\/agora.xtec.cat\/insdertosa\/general\/%f0%9f%8e%93-lliurament-dorles-de-4t-deso-a-linstitut-dertosa-%f0%9f%8e%93\/","title":{"rendered":"\ud83c\udf93 Lliurament d&#8217;orles de 4t d&#8217;ESO a l&#8217;Institut Dertosa \ud83c\udf93"},"content":{"rendered":"<p>L&#8217;alumnat de 4t d&#8217;ESO va viure una jornada molt especial amb l&#8217;acte de lliurament d&#8217;orles, un moment per celebrar el final d&#8217;una etapa i acomiadar uns anys plens d&#8217;aprenentatges, experi\u00e8ncies i viv\u00e8ncies especials.<\/p>\n<p>L&#8217;acte va comptar amb les intervencions d&#8217;alguns representants de l&#8217;alumnat, que van compartir an\u00e8cdotes i reflexions plenes d&#8217;humor, emoci\u00f3 i complicitat. Les seves paraules van arrencar somriures i van permetre recordar molts dels moments viscuts durant aquests anys a l&#8217;institut.<\/p>\n<p>Volem fer un reconeixement especial a Bienve Borr\u00e0s, representant del professorat, que va preparar l&#8217;acte amb molta dedicaci\u00f3 i va adre\u00e7ar un discurs emotiu a l&#8217;alumnat, destacant l&#8217;esfor\u00e7, la perseveran\u00e7a i el creixement personal viscuts al llarg d&#8217;aquesta etapa.<\/p>\n<p>Tamb\u00e9 volem expressar el nostre agra\u00efment a l&#8217;AFA de l&#8217;Institut Dertosa, que un any m\u00e9s va fer possible l&#8217;organitzaci\u00f3 d&#8217;aquest acte tan significatiu, cuidant tots els detalls perqu\u00e8 les fam\u00edlies, l&#8217;alumnat i el professorat poguessin gaudir d&#8217;una celebraci\u00f3 inoblidable.<\/p>\n<p>Des de l&#8217;Institut Dertosa, felicitem tot l&#8217;alumnat per aquesta fita i els desitgem molts encerts en el cam\u00ed que ara emprenen. Estem conven\u00e7uts que afrontaran els nous reptes amb il\u00b7lusi\u00f3, responsabilitat i confian\u00e7a.<\/p>\n<p>&nbsp;<\/p>\n<p><img loading=\"lazy\" decoding=\"async\" class=\"aligncenter size-medium wp-image-16745\" src=\"https:\/\/agora.xtec.cat\/insdertosa\/wp-content\/uploads\/usu144\/2026\/06\/WhatsApp-Image-2026-06-28-at-15.44.58-3-300x200.jpeg\" alt=\"\" width=\"300\" height=\"200\" srcset=\"https:\/\/agora.xtec.cat\/insdertosa\/wp-content\/uploads\/usu144\/2026\/06\/WhatsApp-Image-2026-06-28-at-15.44.58-3-300x200.jpeg 300w, https:\/\/agora.xtec.cat\/insdertosa\/wp-content\/uploads\/usu144\/2026\/06\/WhatsApp-Image-2026-06-28-at-15.44.58-3-1024x683.jpeg 1024w, https:\/\/agora.xtec.cat\/insdertosa\/wp-content\/uploads\/usu144\/2026\/06\/WhatsApp-Image-2026-06-28-at-15.44.58-3-768x512.jpeg 768w, https:\/\/agora.xtec.cat\/insdertosa\/wp-content\/uploads\/usu144\/2026\/06\/WhatsApp-Image-2026-06-28-at-15.44.58-3-1536x1024.jpeg 1536w, https:\/\/agora.xtec.cat\/insdertosa\/wp-content\/uploads\/usu144\/2026\/06\/WhatsApp-Image-2026-06-28-at-15.44.58-3.jpeg 1600w\" sizes=\"auto, (max-width: 300px) 100vw, 300px\" \/> <img loading=\"lazy\" decoding=\"async\" class=\"aligncenter size-medium wp-image-16746\" src=\"https:\/\/agora.xtec.cat\/insdertosa\/wp-content\/uploads\/usu144\/2026\/06\/WhatsApp-Image-2026-06-28-at-15.44.58-2-300x200.jpeg\" alt=\"\" width=\"300\" height=\"200\" srcset=\"https:\/\/agora.xtec.cat\/insdertosa\/wp-content\/uploads\/usu144\/2026\/06\/WhatsApp-Image-2026-06-28-at-15.44.58-2-300x200.jpeg 300w, https:\/\/agora.xtec.cat\/insdertosa\/wp-content\/uploads\/usu144\/2026\/06\/WhatsApp-Image-2026-06-28-at-15.44.58-2-1024x683.jpeg 1024w, https:\/\/agora.xtec.cat\/insdertosa\/wp-content\/uploads\/usu144\/2026\/06\/WhatsApp-Image-2026-06-28-at-15.44.58-2-768x512.jpeg 768w, https:\/\/agora.xtec.cat\/insdertosa\/wp-content\/uploads\/usu144\/2026\/06\/WhatsApp-Image-2026-06-28-at-15.44.58-2-1536x1024.jpeg 1536w, https:\/\/agora.xtec.cat\/insdertosa\/wp-content\/uploads\/usu144\/2026\/06\/WhatsApp-Image-2026-06-28-at-15.44.58-2.jpeg 1600w\" sizes=\"auto, (max-width: 300px) 100vw, 300px\" \/> <img loading=\"lazy\" decoding=\"async\" class=\"aligncenter size-medium wp-image-16747\" src=\"https:\/\/agora.xtec.cat\/insdertosa\/wp-content\/uploads\/usu144\/2026\/06\/WhatsApp-Image-2026-06-28-at-15.44.58-1-300x200.jpeg\" alt=\"\" width=\"300\" height=\"200\" srcset=\"https:\/\/agora.xtec.cat\/insdertosa\/wp-content\/uploads\/usu144\/2026\/06\/WhatsApp-Image-2026-06-28-at-15.44.58-1-300x200.jpeg 300w, https:\/\/agora.xtec.cat\/insdertosa\/wp-content\/uploads\/usu144\/2026\/06\/WhatsApp-Image-2026-06-28-at-15.44.58-1-1024x683.jpeg 1024w, https:\/\/agora.xtec.cat\/insdertosa\/wp-content\/uploads\/usu144\/2026\/06\/WhatsApp-Image-2026-06-28-at-15.44.58-1-768x512.jpeg 768w, https:\/\/agora.xtec.cat\/insdertosa\/wp-content\/uploads\/usu144\/2026\/06\/WhatsApp-Image-2026-06-28-at-15.44.58-1-1536x1024.jpeg 1536w, https:\/\/agora.xtec.cat\/insdertosa\/wp-content\/uploads\/usu144\/2026\/06\/WhatsApp-Image-2026-06-28-at-15.44.58-1.jpeg 1600w\" sizes=\"auto, (max-width: 300px) 100vw, 300px\" \/> <img loading=\"lazy\" decoding=\"async\" class=\"aligncenter size-medium wp-image-16748\" src=\"https:\/\/agora.xtec.cat\/insdertosa\/wp-content\/uploads\/usu144\/2026\/06\/WhatsApp-Image-2026-06-28-at-15.44.58-300x200.jpeg\" alt=\"\" width=\"300\" height=\"200\" srcset=\"https:\/\/agora.xtec.cat\/insdertosa\/wp-content\/uploads\/usu144\/2026\/06\/WhatsApp-Image-2026-06-28-at-15.44.58-300x200.jpeg 300w, https:\/\/agora.xtec.cat\/insdertosa\/wp-content\/uploads\/usu144\/2026\/06\/WhatsApp-Image-2026-06-28-at-15.44.58-1024x683.jpeg 1024w, https:\/\/agora.xtec.cat\/insdertosa\/wp-content\/uploads\/usu144\/2026\/06\/WhatsApp-Image-2026-06-28-at-15.44.58-768x512.jpeg 768w, https:\/\/agora.xtec.cat\/insdertosa\/wp-content\/uploads\/usu144\/2026\/06\/WhatsApp-Image-2026-06-28-at-15.44.58-1536x1024.jpeg 1536w, https:\/\/agora.xtec.cat\/insdertosa\/wp-content\/uploads\/usu144\/2026\/06\/WhatsApp-Image-2026-06-28-at-15.44.58.jpeg 1600w\" sizes=\"auto, (max-width: 300px) 100vw, 300px\" \/> <strong>Sempre formareu part de la fam\u00edlia Dertosa.<\/strong><\/p>\n","protected":false},"excerpt":{"rendered":"<p>L&#8217;alumnat de 4t d&#8217;ESO va viure una jornada molt especial amb l&#8217;acte de lliurament d&#8217;orles, un moment per celebrar el final d&#8217;una etapa i acomiadar uns anys plens d&#8217;aprenentatges, experi\u00e8ncies i viv\u00e8ncies especials. L&#8217;acte va comptar amb les intervencions d&#8217;alguns representants de l&#8217;alumnat, que van compartir an\u00e8cdotes i reflexions plenes d&#8217;humor, emoci\u00f3 i complicitat. Les [&hellip;]<\/p>\n","protected":false},"author":1,"featured_media":16745,"comment_status":"open","ping_status":"open","sticky":false,"template":"","format":"standard","meta":{"_bbp_topic_count":0,"_bbp_reply_count":0,"_bbp_total_topic_count":0,"_bbp_total_reply_count":0,"_bbp_voice_count":0,"_bbp_anonymous_reply_count":0,"_bbp_topic_count_hidden":0,"_bbp_reply_count_hidden":0,"_bbp_forum_subforum_count":0,"site-sidebar-layout":"default","site-content-layout":"","ast-site-content-layout":"default","site-content-style":"default","site-sidebar-style":"default","ast-global-header-display":"","ast-banner-title-visibility":"","ast-main-header-display":"","ast-hfb-above-header-display":"","ast-hfb-below-header-display":"","ast-hfb-mobile-header-display":"","site-post-title":"","ast-breadcrumbs-content":"","ast-featured-img":"","footer-sml-layout":"","theme-transparent-header-meta":"default","adv-header-id-meta":"","stick-header-meta":"","header-above-stick-meta":"","header-main-stick-meta":"","header-below-stick-meta":"","astra-migrate-meta-layouts":"set","ast-page-background-enabled":"default","ast-page-background-meta":{"desktop":{"background-color":"var(--ast-global-color-5)","background-image":"","background-repeat":"repeat","background-position":"center center","background-size":"auto","background-attachment":"scroll","background-type":"","background-media":"","overlay-type":"","overlay-color":"","overlay-opacity":"","overlay-gradient":""},"tablet":{"background-color":"","background-image":"","background-repeat":"repeat","background-position":"center center","background-size":"auto","background-attachment":"scroll","background-type":"","background-media":"","overlay-type":"","overlay-color":"","overlay-opacity":"","overlay-gradient":""},"mobile":{"background-color":"","background-image":"","background-repeat":"repeat","background-position":"center center","background-size":"auto","background-attachment":"scroll","background-type":"","background-media":"","overlay-type":"","overlay-color":"","overlay-opacity":"","overlay-gradient":""}},"ast-content-background-meta":{"desktop":{"background-color":"var(--ast-global-color-4)","background-image":"","background-repeat":"repeat","background-position":"center center","background-size":"auto","background-attachment":"scroll","background-type":"","background-media":"","overlay-type":"","overlay-color":"","overlay-opacity":"","overlay-gradient":""},"tablet":{"background-color":"var(--ast-global-color-4)","background-image":"","background-repeat":"repeat","background-position":"center center","background-size":"auto","background-attachment":"scroll","background-type":"","background-media":"","overlay-type":"","overlay-color":"","overlay-opacity":"","overlay-gradient":""},"mobile":{"background-color":"var(--ast-global-color-4)","background-image":"","background-repeat":"repeat","background-position":"center center","background-size":"auto","background-attachment":"scroll","background-type":"","background-media":"","overlay-type":"","overlay-color":"","overlay-opacity":"","overlay-gradient":""}},"footnotes":""},"categories":[82,31,81,3,7,162,1,29],"tags":[],"class_list":["post-16744","post","type-post","status-publish","format-standard","has-post-thumbnail","hentry","category-alumnat","category-ampa","category-centre","category-eso","category-eso-4","category-families","category-general","category-portada"],"post_mailing_queue_ids":[],"_links":{"self":[{"href":"https:\/\/agora.xtec.cat\/insdertosa\/wp-json\/wp\/v2\/posts\/16744","targetHints":{"allow":["GET"]}}],"collection":[{"href":"https:\/\/agora.xtec.cat\/insdertosa\/wp-json\/wp\/v2\/posts"}],"about":[{"href":"https:\/\/agora.xtec.cat\/insdertosa\/wp-json\/wp\/v2\/types\/post"}],"author":[{"embeddable":true,"href":"https:\/\/agora.xtec.cat\/insdertosa\/wp-json\/wp\/v2\/users\/1"}],"replies":[{"embeddable":true,"href":"https:\/\/agora.xtec.cat\/insdertosa\/wp-json\/wp\/v2\/comments?post=16744"}],"version-history":[{"count":1,"href":"https:\/\/agora.xtec.cat\/insdertosa\/wp-json\/wp\/v2\/posts\/16744\/revisions"}],"predecessor-version":[{"id":16749,"href":"https:\/\/agora.xtec.cat\/insdertosa\/wp-json\/wp\/v2\/posts\/16744\/revisions\/16749"}],"wp:featuredmedia":[{"embeddable":true,"href":"https:\/\/agora.xtec.cat\/insdertosa\/wp-json\/wp\/v2\/media\/16745"}],"wp:attachment":[{"href":"https:\/\/agora.xtec.cat\/insdertosa\/wp-json\/wp\/v2\/media?parent=16744"}],"wp:term":[{"taxonomy":"category","embeddable":true,"href":"https:\/\/agora.xtec.cat\/insdertosa\/wp-json\/wp\/v2\/categories?post=16744"},{"taxonomy":"post_tag","embeddable":true,"href":"https:\/\/agora.xtec.cat\/insdertosa\/wp-json\/wp\/v2\/tags?post=16744"}],"curies":[{"name":"wp","href":"https:\/\/api.w.org\/{rel}","templated":true}]}}