{"id":16507,"date":"2026-04-28T09:33:21","date_gmt":"2026-04-28T07:33:21","guid":{"rendered":"https:\/\/agora.xtec.cat\/insdertosa\/?p=16507"},"modified":"2026-04-28T09:34:28","modified_gmt":"2026-04-28T07:34:28","slug":"exit-rotund-del-projecte-landerer-ii-el-globus-sonda-de-linstitut-dertosa-arriba-a-lestratosfera","status":"publish","type":"post","link":"https:\/\/agora.xtec.cat\/insdertosa\/general\/exit-rotund-del-projecte-landerer-ii-el-globus-sonda-de-linstitut-dertosa-arriba-a-lestratosfera\/","title":{"rendered":"\u00c8xit rotund del projecte Landerer II: el globus sonda de l\u2019Institut Dertosa arriba a l\u2019estratosfera."},"content":{"rendered":"<p><span style=\"font-weight: 400;\">L\u2019Institut Dertosa va acollir, fa unes setmanes, <\/span><a href=\"https:\/\/agora.xtec.cat\/insdertosa\/general\/presentacio-de-les-sondes-del-projecte-aeroespacial-landerer-ii-a-linstitut-dertosa\/\"><span style=\"font-weight: 400;\">l\u2019acte de presentaci\u00f3 de les sondes que formaven part del projecte aeroespacial Landerer II<\/span><\/a><span style=\"font-weight: 400;\">, una iniciativa educativa que promou la recerca cient\u00edfica i la innovaci\u00f3 tecnol\u00f2gica entre l\u2019alumnat de les Terres de l\u2019Ebre.<\/span><\/p>\n<p><span style=\"font-weight: 400;\">L\u2019impulsor del projecte \u00e9s l\u2019exalumne de l\u2019Institut Dertosa Josep Curto, que ha volgut retornar al centre part del seu coneixement i experi\u00e8ncia en l\u2019\u00e0mbit tecnol\u00f2gic i aeroespacial.<\/span><\/p>\n<p><span style=\"font-weight: 400;\">El professor Vicent Ferrer, responsable del projecte a l\u2019Institut Dertosa, ha coordinat el treball de l\u2019alumnat al llarg de tot el proc\u00e9s.<\/span><\/p>\n<p><b>Llan\u00e7ament amb \u00e8xit des de Quinto (Saragossa)<\/b><\/p>\n<p><span style=\"font-weight: 400;\">El passat dissabte 25 d\u2019abril, alumnes de l\u2019IE Daniel Mangran\u00e9 de Jes\u00fas,\u00a0 l\u2019INS Dertosa de Tortosa, l\u2019IES Roquetes i l&#8217;INS Terra Alta\u00a0 de Gandesa es van reunir per efectuar el llan\u00e7ament de les sondes desenvolupades despr\u00e9s de mesos de planificaci\u00f3, disseny i experimentaci\u00f3.\u00a0<\/span><\/p>\n<p><span style=\"font-weight: 400;\">El projecte va culminar amb el llan\u00e7ament del globus sonda des de la localitat de Quinto (Saragossa). El llan\u00e7ament va ser un \u00e8xit total per les id\u00f2nies condicions meteorol\u00f2giques. La sonda del Dertosa va funcionar correctament i va captar totes les dades previstes. Va estar desenvolupada per alumnes de 4t d\u2019ESO de l\u2019itinerari Tecnol\u00f2gic.\u00a0<\/span><\/p>\n<p><span style=\"font-weight: 400;\">A partir de les dades de pressi\u00f3 atmosf\u00e8rica registrades, s\u2019estima que el globus va assolir una altitud m\u00e0xima d\u2019uns 32 quil\u00f2metres, sortint de la troposfera i entrant clarament ja a l\u2019estratosfera. En aquest punt, els sensors van enregistrar una temperatura m\u00ednima de -58 \u00baC i la pressi\u00f3 atmosf\u00e8rica es va reduir a 2.022 Pa.\u00a0<\/span><\/p>\n<p><span style=\"font-weight: 400;\">La sonda dissenyada pel centre estava destinada principalment a la recollida de dades atmosf\u00e8riques. Es van mesurar par\u00e0metres com els nivells de CO\u2082, compostos org\u00e0nics vol\u00e0tils (COV), la temperatura exterior i interior de la sonda, la pressi\u00f3 atmosf\u00e8rica i, gr\u00e0cies a un acceler\u00f2metre integrat, es va poder determinar el temps d\u2019ascens i descens del globus, entre altres variables rellevants. El sistema d\u2019emmagatzematge duplicat al microcontrolador, va garantir la conservaci\u00f3 completa de les dades un cop recuperada la sonda al caure al terra.<\/span><\/p>\n<p><span style=\"font-weight: 400;\">A continuaci\u00f3, adjuntem les dades recollides per la sonda de l\u2019Institut Dertosa, que permetran a l\u2019alumnat analitzar en profunditat els resultats d\u2019aquesta experi\u00e8ncia aeroespacial real.\u00a0\u00a0\u00a0\u00a0<\/span><\/p>\n<p><span style=\"font-weight: 400;\">Adjuntem les dades. <\/span><a href=\"https:\/\/drive.google.com\/file\/d\/1lIRfRUSN2Z9U64PXd9G-4RqnUfTzZObC\/view?usp=sharing\"><span style=\"font-weight: 400;\">Microbit 1<\/span><\/a><span style=\"font-weight: 400;\">\u00a0 \u00a0 <\/span><a href=\"https:\/\/drive.google.com\/file\/d\/10HzyPTuNRhuYN9dUt5X6oZlQtBSuv8X8\/view?usp=sharing\"><span style=\"font-weight: 400;\">Microbit 2<\/span><\/a><\/p>\n<p><span style=\"font-weight: 400;\">Despr\u00e8s a la tarda, a l\u2019Institut Escola Daniel Mangran\u00e9, es va fer la presentaci\u00f3 dels resultats per part dels alumnes que han participat en aquesta inoblidable experi\u00e8ncia pr\u00e0ctica.<\/span><\/p>\n<p><span style=\"font-weight: 400;\">L\u2019Institut Dertosa vol expressar el seu sincer agra\u00efment a l\u2019Associaci\u00f3 per a la Divulgaci\u00f3 Espacial i Cient\u00edfica de les Terres de l\u2019Ebre per haver convidat el nostre centre per segon any consecutiu a participar en el projecte aeroespacial Landerer II. Volem destacar especialment la professionalitat i la il\u00b7lusi\u00f3 amb qu\u00e8 l\u2019Associaci\u00f3 ens ha acompanyat en tot el proc\u00e9s. Aquesta col\u00b7laboraci\u00f3 ha estat clau perqu\u00e8 el projecte hagi estat un \u00e8xit rotund.\u00a0<\/span><\/p>\n<p><span style=\"font-weight: 400;\">Estem molt agra\u00efts per la confian\u00e7a dipositada en el nostre alumnat i professorat, i per fer possible que els alumnes puguin viure de primera m\u00e0 una aut\u00e8ntica missi\u00f3 aeroespacial. Esperem poder continuar col\u00b7laborant en futures edicions del projecte Landerer i en altres iniciatives que promoguin la divulgaci\u00f3 cient\u00edfica al territori.<\/span><\/p>\n<p><span style=\"font-weight: 400;\">El projecte Landerer II rep el nom en homenatge a Josep Joaquim Landerer, ge\u00f2leg i astr\u00f2nom tortos\u00ed i un dels impulsors de l\u2019Observatori de Roquetes. Aquesta \u00e9s la segona edici\u00f3 d\u2019una iniciativa que continua despertant l\u2019inter\u00e8s i l\u2019entusiasme de l\u2019alumnat per la ci\u00e8ncia i la tecnologia.<\/span><\/p>\n<p><a href=\"https:\/\/drive.google.com\/drive\/folders\/1zXzMZEPzNSDO-0dFvbmhVn-3_gJ7SATm?usp=drive_link\"><span style=\"font-weight: 400;\">Fotos i videos.\u00a0<\/span><\/a><\/p>\n","protected":false},"excerpt":{"rendered":"<p>L\u2019Institut Dertosa va acollir, fa unes setmanes, l\u2019acte de presentaci\u00f3 de les sondes que formaven part del projecte aeroespacial Landerer II, una iniciativa educativa que promou la recerca cient\u00edfica i la innovaci\u00f3 tecnol\u00f2gica entre l\u2019alumnat de les Terres de l\u2019Ebre. L\u2019impulsor del projecte \u00e9s l\u2019exalumne de l\u2019Institut Dertosa Josep Curto, que ha volgut retornar al [&hellip;]<\/p>\n","protected":false},"author":1,"featured_media":0,"comment_status":"open","ping_status":"open","sticky":false,"template":"","format":"standard","meta":{"_bbp_topic_count":0,"_bbp_reply_count":0,"_bbp_total_topic_count":0,"_bbp_total_reply_count":0,"_bbp_voice_count":0,"_bbp_anonymous_reply_count":0,"_bbp_topic_count_hidden":0,"_bbp_reply_count_hidden":0,"_bbp_forum_subforum_count":0,"site-sidebar-layout":"default","site-content-layout":"","ast-site-content-layout":"default","site-content-style":"default","site-sidebar-style":"default","ast-global-header-display":"","ast-banner-title-visibility":"","ast-main-header-display":"","ast-hfb-above-header-display":"","ast-hfb-below-header-display":"","ast-hfb-mobile-header-display":"","site-post-title":"","ast-breadcrumbs-content":"","ast-featured-img":"","footer-sml-layout":"","theme-transparent-header-meta":"default","adv-header-id-meta":"","stick-header-meta":"","header-above-stick-meta":"","header-main-stick-meta":"","header-below-stick-meta":"","astra-migrate-meta-layouts":"set","ast-page-background-enabled":"default","ast-page-background-meta":{"desktop":{"background-color":"var(--ast-global-color-5)","background-image":"","background-repeat":"repeat","background-position":"center center","background-size":"auto","background-attachment":"scroll","background-type":"","background-media":"","overlay-type":"","overlay-color":"","overlay-opacity":"","overlay-gradient":""},"tablet":{"background-color":"","background-image":"","background-repeat":"repeat","background-position":"center center","background-size":"auto","background-attachment":"scroll","background-type":"","background-media":"","overlay-type":"","overlay-color":"","overlay-opacity":"","overlay-gradient":""},"mobile":{"background-color":"","background-image":"","background-repeat":"repeat","background-position":"center center","background-size":"auto","background-attachment":"scroll","background-type":"","background-media":"","overlay-type":"","overlay-color":"","overlay-opacity":"","overlay-gradient":""}},"ast-content-background-meta":{"desktop":{"background-color":"var(--ast-global-color-4)","background-image":"","background-repeat":"repeat","background-position":"center center","background-size":"auto","background-attachment":"scroll","background-type":"","background-media":"","overlay-type":"","overlay-color":"","overlay-opacity":"","overlay-gradient":""},"tablet":{"background-color":"var(--ast-global-color-4)","background-image":"","background-repeat":"repeat","background-position":"center center","background-size":"auto","background-attachment":"scroll","background-type":"","background-media":"","overlay-type":"","overlay-color":"","overlay-opacity":"","overlay-gradient":""},"mobile":{"background-color":"var(--ast-global-color-4)","background-image":"","background-repeat":"repeat","background-position":"center center","background-size":"auto","background-attachment":"scroll","background-type":"","background-media":"","overlay-type":"","overlay-color":"","overlay-opacity":"","overlay-gradient":""}},"footnotes":""},"categories":[85,136,82,3,1,29,96,234,70],"tags":[],"class_list":["post-16507","post","type-post","status-publish","format-standard","hentry","category-activitats","category-activitats-extraescolars","category-alumnat","category-eso","category-general","category-portada","category-projectes","category-steam","category-tecno"],"post_mailing_queue_ids":[],"_links":{"self":[{"href":"https:\/\/agora.xtec.cat\/insdertosa\/wp-json\/wp\/v2\/posts\/16507","targetHints":{"allow":["GET"]}}],"collection":[{"href":"https:\/\/agora.xtec.cat\/insdertosa\/wp-json\/wp\/v2\/posts"}],"about":[{"href":"https:\/\/agora.xtec.cat\/insdertosa\/wp-json\/wp\/v2\/types\/post"}],"author":[{"embeddable":true,"href":"https:\/\/agora.xtec.cat\/insdertosa\/wp-json\/wp\/v2\/users\/1"}],"replies":[{"embeddable":true,"href":"https:\/\/agora.xtec.cat\/insdertosa\/wp-json\/wp\/v2\/comments?post=16507"}],"version-history":[{"count":2,"href":"https:\/\/agora.xtec.cat\/insdertosa\/wp-json\/wp\/v2\/posts\/16507\/revisions"}],"predecessor-version":[{"id":16509,"href":"https:\/\/agora.xtec.cat\/insdertosa\/wp-json\/wp\/v2\/posts\/16507\/revisions\/16509"}],"wp:attachment":[{"href":"https:\/\/agora.xtec.cat\/insdertosa\/wp-json\/wp\/v2\/media?parent=16507"}],"wp:term":[{"taxonomy":"category","embeddable":true,"href":"https:\/\/agora.xtec.cat\/insdertosa\/wp-json\/wp\/v2\/categories?post=16507"},{"taxonomy":"post_tag","embeddable":true,"href":"https:\/\/agora.xtec.cat\/insdertosa\/wp-json\/wp\/v2\/tags?post=16507"}],"curies":[{"name":"wp","href":"https:\/\/api.w.org\/{rel}","templated":true}]}}