{"id":16472,"date":"2026-04-23T08:07:16","date_gmt":"2026-04-23T06:07:16","guid":{"rendered":"https:\/\/agora.xtec.cat\/insdertosa\/?p=16472"},"modified":"2026-04-23T08:07:16","modified_gmt":"2026-04-23T06:07:16","slug":"poema-de-sant-jordi","status":"publish","type":"post","link":"https:\/\/agora.xtec.cat\/insdertosa\/portada\/poema-de-sant-jordi\/","title":{"rendered":"Poema de Sant Jordi"},"content":{"rendered":"<div class=\"xdj266r x14z9mp xat24cr x1lziwak x1vvkbs x126k92a\">\n<div dir=\"auto\">Entre roses i p\u00e0gines obertes,<\/div>\n<div dir=\"auto\">batega una llengua antiga i viva,<\/div>\n<div dir=\"auto\">com un riu que no vol fronteres<\/div>\n<div dir=\"auto\">ni paraules prestades per sobreviure.<\/div>\n<div dir=\"auto\"><\/div>\n<\/div>\n<div class=\"x14z9mp xat24cr x1lziwak x1vvkbs xtlvy1s x126k92a\">\n<div dir=\"auto\">Avui, diada de Sant Jordi,<\/div>\n<div dir=\"auto\">la veu s\u2019al\u00e7a clara i sencera:<\/div>\n<div dir=\"auto\">no \u00e9s eco, ni c\u00f2pia, ni ombra,<\/div>\n<div dir=\"auto\">\u00e9s ra\u00efl fonda que no es doblega.<\/div>\n<div dir=\"auto\"><\/div>\n<\/div>\n<div class=\"x14z9mp xat24cr x1lziwak x1vvkbs xtlvy1s x126k92a\">\n<div dir=\"auto\">Catal\u00e0 als carrers i a les places,<\/div>\n<div dir=\"auto\">als mercats, a les escoles, al mar,<\/div>\n<div dir=\"auto\">als pobles mrnuts que encara resisteixen<\/div>\n<div dir=\"auto\">i a les ciutats que volen recordar.<\/div>\n<div dir=\"auto\"><\/div>\n<\/div>\n<div class=\"x14z9mp xat24cr x1lziwak x1vvkbs xtlvy1s x126k92a\">\n<div dir=\"auto\">Ni llengua partida ni veu compartida,<\/div>\n<div dir=\"auto\">som paraula sencera, foc i al\u00e8,<\/div>\n<div dir=\"auto\">de Salses a Guardamar,<\/div>\n<div dir=\"auto\">de Fraga fins a l&#8217;Alguer tamb\u00e9.<\/div>\n<div dir=\"auto\"><\/div>\n<\/div>\n<div class=\"x14z9mp xat24cr x1lziwak x1vvkbs xtlvy1s x126k92a\">\n<div dir=\"auto\">Que cada llibre siga una espasa,<\/div>\n<div dir=\"auto\">que cada rosa siga un clam,<\/div>\n<div dir=\"auto\">per una parla que no es ven ni es cedeix,<\/div>\n<div dir=\"auto\">per un poble que no es fa menut parlant.<\/div>\n<div dir=\"auto\"><\/div>\n<\/div>\n<div class=\"x14z9mp xat24cr x1lziwak x1vvkbs xtlvy1s x126k92a\">\n<div dir=\"auto\">I aix\u00ed, entre dracs ven\u00e7uts i tinta viva,<\/div>\n<div dir=\"auto\">escriu el poble el seu dem\u00e0:<\/div>\n<div dir=\"auto\">una sola llengua, plena i lliure,<\/div>\n<div dir=\"auto\">arreu dels Pa\u00efsos Catalans.<\/div>\n<div dir=\"auto\"><\/div>\n<\/div>\n<div class=\"x14z9mp xat24cr x1lziwak x1vvkbs xtlvy1s x126k92a\">\n<div dir=\"auto\">Torna a florir en cada casa,<\/div>\n<div dir=\"auto\">creix en la veu de cada infant,<\/div>\n<div dir=\"auto\">s\u2019arrela fort en cada terra,<\/div>\n<div dir=\"auto\">i mai no es deixa esborrar.<\/div>\n<div dir=\"auto\"><a href=\"https:\/\/agora.xtec.cat\/insdertosa\/wp-content\/uploads\/usu144\/2026\/04\/imatges-sant-jordi-230424-5.jpg\"><img loading=\"lazy\" decoding=\"async\" class=\"alignnone size-large wp-image-16473\" src=\"https:\/\/agora.xtec.cat\/insdertosa\/wp-content\/uploads\/usu144\/2026\/04\/imatges-sant-jordi-230424-5-1024x576.jpg\" alt=\"\" width=\"1024\" height=\"576\" srcset=\"https:\/\/agora.xtec.cat\/insdertosa\/wp-content\/uploads\/usu144\/2026\/04\/imatges-sant-jordi-230424-5-1024x576.jpg 1024w, https:\/\/agora.xtec.cat\/insdertosa\/wp-content\/uploads\/usu144\/2026\/04\/imatges-sant-jordi-230424-5-300x169.jpg 300w, https:\/\/agora.xtec.cat\/insdertosa\/wp-content\/uploads\/usu144\/2026\/04\/imatges-sant-jordi-230424-5-768x432.jpg 768w, https:\/\/agora.xtec.cat\/insdertosa\/wp-content\/uploads\/usu144\/2026\/04\/imatges-sant-jordi-230424-5-1536x864.jpg 1536w, https:\/\/agora.xtec.cat\/insdertosa\/wp-content\/uploads\/usu144\/2026\/04\/imatges-sant-jordi-230424-5.jpg 1920w\" sizes=\"auto, (max-width: 1024px) 100vw, 1024px\" \/><\/a><\/div>\n<\/div>\n","protected":false},"excerpt":{"rendered":"<p>Entre roses i p\u00e0gines obertes, batega una llengua antiga i viva, com un riu que no vol fronteres ni paraules prestades per sobreviure. Avui, diada de Sant Jordi, la veu s\u2019al\u00e7a clara i sencera: no \u00e9s eco, ni c\u00f2pia, ni ombra, \u00e9s ra\u00efl fonda que no es doblega. Catal\u00e0 als carrers i a les places, [&hellip;]<\/p>\n","protected":false},"author":148,"featured_media":16473,"comment_status":"open","ping_status":"open","sticky":false,"template":"","format":"standard","meta":{"_bbp_topic_count":0,"_bbp_reply_count":0,"_bbp_total_topic_count":0,"_bbp_total_reply_count":0,"_bbp_voice_count":0,"_bbp_anonymous_reply_count":0,"_bbp_topic_count_hidden":0,"_bbp_reply_count_hidden":0,"_bbp_forum_subforum_count":0,"site-sidebar-layout":"default","site-content-layout":"","ast-site-content-layout":"default","site-content-style":"default","site-sidebar-style":"default","ast-global-header-display":"","ast-banner-title-visibility":"","ast-main-header-display":"","ast-hfb-above-header-display":"","ast-hfb-below-header-display":"","ast-hfb-mobile-header-display":"","site-post-title":"","ast-breadcrumbs-content":"","ast-featured-img":"","footer-sml-layout":"","theme-transparent-header-meta":"default","adv-header-id-meta":"","stick-header-meta":"","header-above-stick-meta":"","header-main-stick-meta":"","header-below-stick-meta":"","astra-migrate-meta-layouts":"set","ast-page-background-enabled":"default","ast-page-background-meta":{"desktop":{"background-color":"var(--ast-global-color-5)","background-image":"","background-repeat":"repeat","background-position":"center center","background-size":"auto","background-attachment":"scroll","background-type":"","background-media":"","overlay-type":"","overlay-color":"","overlay-opacity":"","overlay-gradient":""},"tablet":{"background-color":"","background-image":"","background-repeat":"repeat","background-position":"center center","background-size":"auto","background-attachment":"scroll","background-type":"","background-media":"","overlay-type":"","overlay-color":"","overlay-opacity":"","overlay-gradient":""},"mobile":{"background-color":"","background-image":"","background-repeat":"repeat","background-position":"center center","background-size":"auto","background-attachment":"scroll","background-type":"","background-media":"","overlay-type":"","overlay-color":"","overlay-opacity":"","overlay-gradient":""}},"ast-content-background-meta":{"desktop":{"background-color":"var(--ast-global-color-4)","background-image":"","background-repeat":"repeat","background-position":"center center","background-size":"auto","background-attachment":"scroll","background-type":"","background-media":"","overlay-type":"","overlay-color":"","overlay-opacity":"","overlay-gradient":""},"tablet":{"background-color":"var(--ast-global-color-4)","background-image":"","background-repeat":"repeat","background-position":"center center","background-size":"auto","background-attachment":"scroll","background-type":"","background-media":"","overlay-type":"","overlay-color":"","overlay-opacity":"","overlay-gradient":""},"mobile":{"background-color":"var(--ast-global-color-4)","background-image":"","background-repeat":"repeat","background-position":"center center","background-size":"auto","background-attachment":"scroll","background-type":"","background-media":"","overlay-type":"","overlay-color":"","overlay-opacity":"","overlay-gradient":""}},"footnotes":""},"categories":[76,29],"tags":[],"class_list":["post-16472","post","type-post","status-publish","format-standard","has-post-thumbnail","hentry","category-catala-departaments","category-portada"],"post_mailing_queue_ids":[],"_links":{"self":[{"href":"https:\/\/agora.xtec.cat\/insdertosa\/wp-json\/wp\/v2\/posts\/16472","targetHints":{"allow":["GET"]}}],"collection":[{"href":"https:\/\/agora.xtec.cat\/insdertosa\/wp-json\/wp\/v2\/posts"}],"about":[{"href":"https:\/\/agora.xtec.cat\/insdertosa\/wp-json\/wp\/v2\/types\/post"}],"author":[{"embeddable":true,"href":"https:\/\/agora.xtec.cat\/insdertosa\/wp-json\/wp\/v2\/users\/148"}],"replies":[{"embeddable":true,"href":"https:\/\/agora.xtec.cat\/insdertosa\/wp-json\/wp\/v2\/comments?post=16472"}],"version-history":[{"count":1,"href":"https:\/\/agora.xtec.cat\/insdertosa\/wp-json\/wp\/v2\/posts\/16472\/revisions"}],"predecessor-version":[{"id":16474,"href":"https:\/\/agora.xtec.cat\/insdertosa\/wp-json\/wp\/v2\/posts\/16472\/revisions\/16474"}],"wp:featuredmedia":[{"embeddable":true,"href":"https:\/\/agora.xtec.cat\/insdertosa\/wp-json\/wp\/v2\/media\/16473"}],"wp:attachment":[{"href":"https:\/\/agora.xtec.cat\/insdertosa\/wp-json\/wp\/v2\/media?parent=16472"}],"wp:term":[{"taxonomy":"category","embeddable":true,"href":"https:\/\/agora.xtec.cat\/insdertosa\/wp-json\/wp\/v2\/categories?post=16472"},{"taxonomy":"post_tag","embeddable":true,"href":"https:\/\/agora.xtec.cat\/insdertosa\/wp-json\/wp\/v2\/tags?post=16472"}],"curies":[{"name":"wp","href":"https:\/\/api.w.org\/{rel}","templated":true}]}}