{"id":16467,"date":"2026-04-23T08:02:32","date_gmt":"2026-04-23T06:02:32","guid":{"rendered":"https:\/\/agora.xtec.cat\/insdertosa\/?p=16467"},"modified":"2026-04-23T08:03:13","modified_gmt":"2026-04-23T06:03:13","slug":"els-alumnes-pablo-moreno-i-anastasiya-tatarina-a-lacte-institucional-de-sant-jordi-en-lhomenatge-a-jesus-moncada","status":"publish","type":"post","link":"https:\/\/agora.xtec.cat\/insdertosa\/portada\/els-alumnes-pablo-moreno-i-anastasiya-tatarina-a-lacte-institucional-de-sant-jordi-en-lhomenatge-a-jesus-moncada\/","title":{"rendered":"Els alumnes Pablo Moreno i Anastasiya Tatarina, a l&#8217;acte institucional de Sant Jordi en l&#8217;homenatge a Jes\u00fas Moncada"},"content":{"rendered":"<p data-start=\"0\" data-end=\"524\"><a href=\"https:\/\/agora.xtec.cat\/insdertosa\/wp-content\/uploads\/usu144\/2026\/04\/p.jpg\"><img loading=\"lazy\" decoding=\"async\" class=\"alignnone size-large wp-image-16468\" src=\"https:\/\/agora.xtec.cat\/insdertosa\/wp-content\/uploads\/usu144\/2026\/04\/p-1024x1024.jpg\" alt=\"\" width=\"1024\" height=\"1024\" srcset=\"https:\/\/agora.xtec.cat\/insdertosa\/wp-content\/uploads\/usu144\/2026\/04\/p-1024x1024.jpg 1024w, https:\/\/agora.xtec.cat\/insdertosa\/wp-content\/uploads\/usu144\/2026\/04\/p-300x300.jpg 300w, https:\/\/agora.xtec.cat\/insdertosa\/wp-content\/uploads\/usu144\/2026\/04\/p-150x150.jpg 150w, https:\/\/agora.xtec.cat\/insdertosa\/wp-content\/uploads\/usu144\/2026\/04\/p-768x768.jpg 768w, https:\/\/agora.xtec.cat\/insdertosa\/wp-content\/uploads\/usu144\/2026\/04\/p.jpg 1440w\" sizes=\"auto, (max-width: 1024px) 100vw, 1024px\" \/><\/a>Els alumnes Pablo Moreno (2n de batxillerat D) i Anastasiya Tatarina (1r de batxillerat A) van participar activament en l\u2019acte institucional organitzat per la Delegaci\u00f3 del Govern a les Terres de l\u2019Ebre amb motiu de la diada de Sant Jordi. En el marc d\u2019aquest esdeveniment, dedicat a retre homenatge a l\u2019escriptor de Mequinensa Jes\u00fas Moncada, ambd\u00f3s estudiants van dur a terme la lectura de diversos fragments de la seua obra m\u00e9s emblem\u00e0tica, <em data-start=\"443\" data-end=\"458\">Cam\u00ed de sirga<\/em>, contribuint aix\u00ed a posar en valor el llegat literari de l\u2019autor.<a href=\"https:\/\/agora.xtec.cat\/insdertosa\/wp-content\/uploads\/usu144\/2026\/04\/a.jpg\"><img loading=\"lazy\" decoding=\"async\" class=\"alignnone size-large wp-image-16470\" src=\"https:\/\/agora.xtec.cat\/insdertosa\/wp-content\/uploads\/usu144\/2026\/04\/a-1024x1024.jpg\" alt=\"\" width=\"1024\" height=\"1024\" srcset=\"https:\/\/agora.xtec.cat\/insdertosa\/wp-content\/uploads\/usu144\/2026\/04\/a-1024x1024.jpg 1024w, https:\/\/agora.xtec.cat\/insdertosa\/wp-content\/uploads\/usu144\/2026\/04\/a-300x300.jpg 300w, https:\/\/agora.xtec.cat\/insdertosa\/wp-content\/uploads\/usu144\/2026\/04\/a-150x150.jpg 150w, https:\/\/agora.xtec.cat\/insdertosa\/wp-content\/uploads\/usu144\/2026\/04\/a-768x768.jpg 768w, https:\/\/agora.xtec.cat\/insdertosa\/wp-content\/uploads\/usu144\/2026\/04\/a.jpg 1440w\" sizes=\"auto, (max-width: 1024px) 100vw, 1024px\" \/><\/a><\/p>\n<p data-start=\"526\" data-end=\"996\" data-is-last-node=\"\" data-is-only-node=\"\">L\u2019acte tamb\u00e9 va incloure la intervenci\u00f3 del professor Emigdi Subirats, que va oferir un interessant di\u00e0leg al voltant de la novel\u00b7la amb la professora i ling\u00fcista Maite Moya, de l\u2019Institut Ramon Berenguer d\u2019Amposta. Aquesta conversa va permetre aprofundir en els aspectes literaris, hist\u00f2rics i ling\u00fc\u00edstics de l\u2019obra, tot enriquint l\u2019homenatge i oferint al p\u00fablic una mirada m\u00e9s completa sobre la import\u00e0ncia de <em data-start=\"938\" data-end=\"953\">Cam\u00ed de sirga<\/em> dins la literatura catalana contempor\u00e0nia.<\/p>\n<p data-start=\"526\" data-end=\"996\" data-is-last-node=\"\" data-is-only-node=\"\"><a href=\"https:\/\/agora.xtec.cat\/insdertosa\/wp-content\/uploads\/usu144\/2026\/04\/jj.jpg\"><img loading=\"lazy\" decoding=\"async\" class=\"alignnone size-large wp-image-16469\" src=\"https:\/\/agora.xtec.cat\/insdertosa\/wp-content\/uploads\/usu144\/2026\/04\/jj-1024x1024.jpg\" alt=\"\" width=\"1024\" height=\"1024\" srcset=\"https:\/\/agora.xtec.cat\/insdertosa\/wp-content\/uploads\/usu144\/2026\/04\/jj-1024x1024.jpg 1024w, https:\/\/agora.xtec.cat\/insdertosa\/wp-content\/uploads\/usu144\/2026\/04\/jj-300x300.jpg 300w, https:\/\/agora.xtec.cat\/insdertosa\/wp-content\/uploads\/usu144\/2026\/04\/jj-150x150.jpg 150w, https:\/\/agora.xtec.cat\/insdertosa\/wp-content\/uploads\/usu144\/2026\/04\/jj-768x768.jpg 768w, https:\/\/agora.xtec.cat\/insdertosa\/wp-content\/uploads\/usu144\/2026\/04\/jj.jpg 1440w\" sizes=\"auto, (max-width: 1024px) 100vw, 1024px\" \/><\/a><\/p>\n","protected":false},"excerpt":{"rendered":"<p>Els alumnes Pablo Moreno (2n de batxillerat D) i Anastasiya Tatarina (1r de batxillerat A) van participar activament en l\u2019acte institucional organitzat per la Delegaci\u00f3 del Govern a les Terres de l\u2019Ebre amb motiu de la diada de Sant Jordi. En el marc d\u2019aquest esdeveniment, dedicat a retre homenatge a l\u2019escriptor de Mequinensa Jes\u00fas Moncada, [&hellip;]<\/p>\n","protected":false},"author":148,"featured_media":16468,"comment_status":"open","ping_status":"open","sticky":false,"template":"","format":"standard","meta":{"_bbp_topic_count":0,"_bbp_reply_count":0,"_bbp_total_topic_count":0,"_bbp_total_reply_count":0,"_bbp_voice_count":0,"_bbp_anonymous_reply_count":0,"_bbp_topic_count_hidden":0,"_bbp_reply_count_hidden":0,"_bbp_forum_subforum_count":0,"site-sidebar-layout":"default","site-content-layout":"","ast-site-content-layout":"default","site-content-style":"default","site-sidebar-style":"default","ast-global-header-display":"","ast-banner-title-visibility":"","ast-main-header-display":"","ast-hfb-above-header-display":"","ast-hfb-below-header-display":"","ast-hfb-mobile-header-display":"","site-post-title":"","ast-breadcrumbs-content":"","ast-featured-img":"","footer-sml-layout":"","theme-transparent-header-meta":"default","adv-header-id-meta":"","stick-header-meta":"","header-above-stick-meta":"","header-main-stick-meta":"","header-below-stick-meta":"","astra-migrate-meta-layouts":"set","ast-page-background-enabled":"default","ast-page-background-meta":{"desktop":{"background-color":"var(--ast-global-color-5)","background-image":"","background-repeat":"repeat","background-position":"center center","background-size":"auto","background-attachment":"scroll","background-type":"","background-media":"","overlay-type":"","overlay-color":"","overlay-opacity":"","overlay-gradient":""},"tablet":{"background-color":"","background-image":"","background-repeat":"repeat","background-position":"center center","background-size":"auto","background-attachment":"scroll","background-type":"","background-media":"","overlay-type":"","overlay-color":"","overlay-opacity":"","overlay-gradient":""},"mobile":{"background-color":"","background-image":"","background-repeat":"repeat","background-position":"center center","background-size":"auto","background-attachment":"scroll","background-type":"","background-media":"","overlay-type":"","overlay-color":"","overlay-opacity":"","overlay-gradient":""}},"ast-content-background-meta":{"desktop":{"background-color":"var(--ast-global-color-4)","background-image":"","background-repeat":"repeat","background-position":"center center","background-size":"auto","background-attachment":"scroll","background-type":"","background-media":"","overlay-type":"","overlay-color":"","overlay-opacity":"","overlay-gradient":""},"tablet":{"background-color":"var(--ast-global-color-4)","background-image":"","background-repeat":"repeat","background-position":"center center","background-size":"auto","background-attachment":"scroll","background-type":"","background-media":"","overlay-type":"","overlay-color":"","overlay-opacity":"","overlay-gradient":""},"mobile":{"background-color":"var(--ast-global-color-4)","background-image":"","background-repeat":"repeat","background-position":"center center","background-size":"auto","background-attachment":"scroll","background-type":"","background-media":"","overlay-type":"","overlay-color":"","overlay-opacity":"","overlay-gradient":""}},"footnotes":""},"categories":[76,29],"tags":[],"class_list":["post-16467","post","type-post","status-publish","format-standard","has-post-thumbnail","hentry","category-catala-departaments","category-portada"],"post_mailing_queue_ids":[],"_links":{"self":[{"href":"https:\/\/agora.xtec.cat\/insdertosa\/wp-json\/wp\/v2\/posts\/16467","targetHints":{"allow":["GET"]}}],"collection":[{"href":"https:\/\/agora.xtec.cat\/insdertosa\/wp-json\/wp\/v2\/posts"}],"about":[{"href":"https:\/\/agora.xtec.cat\/insdertosa\/wp-json\/wp\/v2\/types\/post"}],"author":[{"embeddable":true,"href":"https:\/\/agora.xtec.cat\/insdertosa\/wp-json\/wp\/v2\/users\/148"}],"replies":[{"embeddable":true,"href":"https:\/\/agora.xtec.cat\/insdertosa\/wp-json\/wp\/v2\/comments?post=16467"}],"version-history":[{"count":1,"href":"https:\/\/agora.xtec.cat\/insdertosa\/wp-json\/wp\/v2\/posts\/16467\/revisions"}],"predecessor-version":[{"id":16471,"href":"https:\/\/agora.xtec.cat\/insdertosa\/wp-json\/wp\/v2\/posts\/16467\/revisions\/16471"}],"wp:featuredmedia":[{"embeddable":true,"href":"https:\/\/agora.xtec.cat\/insdertosa\/wp-json\/wp\/v2\/media\/16468"}],"wp:attachment":[{"href":"https:\/\/agora.xtec.cat\/insdertosa\/wp-json\/wp\/v2\/media?parent=16467"}],"wp:term":[{"taxonomy":"category","embeddable":true,"href":"https:\/\/agora.xtec.cat\/insdertosa\/wp-json\/wp\/v2\/categories?post=16467"},{"taxonomy":"post_tag","embeddable":true,"href":"https:\/\/agora.xtec.cat\/insdertosa\/wp-json\/wp\/v2\/tags?post=16467"}],"curies":[{"name":"wp","href":"https:\/\/api.w.org\/{rel}","templated":true}]}}