{"id":16441,"date":"2026-04-18T09:08:12","date_gmt":"2026-04-18T07:08:12","guid":{"rendered":"https:\/\/agora.xtec.cat\/insdertosa\/?p=16441"},"modified":"2026-04-18T09:08:12","modified_gmt":"2026-04-18T07:08:12","slug":"lalumne-jan-curto-de-1r-de-batxillerat-g-semporta-el-petjades-en-llengua-anglesa","status":"publish","type":"post","link":"https:\/\/agora.xtec.cat\/insdertosa\/portada\/lalumne-jan-curto-de-1r-de-batxillerat-g-semporta-el-petjades-en-llengua-anglesa\/","title":{"rendered":"L&#8217;alumne Jan Curto, de 1r de batxillerat G, s&#8217;emporta el Petjades en llengua anglesa"},"content":{"rendered":"<p data-start=\"34\" data-end=\"543\"><a href=\"https:\/\/agora.xtec.cat\/insdertosa\/wp-content\/uploads\/usu144\/2026\/04\/1-3.jpg\"><img loading=\"lazy\" decoding=\"async\" class=\"alignnone size-large wp-image-16442\" src=\"https:\/\/agora.xtec.cat\/insdertosa\/wp-content\/uploads\/usu144\/2026\/04\/1-3-1024x767.jpg\" alt=\"\" width=\"1024\" height=\"767\" srcset=\"https:\/\/agora.xtec.cat\/insdertosa\/wp-content\/uploads\/usu144\/2026\/04\/1-3-1024x767.jpg 1024w, https:\/\/agora.xtec.cat\/insdertosa\/wp-content\/uploads\/usu144\/2026\/04\/1-3-300x225.jpg 300w, https:\/\/agora.xtec.cat\/insdertosa\/wp-content\/uploads\/usu144\/2026\/04\/1-3-768x575.jpg 768w, https:\/\/agora.xtec.cat\/insdertosa\/wp-content\/uploads\/usu144\/2026\/04\/1-3.jpg 1057w\" sizes=\"auto, (max-width: 1024px) 100vw, 1024px\" \/><\/a><\/p>\n<p data-start=\"34\" data-end=\"543\">El Premi Petjades \u00e9s molt m\u00e9s que un concurs literari: \u00e9s una iniciativa educativa i cultural impulsada per entitats com <span class=\"hover:entity-accent entity-underline inline cursor-pointer align-baseline\"><span class=\"whitespace-normal\">\u00d2mnium Cultural<\/span><\/span>, <span class=\"hover:entity-accent entity-underline inline cursor-pointer align-baseline\"><span class=\"whitespace-normal\">Amics i Amigues de l\u2019Ebre<\/span><\/span> i el col\u00b7lectiu <span class=\"hover:entity-accent entity-underline inline cursor-pointer align-baseline\"><span class=\"whitespace-normal\">DEMD-Ebre<\/span><\/span>, que convida els joves de les Terres de l\u2019Ebre a reflexionar sobre la mem\u00f2ria hist\u00f2rica a trav\u00e9s de la literatura. Amb el pas dels anys, s\u2019ha consolidat com una cita destacada per fomentar el pensament cr\u00edtic i la sensibilitat hist\u00f2rica entre l\u2019alumnat.<\/p>\n<p data-start=\"545\" data-end=\"818\">En aquest marc, l\u2019alumne Jan Curto, de 1r de batxillerat G, va ser el guanyador de la modalitat en angl\u00e8s del Premi Petjades 2026. El guard\u00f3 li va ser lliurat al Perell\u00f3 el dijous 16 d\u2019abril, en un acte carregat de significat i reconeixement al talent jove.<\/p>\n<p data-start=\"820\" data-end=\"1048\">Cal remarcar tamb\u00e9 l\u2019excel\u00b7lent paper de l\u2019Institut del Perell\u00f3, ja que els tres guanyadors de la modalitat en catal\u00e0 provenien d\u2019aquest centre, per la qual cosa cal felicitar-los.<\/p>\n<p data-start=\"1050\" data-end=\"1244\" data-is-last-node=\"\" data-is-only-node=\"\">Jan, moltes felicitats per aquest \u00e8xit tan merescut. El teu treball no nom\u00e9s destaca per la qualitat, sin\u00f3 tamb\u00e9 per contribuir a mantenir viva la mem\u00f2ria col\u00b7lectiva a trav\u00e9s de la paraula.<\/p>\n<p data-start=\"1050\" data-end=\"1244\" data-is-last-node=\"\" data-is-only-node=\"\"><a href=\"https:\/\/agora.xtec.cat\/insdertosa\/wp-content\/uploads\/usu144\/2026\/04\/2-3.jpg\"><img loading=\"lazy\" decoding=\"async\" class=\"alignnone size-large wp-image-16443\" src=\"https:\/\/agora.xtec.cat\/insdertosa\/wp-content\/uploads\/usu144\/2026\/04\/2-3-768x1024.jpg\" alt=\"\" width=\"768\" height=\"1024\" srcset=\"https:\/\/agora.xtec.cat\/insdertosa\/wp-content\/uploads\/usu144\/2026\/04\/2-3-768x1024.jpg 768w, https:\/\/agora.xtec.cat\/insdertosa\/wp-content\/uploads\/usu144\/2026\/04\/2-3-225x300.jpg 225w, https:\/\/agora.xtec.cat\/insdertosa\/wp-content\/uploads\/usu144\/2026\/04\/2-3-1152x1536.jpg 1152w, https:\/\/agora.xtec.cat\/insdertosa\/wp-content\/uploads\/usu144\/2026\/04\/2-3.jpg 1200w\" sizes=\"auto, (max-width: 768px) 100vw, 768px\" \/><\/a><a href=\"https:\/\/agora.xtec.cat\/insdertosa\/wp-content\/uploads\/usu144\/2026\/04\/3-1-scaled.jpg\"><img loading=\"lazy\" decoding=\"async\" class=\"alignnone size-large wp-image-16444\" src=\"https:\/\/agora.xtec.cat\/insdertosa\/wp-content\/uploads\/usu144\/2026\/04\/3-1-1024x624.jpg\" alt=\"\" width=\"1024\" height=\"624\" srcset=\"https:\/\/agora.xtec.cat\/insdertosa\/wp-content\/uploads\/usu144\/2026\/04\/3-1-1024x624.jpg 1024w, https:\/\/agora.xtec.cat\/insdertosa\/wp-content\/uploads\/usu144\/2026\/04\/3-1-300x183.jpg 300w, https:\/\/agora.xtec.cat\/insdertosa\/wp-content\/uploads\/usu144\/2026\/04\/3-1-768x468.jpg 768w, https:\/\/agora.xtec.cat\/insdertosa\/wp-content\/uploads\/usu144\/2026\/04\/3-1-1536x936.jpg 1536w, https:\/\/agora.xtec.cat\/insdertosa\/wp-content\/uploads\/usu144\/2026\/04\/3-1-2048x1248.jpg 2048w\" sizes=\"auto, (max-width: 1024px) 100vw, 1024px\" \/><\/a><a href=\"https:\/\/agora.xtec.cat\/insdertosa\/wp-content\/uploads\/usu144\/2026\/04\/4-scaled.jpg\"><img loading=\"lazy\" decoding=\"async\" class=\"alignnone size-large wp-image-16445\" src=\"https:\/\/agora.xtec.cat\/insdertosa\/wp-content\/uploads\/usu144\/2026\/04\/4-1024x461.jpg\" alt=\"\" width=\"1024\" height=\"461\" srcset=\"https:\/\/agora.xtec.cat\/insdertosa\/wp-content\/uploads\/usu144\/2026\/04\/4-1024x461.jpg 1024w, https:\/\/agora.xtec.cat\/insdertosa\/wp-content\/uploads\/usu144\/2026\/04\/4-300x135.jpg 300w, https:\/\/agora.xtec.cat\/insdertosa\/wp-content\/uploads\/usu144\/2026\/04\/4-768x346.jpg 768w, https:\/\/agora.xtec.cat\/insdertosa\/wp-content\/uploads\/usu144\/2026\/04\/4-1536x691.jpg 1536w, https:\/\/agora.xtec.cat\/insdertosa\/wp-content\/uploads\/usu144\/2026\/04\/4-2048x922.jpg 2048w\" sizes=\"auto, (max-width: 1024px) 100vw, 1024px\" \/><\/a><a href=\"https:\/\/agora.xtec.cat\/insdertosa\/wp-content\/uploads\/usu144\/2026\/04\/5-1-scaled.jpg\"><img loading=\"lazy\" decoding=\"async\" class=\"alignnone size-large wp-image-16446\" src=\"https:\/\/agora.xtec.cat\/insdertosa\/wp-content\/uploads\/usu144\/2026\/04\/5-1-1024x461.jpg\" alt=\"\" width=\"1024\" height=\"461\" srcset=\"https:\/\/agora.xtec.cat\/insdertosa\/wp-content\/uploads\/usu144\/2026\/04\/5-1-1024x461.jpg 1024w, https:\/\/agora.xtec.cat\/insdertosa\/wp-content\/uploads\/usu144\/2026\/04\/5-1-300x135.jpg 300w, https:\/\/agora.xtec.cat\/insdertosa\/wp-content\/uploads\/usu144\/2026\/04\/5-1-768x346.jpg 768w, https:\/\/agora.xtec.cat\/insdertosa\/wp-content\/uploads\/usu144\/2026\/04\/5-1-1536x691.jpg 1536w, https:\/\/agora.xtec.cat\/insdertosa\/wp-content\/uploads\/usu144\/2026\/04\/5-1-2048x922.jpg 2048w\" sizes=\"auto, (max-width: 1024px) 100vw, 1024px\" \/><\/a><\/p>\n","protected":false},"excerpt":{"rendered":"<p>El Premi Petjades \u00e9s molt m\u00e9s que un concurs literari: \u00e9s una iniciativa educativa i cultural impulsada per entitats com \u00d2mnium Cultural, Amics i Amigues de l\u2019Ebre i el col\u00b7lectiu DEMD-Ebre, que convida els joves de les Terres de l\u2019Ebre a reflexionar sobre la mem\u00f2ria hist\u00f2rica a trav\u00e9s de la literatura. Amb el pas dels [&hellip;]<\/p>\n","protected":false},"author":148,"featured_media":16442,"comment_status":"open","ping_status":"open","sticky":false,"template":"","format":"standard","meta":{"_bbp_topic_count":0,"_bbp_reply_count":0,"_bbp_total_topic_count":0,"_bbp_total_reply_count":0,"_bbp_voice_count":0,"_bbp_anonymous_reply_count":0,"_bbp_topic_count_hidden":0,"_bbp_reply_count_hidden":0,"_bbp_forum_subforum_count":0,"site-sidebar-layout":"default","site-content-layout":"","ast-site-content-layout":"default","site-content-style":"default","site-sidebar-style":"default","ast-global-header-display":"","ast-banner-title-visibility":"","ast-main-header-display":"","ast-hfb-above-header-display":"","ast-hfb-below-header-display":"","ast-hfb-mobile-header-display":"","site-post-title":"","ast-breadcrumbs-content":"","ast-featured-img":"","footer-sml-layout":"","theme-transparent-header-meta":"default","adv-header-id-meta":"","stick-header-meta":"","header-above-stick-meta":"","header-main-stick-meta":"","header-below-stick-meta":"","astra-migrate-meta-layouts":"set","ast-page-background-enabled":"default","ast-page-background-meta":{"desktop":{"background-color":"var(--ast-global-color-5)","background-image":"","background-repeat":"repeat","background-position":"center center","background-size":"auto","background-attachment":"scroll","background-type":"","background-media":"","overlay-type":"","overlay-color":"","overlay-opacity":"","overlay-gradient":""},"tablet":{"background-color":"","background-image":"","background-repeat":"repeat","background-position":"center center","background-size":"auto","background-attachment":"scroll","background-type":"","background-media":"","overlay-type":"","overlay-color":"","overlay-opacity":"","overlay-gradient":""},"mobile":{"background-color":"","background-image":"","background-repeat":"repeat","background-position":"center center","background-size":"auto","background-attachment":"scroll","background-type":"","background-media":"","overlay-type":"","overlay-color":"","overlay-opacity":"","overlay-gradient":""}},"ast-content-background-meta":{"desktop":{"background-color":"var(--ast-global-color-4)","background-image":"","background-repeat":"repeat","background-position":"center center","background-size":"auto","background-attachment":"scroll","background-type":"","background-media":"","overlay-type":"","overlay-color":"","overlay-opacity":"","overlay-gradient":""},"tablet":{"background-color":"var(--ast-global-color-4)","background-image":"","background-repeat":"repeat","background-position":"center center","background-size":"auto","background-attachment":"scroll","background-type":"","background-media":"","overlay-type":"","overlay-color":"","overlay-opacity":"","overlay-gradient":""},"mobile":{"background-color":"var(--ast-global-color-4)","background-image":"","background-repeat":"repeat","background-position":"center center","background-size":"auto","background-attachment":"scroll","background-type":"","background-media":"","overlay-type":"","overlay-color":"","overlay-opacity":"","overlay-gradient":""}},"footnotes":""},"categories":[150,78,29],"tags":[],"class_list":["post-16441","post","type-post","status-publish","format-standard","has-post-thumbnail","hentry","category-geografia-i-historia","category-estrangeres","category-portada"],"post_mailing_queue_ids":[],"_links":{"self":[{"href":"https:\/\/agora.xtec.cat\/insdertosa\/wp-json\/wp\/v2\/posts\/16441","targetHints":{"allow":["GET"]}}],"collection":[{"href":"https:\/\/agora.xtec.cat\/insdertosa\/wp-json\/wp\/v2\/posts"}],"about":[{"href":"https:\/\/agora.xtec.cat\/insdertosa\/wp-json\/wp\/v2\/types\/post"}],"author":[{"embeddable":true,"href":"https:\/\/agora.xtec.cat\/insdertosa\/wp-json\/wp\/v2\/users\/148"}],"replies":[{"embeddable":true,"href":"https:\/\/agora.xtec.cat\/insdertosa\/wp-json\/wp\/v2\/comments?post=16441"}],"version-history":[{"count":1,"href":"https:\/\/agora.xtec.cat\/insdertosa\/wp-json\/wp\/v2\/posts\/16441\/revisions"}],"predecessor-version":[{"id":16447,"href":"https:\/\/agora.xtec.cat\/insdertosa\/wp-json\/wp\/v2\/posts\/16441\/revisions\/16447"}],"wp:featuredmedia":[{"embeddable":true,"href":"https:\/\/agora.xtec.cat\/insdertosa\/wp-json\/wp\/v2\/media\/16442"}],"wp:attachment":[{"href":"https:\/\/agora.xtec.cat\/insdertosa\/wp-json\/wp\/v2\/media?parent=16441"}],"wp:term":[{"taxonomy":"category","embeddable":true,"href":"https:\/\/agora.xtec.cat\/insdertosa\/wp-json\/wp\/v2\/categories?post=16441"},{"taxonomy":"post_tag","embeddable":true,"href":"https:\/\/agora.xtec.cat\/insdertosa\/wp-json\/wp\/v2\/tags?post=16441"}],"curies":[{"name":"wp","href":"https:\/\/api.w.org\/{rel}","templated":true}]}}