{"id":16425,"date":"2026-04-16T12:28:46","date_gmt":"2026-04-16T10:28:46","guid":{"rendered":"https:\/\/agora.xtec.cat\/insdertosa\/?p=16425"},"modified":"2026-04-16T12:28:46","modified_gmt":"2026-04-16T10:28:46","slug":"lalumnat-dalemany-de-1r-de-batxillerat-i-de-creacio-literaria-en-la-inauguracio-de-lexposicio-els-republicans-als-camps-de-concentracio-nazis","status":"publish","type":"post","link":"https:\/\/agora.xtec.cat\/insdertosa\/portada\/lalumnat-dalemany-de-1r-de-batxillerat-i-de-creacio-literaria-en-la-inauguracio-de-lexposicio-els-republicans-als-camps-de-concentracio-nazis\/","title":{"rendered":"L\u2019alumnat d\u2019alemany de 1r de batxillerat i de Creaci\u00f3 Liter\u00e0ria, en la inauguraci\u00f3 de l\u2019exposici\u00f3 Els republicans als camps de concentraci\u00f3 nazis"},"content":{"rendered":"<h1 data-section-id=\"16qg495\" data-start=\"146\" data-end=\"304\"><a href=\"https:\/\/agora.xtec.cat\/insdertosa\/wp-content\/uploads\/usu144\/2026\/04\/1-2-scaled.jpg\"><img loading=\"lazy\" decoding=\"async\" class=\"alignnone size-large wp-image-16427\" src=\"https:\/\/agora.xtec.cat\/insdertosa\/wp-content\/uploads\/usu144\/2026\/04\/1-2-480x1024.jpg\" alt=\"\" width=\"480\" height=\"1024\" srcset=\"https:\/\/agora.xtec.cat\/insdertosa\/wp-content\/uploads\/usu144\/2026\/04\/1-2-480x1024.jpg 480w, https:\/\/agora.xtec.cat\/insdertosa\/wp-content\/uploads\/usu144\/2026\/04\/1-2-141x300.jpg 141w, https:\/\/agora.xtec.cat\/insdertosa\/wp-content\/uploads\/usu144\/2026\/04\/1-2-768x1637.jpg 768w, https:\/\/agora.xtec.cat\/insdertosa\/wp-content\/uploads\/usu144\/2026\/04\/1-2-721x1536.jpg 721w, https:\/\/agora.xtec.cat\/insdertosa\/wp-content\/uploads\/usu144\/2026\/04\/1-2-961x2048.jpg 961w, https:\/\/agora.xtec.cat\/insdertosa\/wp-content\/uploads\/usu144\/2026\/04\/1-2-scaled.jpg 1201w\" sizes=\"auto, (max-width: 480px) 100vw, 480px\" \/><\/a><\/h1>\n<p data-start=\"306\" data-end=\"617\">Aquest dijous 16 d\u2019abril, l\u2019alumnat d\u2019alemany de 1r de batxillerat i el\u00a0 de Creaci\u00f3 Liter\u00e0ria varen assistir a la xerrada d\u2019inauguraci\u00f3 de l\u2019exposici\u00f3 <em data-start=\"477\" data-end=\"616\">ELS REPUBLICANS ALS CAMPS DE CONCENTRACI\u00d3 NAZIS. K.L. Reich, la novel\u00b7la de l\u2019horror viscut per l\u2019escriptor manres\u00e0 Joaquim Amat-Piniella<\/em>.<\/p>\n<p data-start=\"619\" data-end=\"916\">La inauguraci\u00f3 va anar a c\u00e0rrec de Quim Aloy, membre de l\u2019Associaci\u00f3 Mem\u00f2ria i Hist\u00f2ria de Manresa i un dels comissaris de la mostra, que va oferir a l\u2019alumnat una explicaci\u00f3 molt completa sobre la vida i l\u2019obra de Joaquim Amat-Piniella, una figura clau de la mem\u00f2ria democr\u00e0tica catalana.<\/p>\n<p data-start=\"918\" data-end=\"1244\">L\u2019exposici\u00f3, produ\u00efda pel Memorial Democr\u00e0tic de la Generalitat de Catalunya, pren com a eix central la novel\u00b7la <em data-start=\"1035\" data-end=\"1047\">K.L. Reich<\/em>, una obra fonamental de la literatura testimonial catalana que narra, a partir de l\u2019experi\u00e8ncia viscuda per l\u2019autor, les penalitats, la deshumanitzaci\u00f3 i l\u2019horror dels camps de concentraci\u00f3 nazis.<\/p>\n<p data-start=\"1246\" data-end=\"1730\">A trav\u00e9s de 12 roll-ups de gran for\u00e7a visual, la mostra fa un recorregut per les diferents etapes de la vida de l\u2019autor: la seua joventut compromesa amb la Rep\u00fablica, la Guerra Civil, l\u2019exili, la deportaci\u00f3 a Mauthausen i la seua superviv\u00e8ncia fins a l\u2019alliberament l\u2019any 1945. Tamb\u00e9 posa especial \u00e8mfasi en la import\u00e0ncia de la seua obra liter\u00e0ria com a eina per preservar la mem\u00f2ria hist\u00f2rica i advertir les generacions futures dels perills del feixisme i del totalitarisme.<\/p>\n<p data-start=\"1732\" data-end=\"1981\">La participaci\u00f3 en aquesta activitat ha perm\u00e8s a l\u2019alumnat aprofundir en un episodi tr\u00e0gic de la hist\u00f2ria europea del segle XX i reflexionar sobre valors essencials com la mem\u00f2ria, la dignitat humana, la llibertat i la defensa dels drets humans.<\/p>\n<p data-start=\"1983\" data-end=\"2206\">Des del centre, valorem molt positivament aquesta experi\u00e8ncia, que connecta la literatura, la hist\u00f2ria i el pensament cr\u00edtic, i que contribueix a formar una ciutadania conscient i compromesa amb la defensa de la democr\u00e0cia.<\/p>\n<p data-start=\"1983\" data-end=\"2206\"><a href=\"https:\/\/agora.xtec.cat\/insdertosa\/wp-content\/uploads\/usu144\/2026\/04\/2-2-rotated.jpg\"><img loading=\"lazy\" decoding=\"async\" class=\"alignnone size-large wp-image-16428\" src=\"https:\/\/agora.xtec.cat\/insdertosa\/wp-content\/uploads\/usu144\/2026\/04\/2-2-1024x461.jpg\" alt=\"\" width=\"1024\" height=\"461\" srcset=\"https:\/\/agora.xtec.cat\/insdertosa\/wp-content\/uploads\/usu144\/2026\/04\/2-2-1024x461.jpg 1024w, https:\/\/agora.xtec.cat\/insdertosa\/wp-content\/uploads\/usu144\/2026\/04\/2-2-300x135.jpg 300w, https:\/\/agora.xtec.cat\/insdertosa\/wp-content\/uploads\/usu144\/2026\/04\/2-2-768x346.jpg 768w, https:\/\/agora.xtec.cat\/insdertosa\/wp-content\/uploads\/usu144\/2026\/04\/2-2-1536x691.jpg 1536w, https:\/\/agora.xtec.cat\/insdertosa\/wp-content\/uploads\/usu144\/2026\/04\/2-2-2048x922.jpg 2048w\" sizes=\"auto, (max-width: 1024px) 100vw, 1024px\" \/><\/a><a href=\"https:\/\/agora.xtec.cat\/insdertosa\/wp-content\/uploads\/usu144\/2026\/04\/5-scaled.jpg\"><img loading=\"lazy\" decoding=\"async\" class=\"alignnone size-large wp-image-16429\" src=\"https:\/\/agora.xtec.cat\/insdertosa\/wp-content\/uploads\/usu144\/2026\/04\/5-461x1024.jpg\" alt=\"\" width=\"461\" height=\"1024\" srcset=\"https:\/\/agora.xtec.cat\/insdertosa\/wp-content\/uploads\/usu144\/2026\/04\/5-461x1024.jpg 461w, https:\/\/agora.xtec.cat\/insdertosa\/wp-content\/uploads\/usu144\/2026\/04\/5-135x300.jpg 135w, https:\/\/agora.xtec.cat\/insdertosa\/wp-content\/uploads\/usu144\/2026\/04\/5-768x1707.jpg 768w, https:\/\/agora.xtec.cat\/insdertosa\/wp-content\/uploads\/usu144\/2026\/04\/5-691x1536.jpg 691w, https:\/\/agora.xtec.cat\/insdertosa\/wp-content\/uploads\/usu144\/2026\/04\/5-922x2048.jpg 922w, https:\/\/agora.xtec.cat\/insdertosa\/wp-content\/uploads\/usu144\/2026\/04\/5-scaled.jpg 1152w\" sizes=\"auto, (max-width: 461px) 100vw, 461px\" \/><\/a> <a href=\"https:\/\/agora.xtec.cat\/insdertosa\/wp-content\/uploads\/usu144\/2026\/04\/3-scaled.jpg\"><img loading=\"lazy\" decoding=\"async\" class=\"alignnone size-large wp-image-16430\" src=\"https:\/\/agora.xtec.cat\/insdertosa\/wp-content\/uploads\/usu144\/2026\/04\/3-1024x461.jpg\" alt=\"\" width=\"1024\" height=\"461\" srcset=\"https:\/\/agora.xtec.cat\/insdertosa\/wp-content\/uploads\/usu144\/2026\/04\/3-1024x461.jpg 1024w, https:\/\/agora.xtec.cat\/insdertosa\/wp-content\/uploads\/usu144\/2026\/04\/3-300x135.jpg 300w, https:\/\/agora.xtec.cat\/insdertosa\/wp-content\/uploads\/usu144\/2026\/04\/3-768x346.jpg 768w, https:\/\/agora.xtec.cat\/insdertosa\/wp-content\/uploads\/usu144\/2026\/04\/3-1536x691.jpg 1536w, https:\/\/agora.xtec.cat\/insdertosa\/wp-content\/uploads\/usu144\/2026\/04\/3-2048x922.jpg 2048w\" sizes=\"auto, (max-width: 1024px) 100vw, 1024px\" \/><\/a><a href=\"https:\/\/agora.xtec.cat\/insdertosa\/wp-content\/uploads\/usu144\/2026\/04\/6-scaled.jpg\"><img loading=\"lazy\" decoding=\"async\" class=\"alignnone size-large wp-image-16431\" src=\"https:\/\/agora.xtec.cat\/insdertosa\/wp-content\/uploads\/usu144\/2026\/04\/6-461x1024.jpg\" alt=\"\" width=\"461\" height=\"1024\" srcset=\"https:\/\/agora.xtec.cat\/insdertosa\/wp-content\/uploads\/usu144\/2026\/04\/6-461x1024.jpg 461w, https:\/\/agora.xtec.cat\/insdertosa\/wp-content\/uploads\/usu144\/2026\/04\/6-135x300.jpg 135w, https:\/\/agora.xtec.cat\/insdertosa\/wp-content\/uploads\/usu144\/2026\/04\/6-768x1707.jpg 768w, https:\/\/agora.xtec.cat\/insdertosa\/wp-content\/uploads\/usu144\/2026\/04\/6-691x1536.jpg 691w, https:\/\/agora.xtec.cat\/insdertosa\/wp-content\/uploads\/usu144\/2026\/04\/6-922x2048.jpg 922w, https:\/\/agora.xtec.cat\/insdertosa\/wp-content\/uploads\/usu144\/2026\/04\/6-scaled.jpg 1152w\" sizes=\"auto, (max-width: 461px) 100vw, 461px\" \/><\/a><\/p>\n","protected":false},"excerpt":{"rendered":"<p>Aquest dijous 16 d\u2019abril, l\u2019alumnat d\u2019alemany de 1r de batxillerat i el\u00a0 de Creaci\u00f3 Liter\u00e0ria varen assistir a la xerrada d\u2019inauguraci\u00f3 de l\u2019exposici\u00f3 ELS REPUBLICANS ALS CAMPS DE CONCENTRACI\u00d3 NAZIS. K.L. Reich, la novel\u00b7la de l\u2019horror viscut per l\u2019escriptor manres\u00e0 Joaquim Amat-Piniella. La inauguraci\u00f3 va anar a c\u00e0rrec de Quim Aloy, membre de l\u2019Associaci\u00f3 Mem\u00f2ria [&hellip;]<\/p>\n","protected":false},"author":148,"featured_media":16430,"comment_status":"open","ping_status":"open","sticky":false,"template":"","format":"standard","meta":{"_bbp_topic_count":0,"_bbp_reply_count":0,"_bbp_total_topic_count":0,"_bbp_total_reply_count":0,"_bbp_voice_count":0,"_bbp_anonymous_reply_count":0,"_bbp_topic_count_hidden":0,"_bbp_reply_count_hidden":0,"_bbp_forum_subforum_count":0,"site-sidebar-layout":"default","site-content-layout":"","ast-site-content-layout":"default","site-content-style":"default","site-sidebar-style":"default","ast-global-header-display":"","ast-banner-title-visibility":"","ast-main-header-display":"","ast-hfb-above-header-display":"","ast-hfb-below-header-display":"","ast-hfb-mobile-header-display":"","site-post-title":"","ast-breadcrumbs-content":"","ast-featured-img":"","footer-sml-layout":"","theme-transparent-header-meta":"default","adv-header-id-meta":"","stick-header-meta":"","header-above-stick-meta":"","header-main-stick-meta":"","header-below-stick-meta":"","astra-migrate-meta-layouts":"set","ast-page-background-enabled":"default","ast-page-background-meta":{"desktop":{"background-color":"var(--ast-global-color-5)","background-image":"","background-repeat":"repeat","background-position":"center center","background-size":"auto","background-attachment":"scroll","background-type":"","background-media":"","overlay-type":"","overlay-color":"","overlay-opacity":"","overlay-gradient":""},"tablet":{"background-color":"","background-image":"","background-repeat":"repeat","background-position":"center center","background-size":"auto","background-attachment":"scroll","background-type":"","background-media":"","overlay-type":"","overlay-color":"","overlay-opacity":"","overlay-gradient":""},"mobile":{"background-color":"","background-image":"","background-repeat":"repeat","background-position":"center center","background-size":"auto","background-attachment":"scroll","background-type":"","background-media":"","overlay-type":"","overlay-color":"","overlay-opacity":"","overlay-gradient":""}},"ast-content-background-meta":{"desktop":{"background-color":"var(--ast-global-color-4)","background-image":"","background-repeat":"repeat","background-position":"center center","background-size":"auto","background-attachment":"scroll","background-type":"","background-media":"","overlay-type":"","overlay-color":"","overlay-opacity":"","overlay-gradient":""},"tablet":{"background-color":"var(--ast-global-color-4)","background-image":"","background-repeat":"repeat","background-position":"center center","background-size":"auto","background-attachment":"scroll","background-type":"","background-media":"","overlay-type":"","overlay-color":"","overlay-opacity":"","overlay-gradient":""},"mobile":{"background-color":"var(--ast-global-color-4)","background-image":"","background-repeat":"repeat","background-position":"center center","background-size":"auto","background-attachment":"scroll","background-type":"","background-media":"","overlay-type":"","overlay-color":"","overlay-opacity":"","overlay-gradient":""}},"footnotes":""},"categories":[150,29],"tags":[],"class_list":["post-16425","post","type-post","status-publish","format-standard","has-post-thumbnail","hentry","category-geografia-i-historia","category-portada"],"post_mailing_queue_ids":[],"_links":{"self":[{"href":"https:\/\/agora.xtec.cat\/insdertosa\/wp-json\/wp\/v2\/posts\/16425","targetHints":{"allow":["GET"]}}],"collection":[{"href":"https:\/\/agora.xtec.cat\/insdertosa\/wp-json\/wp\/v2\/posts"}],"about":[{"href":"https:\/\/agora.xtec.cat\/insdertosa\/wp-json\/wp\/v2\/types\/post"}],"author":[{"embeddable":true,"href":"https:\/\/agora.xtec.cat\/insdertosa\/wp-json\/wp\/v2\/users\/148"}],"replies":[{"embeddable":true,"href":"https:\/\/agora.xtec.cat\/insdertosa\/wp-json\/wp\/v2\/comments?post=16425"}],"version-history":[{"count":2,"href":"https:\/\/agora.xtec.cat\/insdertosa\/wp-json\/wp\/v2\/posts\/16425\/revisions"}],"predecessor-version":[{"id":16432,"href":"https:\/\/agora.xtec.cat\/insdertosa\/wp-json\/wp\/v2\/posts\/16425\/revisions\/16432"}],"wp:featuredmedia":[{"embeddable":true,"href":"https:\/\/agora.xtec.cat\/insdertosa\/wp-json\/wp\/v2\/media\/16430"}],"wp:attachment":[{"href":"https:\/\/agora.xtec.cat\/insdertosa\/wp-json\/wp\/v2\/media?parent=16425"}],"wp:term":[{"taxonomy":"category","embeddable":true,"href":"https:\/\/agora.xtec.cat\/insdertosa\/wp-json\/wp\/v2\/categories?post=16425"},{"taxonomy":"post_tag","embeddable":true,"href":"https:\/\/agora.xtec.cat\/insdertosa\/wp-json\/wp\/v2\/tags?post=16425"}],"curies":[{"name":"wp","href":"https:\/\/api.w.org\/{rel}","templated":true}]}}