{"id":16418,"date":"2026-04-16T07:58:24","date_gmt":"2026-04-16T05:58:24","guid":{"rendered":"https:\/\/agora.xtec.cat\/insdertosa\/?p=16418"},"modified":"2026-04-16T07:58:24","modified_gmt":"2026-04-16T05:58:24","slug":"ruta-tortosa-la-gernika-catalana","status":"publish","type":"post","link":"https:\/\/agora.xtec.cat\/insdertosa\/portada\/ruta-tortosa-la-gernika-catalana\/","title":{"rendered":"Ruta Tortosa. La Gernika catalana"},"content":{"rendered":"<p><a href=\"https:\/\/agora.xtec.cat\/insdertosa\/wp-content\/uploads\/usu144\/2026\/04\/IMG-20260416-WA0004.jpg\"><img loading=\"lazy\" decoding=\"async\" class=\"alignnone size-large wp-image-16420\" src=\"https:\/\/agora.xtec.cat\/insdertosa\/wp-content\/uploads\/usu144\/2026\/04\/IMG-20260416-WA0004-1024x576.jpg\" alt=\"\" width=\"1024\" height=\"576\" srcset=\"https:\/\/agora.xtec.cat\/insdertosa\/wp-content\/uploads\/usu144\/2026\/04\/IMG-20260416-WA0004-1024x576.jpg 1024w, https:\/\/agora.xtec.cat\/insdertosa\/wp-content\/uploads\/usu144\/2026\/04\/IMG-20260416-WA0004-300x169.jpg 300w, https:\/\/agora.xtec.cat\/insdertosa\/wp-content\/uploads\/usu144\/2026\/04\/IMG-20260416-WA0004-768x432.jpg 768w, https:\/\/agora.xtec.cat\/insdertosa\/wp-content\/uploads\/usu144\/2026\/04\/IMG-20260416-WA0004-1536x864.jpg 1536w, https:\/\/agora.xtec.cat\/insdertosa\/wp-content\/uploads\/usu144\/2026\/04\/IMG-20260416-WA0004.jpg 2040w\" sizes=\"auto, (max-width: 1024px) 100vw, 1024px\" \/><\/a><\/p>\n<p><span style=\"font-weight: 400\">Dimecres, 15 d\u2019abril de 2026, l\u2019alumnat de 4t d\u2019ESO ha assistit a la visita guiada per la ciutat de Tortosa que porta per nom <\/span><i><span style=\"font-weight: 400\">La Gernika catalana <\/span><\/i><span style=\"font-weight: 400\">i que es troba inclosa dintre de la programaci\u00f3 de les VI Jornades de Mem\u00f2ria Democr\u00e0tica que organitza l\u2019institut Dertosa.\u00a0<\/span><\/p>\n<p><span style=\"font-weight: 400\">Just l\u2019abril de 1938 la ciutat de Tortosa va patir un dels pitjors bombardejos durant la Guerra Civil Espanyola sota l\u2019aviaci\u00f3 feixista que va suposar la desfeta de la ciutat, la trag\u00e8dia de moltes fam\u00edlies i la p\u00e8rdua de la vida per a molts ciutadans civils.\u00a0<\/span><\/p>\n<p><span style=\"font-weight: 400\">Hem fet 4 parades al llarg del recorregut, el parc Teodor Gonz\u00e1lez, el pont roig, l\u2019Ajuntament de Tortosa i el carrer Hemingway.\u00a0<\/span><\/p>\n<p><a href=\"https:\/\/agora.xtec.cat\/insdertosa\/wp-content\/uploads\/usu144\/2026\/04\/IMG-20260416-WA0005-1.jpg\"><img loading=\"lazy\" decoding=\"async\" class=\"alignnone size-large wp-image-16422\" src=\"https:\/\/agora.xtec.cat\/insdertosa\/wp-content\/uploads\/usu144\/2026\/04\/IMG-20260416-WA0005-1-1024x576.jpg\" alt=\"\" width=\"1024\" height=\"576\" srcset=\"https:\/\/agora.xtec.cat\/insdertosa\/wp-content\/uploads\/usu144\/2026\/04\/IMG-20260416-WA0005-1-1024x576.jpg 1024w, https:\/\/agora.xtec.cat\/insdertosa\/wp-content\/uploads\/usu144\/2026\/04\/IMG-20260416-WA0005-1-300x169.jpg 300w, https:\/\/agora.xtec.cat\/insdertosa\/wp-content\/uploads\/usu144\/2026\/04\/IMG-20260416-WA0005-1-768x432.jpg 768w, https:\/\/agora.xtec.cat\/insdertosa\/wp-content\/uploads\/usu144\/2026\/04\/IMG-20260416-WA0005-1-1536x864.jpg 1536w, https:\/\/agora.xtec.cat\/insdertosa\/wp-content\/uploads\/usu144\/2026\/04\/IMG-20260416-WA0005-1.jpg 2040w\" sizes=\"auto, (max-width: 1024px) 100vw, 1024px\" \/><\/a><\/p>\n<p><span style=\"font-weight: 400\">L\u2019objectiu era ben clar, connectar present i passat. Presentar a l\u2019alumnat els espais que sovint freq\u00fcenten fent un exercici d\u2019empatia hist\u00f2rica amb la gent que vivia a Tortosa el 1938.<\/span><\/p>\n<p><span style=\"font-weight: 400\">Hem recordat dates, llocs, fets, estrat\u00e8gies\u2026 per\u00f2 sobretot s\u2019ha parlat de gent, d\u2019humanitat, de solidaritat, de superviv\u00e8ncia i d\u2019all\u00f2 que sovint s\u2019ha volgut silenciar.\u00a0<\/span><\/p>\n<p><span style=\"font-weight: 400\">Agra\u00efm la participaci\u00f3 de tot l\u2019alumnat, alguns dels quals a m\u00e9s, han aportat la seua m\u00fasica a la sortida. Agra\u00efm tamb\u00e9 la tasca de tot el professorat implicat sense el qual i sense la seva disponibilitat i comprom\u00eds no serien possibles aquesta mena d\u2019actes.<\/span><\/p>\n<p><span style=\"font-weight: 400\">Avui us oferim unes imatges molt m\u00e9s amables que les del 38, joventut ocupant els carrers per evitar que mai es torni a repetir una situaci\u00f3 igual si m\u00e9s no a casa nostra.<\/span><\/p>\n<p><a href=\"https:\/\/agora.xtec.cat\/insdertosa\/wp-content\/uploads\/usu144\/2026\/04\/IMG-20260416-WA0005.jpg\"><img loading=\"lazy\" decoding=\"async\" class=\"alignnone size-large wp-image-16421\" src=\"https:\/\/agora.xtec.cat\/insdertosa\/wp-content\/uploads\/usu144\/2026\/04\/IMG-20260416-WA0005-1024x576.jpg\" alt=\"\" width=\"1024\" height=\"576\" srcset=\"https:\/\/agora.xtec.cat\/insdertosa\/wp-content\/uploads\/usu144\/2026\/04\/IMG-20260416-WA0005-1024x576.jpg 1024w, https:\/\/agora.xtec.cat\/insdertosa\/wp-content\/uploads\/usu144\/2026\/04\/IMG-20260416-WA0005-300x169.jpg 300w, https:\/\/agora.xtec.cat\/insdertosa\/wp-content\/uploads\/usu144\/2026\/04\/IMG-20260416-WA0005-768x432.jpg 768w, https:\/\/agora.xtec.cat\/insdertosa\/wp-content\/uploads\/usu144\/2026\/04\/IMG-20260416-WA0005-1536x864.jpg 1536w, https:\/\/agora.xtec.cat\/insdertosa\/wp-content\/uploads\/usu144\/2026\/04\/IMG-20260416-WA0005.jpg 2040w\" sizes=\"auto, (max-width: 1024px) 100vw, 1024px\" \/><\/a><\/p>\n","protected":false},"excerpt":{"rendered":"<p>Dimecres, 15 d\u2019abril de 2026, l\u2019alumnat de 4t d\u2019ESO ha assistit a la visita guiada per la ciutat de Tortosa que porta per nom La Gernika catalana i que es troba inclosa dintre de la programaci\u00f3 de les VI Jornades de Mem\u00f2ria Democr\u00e0tica que organitza l\u2019institut Dertosa.\u00a0 Just l\u2019abril de 1938 la ciutat de Tortosa [&hellip;]<\/p>\n","protected":false},"author":148,"featured_media":16420,"comment_status":"open","ping_status":"open","sticky":false,"template":"","format":"standard","meta":{"_bbp_topic_count":0,"_bbp_reply_count":0,"_bbp_total_topic_count":0,"_bbp_total_reply_count":0,"_bbp_voice_count":0,"_bbp_anonymous_reply_count":0,"_bbp_topic_count_hidden":0,"_bbp_reply_count_hidden":0,"_bbp_forum_subforum_count":0,"site-sidebar-layout":"default","site-content-layout":"","ast-site-content-layout":"default","site-content-style":"default","site-sidebar-style":"default","ast-global-header-display":"","ast-banner-title-visibility":"","ast-main-header-display":"","ast-hfb-above-header-display":"","ast-hfb-below-header-display":"","ast-hfb-mobile-header-display":"","site-post-title":"","ast-breadcrumbs-content":"","ast-featured-img":"","footer-sml-layout":"","theme-transparent-header-meta":"default","adv-header-id-meta":"","stick-header-meta":"","header-above-stick-meta":"","header-main-stick-meta":"","header-below-stick-meta":"","astra-migrate-meta-layouts":"set","ast-page-background-enabled":"default","ast-page-background-meta":{"desktop":{"background-color":"var(--ast-global-color-5)","background-image":"","background-repeat":"repeat","background-position":"center center","background-size":"auto","background-attachment":"scroll","background-type":"","background-media":"","overlay-type":"","overlay-color":"","overlay-opacity":"","overlay-gradient":""},"tablet":{"background-color":"","background-image":"","background-repeat":"repeat","background-position":"center center","background-size":"auto","background-attachment":"scroll","background-type":"","background-media":"","overlay-type":"","overlay-color":"","overlay-opacity":"","overlay-gradient":""},"mobile":{"background-color":"","background-image":"","background-repeat":"repeat","background-position":"center center","background-size":"auto","background-attachment":"scroll","background-type":"","background-media":"","overlay-type":"","overlay-color":"","overlay-opacity":"","overlay-gradient":""}},"ast-content-background-meta":{"desktop":{"background-color":"var(--ast-global-color-4)","background-image":"","background-repeat":"repeat","background-position":"center center","background-size":"auto","background-attachment":"scroll","background-type":"","background-media":"","overlay-type":"","overlay-color":"","overlay-opacity":"","overlay-gradient":""},"tablet":{"background-color":"var(--ast-global-color-4)","background-image":"","background-repeat":"repeat","background-position":"center center","background-size":"auto","background-attachment":"scroll","background-type":"","background-media":"","overlay-type":"","overlay-color":"","overlay-opacity":"","overlay-gradient":""},"mobile":{"background-color":"var(--ast-global-color-4)","background-image":"","background-repeat":"repeat","background-position":"center center","background-size":"auto","background-attachment":"scroll","background-type":"","background-media":"","overlay-type":"","overlay-color":"","overlay-opacity":"","overlay-gradient":""}},"footnotes":""},"categories":[150,29,96],"tags":[],"class_list":["post-16418","post","type-post","status-publish","format-standard","has-post-thumbnail","hentry","category-geografia-i-historia","category-portada","category-projectes"],"post_mailing_queue_ids":[],"_links":{"self":[{"href":"https:\/\/agora.xtec.cat\/insdertosa\/wp-json\/wp\/v2\/posts\/16418","targetHints":{"allow":["GET"]}}],"collection":[{"href":"https:\/\/agora.xtec.cat\/insdertosa\/wp-json\/wp\/v2\/posts"}],"about":[{"href":"https:\/\/agora.xtec.cat\/insdertosa\/wp-json\/wp\/v2\/types\/post"}],"author":[{"embeddable":true,"href":"https:\/\/agora.xtec.cat\/insdertosa\/wp-json\/wp\/v2\/users\/148"}],"replies":[{"embeddable":true,"href":"https:\/\/agora.xtec.cat\/insdertosa\/wp-json\/wp\/v2\/comments?post=16418"}],"version-history":[{"count":2,"href":"https:\/\/agora.xtec.cat\/insdertosa\/wp-json\/wp\/v2\/posts\/16418\/revisions"}],"predecessor-version":[{"id":16423,"href":"https:\/\/agora.xtec.cat\/insdertosa\/wp-json\/wp\/v2\/posts\/16418\/revisions\/16423"}],"wp:featuredmedia":[{"embeddable":true,"href":"https:\/\/agora.xtec.cat\/insdertosa\/wp-json\/wp\/v2\/media\/16420"}],"wp:attachment":[{"href":"https:\/\/agora.xtec.cat\/insdertosa\/wp-json\/wp\/v2\/media?parent=16418"}],"wp:term":[{"taxonomy":"category","embeddable":true,"href":"https:\/\/agora.xtec.cat\/insdertosa\/wp-json\/wp\/v2\/categories?post=16418"},{"taxonomy":"post_tag","embeddable":true,"href":"https:\/\/agora.xtec.cat\/insdertosa\/wp-json\/wp\/v2\/tags?post=16418"}],"curies":[{"name":"wp","href":"https:\/\/api.w.org\/{rel}","templated":true}]}}