{"id":16404,"date":"2026-04-12T20:31:49","date_gmt":"2026-04-12T18:31:49","guid":{"rendered":"https:\/\/agora.xtec.cat\/insdertosa\/?p=16404"},"modified":"2026-04-12T20:31:49","modified_gmt":"2026-04-12T18:31:49","slug":"participacio-de-lalumnat-a-la-fira-literaria-joan-cid-i-mulet","status":"publish","type":"post","link":"https:\/\/agora.xtec.cat\/insdertosa\/portada\/participacio-de-lalumnat-a-la-fira-literaria-joan-cid-i-mulet\/","title":{"rendered":"Participaci\u00f3 de l\u2019alumnat a la Fira Liter\u00e0ria Joan Cid i Mulet"},"content":{"rendered":"<p data-start=\"0\" data-end=\"66\"><a href=\"https:\/\/agora.xtec.cat\/insdertosa\/wp-content\/uploads\/usu144\/2026\/04\/1.jpg\"><img loading=\"lazy\" decoding=\"async\" class=\"alignnone size-large wp-image-16405\" src=\"https:\/\/agora.xtec.cat\/insdertosa\/wp-content\/uploads\/usu144\/2026\/04\/1-1024x771.jpg\" alt=\"\" width=\"1024\" height=\"771\" srcset=\"https:\/\/agora.xtec.cat\/insdertosa\/wp-content\/uploads\/usu144\/2026\/04\/1-1024x771.jpg 1024w, https:\/\/agora.xtec.cat\/insdertosa\/wp-content\/uploads\/usu144\/2026\/04\/1-300x226.jpg 300w, https:\/\/agora.xtec.cat\/insdertosa\/wp-content\/uploads\/usu144\/2026\/04\/1-768x578.jpg 768w, https:\/\/agora.xtec.cat\/insdertosa\/wp-content\/uploads\/usu144\/2026\/04\/1-1536x1157.jpg 1536w, https:\/\/agora.xtec.cat\/insdertosa\/wp-content\/uploads\/usu144\/2026\/04\/1.jpg 2040w\" sizes=\"auto, (max-width: 1024px) 100vw, 1024px\" \/><\/a><\/p>\n<p data-start=\"68\" data-end=\"369\">Dissabte 11 d\u2019abril, diversos alumnes de l\u2019institut van prendre part en l\u2019acte de lliurament de premis dels Treballs de Recerca (TDR) de la Fira Liter\u00e0ria Joan Cid i Mulet, una trobada que reconeix l\u2019esfor\u00e7, la qualitat i la dedicaci\u00f3 dels projectes de recerca realitzats per l\u2019alumnat de batxillerat.<\/p>\n<p data-start=\"371\" data-end=\"705\">L\u2019acte va reunir estudiants de diferents centres educatius, que van presentar i veure reconeguts els seus treballs en un ambient de celebraci\u00f3 acad\u00e8mica i posada en valor del talent jove. La participaci\u00f3 dels nostres alumnes \u00e9s una mostra del comprom\u00eds del centre amb la recerca, el rigor acad\u00e8mic i la formaci\u00f3 integral de l\u2019alumnat.<\/p>\n<p data-start=\"707\" data-end=\"1061\">Els estudiants van estar acompanyats pels seus tutors i tutores de TDR, que han tingut un paper fonamental en l\u2019orientaci\u00f3, el seguiment i el suport durant tot el proc\u00e9s d\u2019elaboraci\u00f3 dels treballs. Aquesta tasca d\u2019acompanyament docent ha estat clau per garantir la qualitat dels projectes presentats i per fomentar l\u2019esperit investigador entre l\u2019alumnat.<\/p>\n<p data-start=\"1063\" data-end=\"1349\" data-is-last-node=\"\" data-is-only-node=\"\">Des del centre, volem felicitar tots els participants per la seua implicaci\u00f3 i esfor\u00e7, aix\u00ed com agrair la dedicaci\u00f3 del professorat tutor. Aquest tipus d\u2019experi\u00e8ncies contribueixen a enfortir la motivaci\u00f3 de l\u2019alumnat i a consolidar el valor educatiu de la recerca dins del batxillerat.<\/p>\n<p data-start=\"1063\" data-end=\"1349\" data-is-last-node=\"\" data-is-only-node=\"\"><a href=\"https:\/\/agora.xtec.cat\/insdertosa\/wp-content\/uploads\/usu144\/2026\/04\/2.jpg\"><img loading=\"lazy\" decoding=\"async\" class=\"alignnone size-large wp-image-16406\" src=\"https:\/\/agora.xtec.cat\/insdertosa\/wp-content\/uploads\/usu144\/2026\/04\/2-1024x771.jpg\" alt=\"\" width=\"1024\" height=\"771\" srcset=\"https:\/\/agora.xtec.cat\/insdertosa\/wp-content\/uploads\/usu144\/2026\/04\/2-1024x771.jpg 1024w, https:\/\/agora.xtec.cat\/insdertosa\/wp-content\/uploads\/usu144\/2026\/04\/2-300x226.jpg 300w, https:\/\/agora.xtec.cat\/insdertosa\/wp-content\/uploads\/usu144\/2026\/04\/2-768x578.jpg 768w, https:\/\/agora.xtec.cat\/insdertosa\/wp-content\/uploads\/usu144\/2026\/04\/2-1536x1157.jpg 1536w, https:\/\/agora.xtec.cat\/insdertosa\/wp-content\/uploads\/usu144\/2026\/04\/2.jpg 2040w\" sizes=\"auto, (max-width: 1024px) 100vw, 1024px\" \/><\/a><\/p>\n","protected":false},"excerpt":{"rendered":"<p>Dissabte 11 d\u2019abril, diversos alumnes de l\u2019institut van prendre part en l\u2019acte de lliurament de premis dels Treballs de Recerca (TDR) de la Fira Liter\u00e0ria Joan Cid i Mulet, una trobada que reconeix l\u2019esfor\u00e7, la qualitat i la dedicaci\u00f3 dels projectes de recerca realitzats per l\u2019alumnat de batxillerat. L\u2019acte va reunir estudiants de diferents centres [&hellip;]<\/p>\n","protected":false},"author":148,"featured_media":16405,"comment_status":"open","ping_status":"open","sticky":false,"template":"","format":"standard","meta":{"_bbp_topic_count":0,"_bbp_reply_count":0,"_bbp_total_topic_count":0,"_bbp_total_reply_count":0,"_bbp_voice_count":0,"_bbp_anonymous_reply_count":0,"_bbp_topic_count_hidden":0,"_bbp_reply_count_hidden":0,"_bbp_forum_subforum_count":0,"site-sidebar-layout":"default","site-content-layout":"","ast-site-content-layout":"default","site-content-style":"default","site-sidebar-style":"default","ast-global-header-display":"","ast-banner-title-visibility":"","ast-main-header-display":"","ast-hfb-above-header-display":"","ast-hfb-below-header-display":"","ast-hfb-mobile-header-display":"","site-post-title":"","ast-breadcrumbs-content":"","ast-featured-img":"","footer-sml-layout":"","theme-transparent-header-meta":"default","adv-header-id-meta":"","stick-header-meta":"","header-above-stick-meta":"","header-main-stick-meta":"","header-below-stick-meta":"","astra-migrate-meta-layouts":"set","ast-page-background-enabled":"default","ast-page-background-meta":{"desktop":{"background-color":"var(--ast-global-color-5)","background-image":"","background-repeat":"repeat","background-position":"center center","background-size":"auto","background-attachment":"scroll","background-type":"","background-media":"","overlay-type":"","overlay-color":"","overlay-opacity":"","overlay-gradient":""},"tablet":{"background-color":"","background-image":"","background-repeat":"repeat","background-position":"center center","background-size":"auto","background-attachment":"scroll","background-type":"","background-media":"","overlay-type":"","overlay-color":"","overlay-opacity":"","overlay-gradient":""},"mobile":{"background-color":"","background-image":"","background-repeat":"repeat","background-position":"center center","background-size":"auto","background-attachment":"scroll","background-type":"","background-media":"","overlay-type":"","overlay-color":"","overlay-opacity":"","overlay-gradient":""}},"ast-content-background-meta":{"desktop":{"background-color":"var(--ast-global-color-4)","background-image":"","background-repeat":"repeat","background-position":"center center","background-size":"auto","background-attachment":"scroll","background-type":"","background-media":"","overlay-type":"","overlay-color":"","overlay-opacity":"","overlay-gradient":""},"tablet":{"background-color":"var(--ast-global-color-4)","background-image":"","background-repeat":"repeat","background-position":"center center","background-size":"auto","background-attachment":"scroll","background-type":"","background-media":"","overlay-type":"","overlay-color":"","overlay-opacity":"","overlay-gradient":""},"mobile":{"background-color":"var(--ast-global-color-4)","background-image":"","background-repeat":"repeat","background-position":"center center","background-size":"auto","background-attachment":"scroll","background-type":"","background-media":"","overlay-type":"","overlay-color":"","overlay-opacity":"","overlay-gradient":""}},"footnotes":""},"categories":[76,29],"tags":[],"class_list":["post-16404","post","type-post","status-publish","format-standard","has-post-thumbnail","hentry","category-catala-departaments","category-portada"],"post_mailing_queue_ids":[],"_links":{"self":[{"href":"https:\/\/agora.xtec.cat\/insdertosa\/wp-json\/wp\/v2\/posts\/16404","targetHints":{"allow":["GET"]}}],"collection":[{"href":"https:\/\/agora.xtec.cat\/insdertosa\/wp-json\/wp\/v2\/posts"}],"about":[{"href":"https:\/\/agora.xtec.cat\/insdertosa\/wp-json\/wp\/v2\/types\/post"}],"author":[{"embeddable":true,"href":"https:\/\/agora.xtec.cat\/insdertosa\/wp-json\/wp\/v2\/users\/148"}],"replies":[{"embeddable":true,"href":"https:\/\/agora.xtec.cat\/insdertosa\/wp-json\/wp\/v2\/comments?post=16404"}],"version-history":[{"count":1,"href":"https:\/\/agora.xtec.cat\/insdertosa\/wp-json\/wp\/v2\/posts\/16404\/revisions"}],"predecessor-version":[{"id":16407,"href":"https:\/\/agora.xtec.cat\/insdertosa\/wp-json\/wp\/v2\/posts\/16404\/revisions\/16407"}],"wp:featuredmedia":[{"embeddable":true,"href":"https:\/\/agora.xtec.cat\/insdertosa\/wp-json\/wp\/v2\/media\/16405"}],"wp:attachment":[{"href":"https:\/\/agora.xtec.cat\/insdertosa\/wp-json\/wp\/v2\/media?parent=16404"}],"wp:term":[{"taxonomy":"category","embeddable":true,"href":"https:\/\/agora.xtec.cat\/insdertosa\/wp-json\/wp\/v2\/categories?post=16404"},{"taxonomy":"post_tag","embeddable":true,"href":"https:\/\/agora.xtec.cat\/insdertosa\/wp-json\/wp\/v2\/tags?post=16404"}],"curies":[{"name":"wp","href":"https:\/\/api.w.org\/{rel}","templated":true}]}}