{"id":16213,"date":"2026-03-04T12:22:26","date_gmt":"2026-03-04T11:22:26","guid":{"rendered":"https:\/\/agora.xtec.cat\/insdertosa\/?p=16213"},"modified":"2026-03-04T12:22:26","modified_gmt":"2026-03-04T11:22:26","slug":"difusio-erasmus","status":"publish","type":"post","link":"https:\/\/agora.xtec.cat\/insdertosa\/centre\/eso\/eso-3\/difusio-erasmus\/","title":{"rendered":"Difusi\u00f3 Erasmus+"},"content":{"rendered":"<p>El passat febrer vam tenir la sort d&#8217;acollir a quatre alumnes Erasmus, dos de Tx\u00e8quia i dos de Pol\u00f2nia. L&#8217;experi\u00e8ncia va ser molt enriquidora tant per als alumnes que els van acollir, com per a les seues fam\u00edlies, com per als companys que van compartir classes amb ells, com a per al professorat que els va tenir. Experi\u00e8ncies aix\u00ed ens fan m\u00e9s internacionals.<\/p>\n<p>L&#8217;\u00faltim dia de la seua estada, els alumnes txecs i polonesos van passar per les classes de tercer d&#8217;ESO a explicar la seua experi\u00e8ncia als alumnes que el curs que ve tindran la possibilitat de participar en una llarga mobilitat. Aix\u00f2 va permetre els nostres alumnes veure l&#8217;Erasmus des de la perspectiva dels alumnes i poder-los preguntar dubtes i compartir inquietuds.<\/p>\n<p>&#8230;&#8230;&#8230;&#8230;&#8230;&#8230;&#8230;&#8230;&#8230;&#8230;&#8230;&#8230;&#8230;&#8230;&#8230;&#8230;&#8230;&#8230;&#8230;&#8230;&#8230;&#8230;&#8230;&#8230;&#8230;&#8230;&#8230;&#8230;&#8230;&#8230;&#8230;&#8230;&#8230;&#8230;&#8230;&#8230;&#8230;&#8230;&#8230;&#8230;&#8230;&#8230;&#8230;&#8230;&#8230;&#8230;&#8230;&#8230;&#8230;&#8230;&#8230;&#8230;&#8230;&#8230;&#8230;&#8230;&#8230;&#8230;&#8230;&#8230;&#8230;&#8230;&#8230;&#8230;&#8230;&#8230;&#8230;&#8230;&#8230;&#8230;&#8230;&#8230;&#8230;&#8230;&#8230;&#8230;&#8230;&#8230;..<\/p>\n<p data-start=\"0\" data-end=\"359\">Last February, we had the opportunity to host four Erasmus students, two from the Czech Republic and two from Poland. The experience was very enriching not only for the students who hosted them, but also for their families, the classmates who shared lessons with them, and the teachers who taught them. Experiences like this help us become more international.<\/p>\n<p data-start=\"361\" data-end=\"746\" data-is-last-node=\"\" data-is-only-node=\"\">On the last day of their stay, the Czech and Polish students visited the third-year secondary school classes to talk about their experience to the students who will have the opportunity to take part in a long-term mobility programme next year. This allowed our students to see Erasmus from the participants\u2019 perspective, ask questions, and share any doubts or concerns they might have.<\/p>\n<p data-start=\"361\" data-end=\"746\" data-is-last-node=\"\" data-is-only-node=\"\"><img loading=\"lazy\" decoding=\"async\" class=\"aligncenter size-medium wp-image-16214\" src=\"https:\/\/agora.xtec.cat\/insdertosa\/wp-content\/uploads\/usu144\/2026\/03\/1772623039475-300x139.jpg\" alt=\"\" width=\"300\" height=\"139\" srcset=\"https:\/\/agora.xtec.cat\/insdertosa\/wp-content\/uploads\/usu144\/2026\/03\/1772623039475-300x139.jpg 300w, https:\/\/agora.xtec.cat\/insdertosa\/wp-content\/uploads\/usu144\/2026\/03\/1772623039475-1024x473.jpg 1024w, https:\/\/agora.xtec.cat\/insdertosa\/wp-content\/uploads\/usu144\/2026\/03\/1772623039475-768x355.jpg 768w, https:\/\/agora.xtec.cat\/insdertosa\/wp-content\/uploads\/usu144\/2026\/03\/1772623039475-1536x710.jpg 1536w, https:\/\/agora.xtec.cat\/insdertosa\/wp-content\/uploads\/usu144\/2026\/03\/1772623039475.jpg 2000w\" sizes=\"auto, (max-width: 300px) 100vw, 300px\" \/><\/p>\n<p data-start=\"361\" data-end=\"746\" data-is-last-node=\"\" data-is-only-node=\"\"><img loading=\"lazy\" decoding=\"async\" class=\"aligncenter size-medium wp-image-16215\" src=\"https:\/\/agora.xtec.cat\/insdertosa\/wp-content\/uploads\/usu144\/2026\/03\/17726229647100-300x225.jpg\" alt=\"\" width=\"300\" height=\"225\" srcset=\"https:\/\/agora.xtec.cat\/insdertosa\/wp-content\/uploads\/usu144\/2026\/03\/17726229647100-300x225.jpg 300w, https:\/\/agora.xtec.cat\/insdertosa\/wp-content\/uploads\/usu144\/2026\/03\/17726229647100-1024x768.jpg 1024w, https:\/\/agora.xtec.cat\/insdertosa\/wp-content\/uploads\/usu144\/2026\/03\/17726229647100-768x576.jpg 768w, https:\/\/agora.xtec.cat\/insdertosa\/wp-content\/uploads\/usu144\/2026\/03\/17726229647100-1536x1152.jpg 1536w, https:\/\/agora.xtec.cat\/insdertosa\/wp-content\/uploads\/usu144\/2026\/03\/17726229647100.jpg 2000w\" sizes=\"auto, (max-width: 300px) 100vw, 300px\" \/><\/p>\n<p data-start=\"361\" data-end=\"746\" data-is-last-node=\"\" data-is-only-node=\"\"><img loading=\"lazy\" decoding=\"async\" class=\"aligncenter size-medium wp-image-15378\" src=\"https:\/\/agora.xtec.cat\/insdertosa\/wp-content\/uploads\/usu144\/2025\/09\/es_cofinanciado_por_la_union_europea_pos-1-2048x429-1-300x63.png\" alt=\"\" width=\"300\" height=\"63\" srcset=\"https:\/\/agora.xtec.cat\/insdertosa\/wp-content\/uploads\/usu144\/2025\/09\/es_cofinanciado_por_la_union_europea_pos-1-2048x429-1-300x63.png 300w, https:\/\/agora.xtec.cat\/insdertosa\/wp-content\/uploads\/usu144\/2025\/09\/es_cofinanciado_por_la_union_europea_pos-1-2048x429-1-1024x215.png 1024w, https:\/\/agora.xtec.cat\/insdertosa\/wp-content\/uploads\/usu144\/2025\/09\/es_cofinanciado_por_la_union_europea_pos-1-2048x429-1-768x161.png 768w, https:\/\/agora.xtec.cat\/insdertosa\/wp-content\/uploads\/usu144\/2025\/09\/es_cofinanciado_por_la_union_europea_pos-1-2048x429-1-1536x322.png 1536w, https:\/\/agora.xtec.cat\/insdertosa\/wp-content\/uploads\/usu144\/2025\/09\/es_cofinanciado_por_la_union_europea_pos-1-2048x429-1.png 2048w\" sizes=\"auto, (max-width: 300px) 100vw, 300px\" \/><img loading=\"lazy\" decoding=\"async\" class=\"aligncenter size-medium wp-image-15388\" src=\"https:\/\/agora.xtec.cat\/insdertosa\/wp-content\/uploads\/usu144\/2025\/09\/Portada-Informe-de-Proyecto-Moderno-Sencillo-Violeta-y-Blanco-1-1-300x212.png\" alt=\"\" width=\"300\" height=\"212\" srcset=\"https:\/\/agora.xtec.cat\/insdertosa\/wp-content\/uploads\/usu144\/2025\/09\/Portada-Informe-de-Proyecto-Moderno-Sencillo-Violeta-y-Blanco-1-1-300x212.png 300w, https:\/\/agora.xtec.cat\/insdertosa\/wp-content\/uploads\/usu144\/2025\/09\/Portada-Informe-de-Proyecto-Moderno-Sencillo-Violeta-y-Blanco-1-1-1024x724.png 1024w, https:\/\/agora.xtec.cat\/insdertosa\/wp-content\/uploads\/usu144\/2025\/09\/Portada-Informe-de-Proyecto-Moderno-Sencillo-Violeta-y-Blanco-1-1-768x543.png 768w, https:\/\/agora.xtec.cat\/insdertosa\/wp-content\/uploads\/usu144\/2025\/09\/Portada-Informe-de-Proyecto-Moderno-Sencillo-Violeta-y-Blanco-1-1-1536x1086.png 1536w, https:\/\/agora.xtec.cat\/insdertosa\/wp-content\/uploads\/usu144\/2025\/09\/Portada-Informe-de-Proyecto-Moderno-Sencillo-Violeta-y-Blanco-1-1.png 2000w\" sizes=\"auto, (max-width: 300px) 100vw, 300px\" \/><\/p>\n<p data-start=\"361\" data-end=\"746\" data-is-last-node=\"\" data-is-only-node=\"\">\n","protected":false},"excerpt":{"rendered":"<p>El passat febrer vam tenir la sort d&#8217;acollir a quatre alumnes Erasmus, dos de Tx\u00e8quia i dos de Pol\u00f2nia. L&#8217;experi\u00e8ncia va ser molt enriquidora tant per als alumnes que els van acollir, com per a les seues fam\u00edlies, com per als companys que van compartir classes amb ells, com a per al professorat que els [&hellip;]<\/p>\n","protected":false},"author":1,"featured_media":16214,"comment_status":"open","ping_status":"open","sticky":false,"template":"","format":"standard","meta":{"_bbp_topic_count":0,"_bbp_reply_count":0,"_bbp_total_topic_count":0,"_bbp_total_reply_count":0,"_bbp_voice_count":0,"_bbp_anonymous_reply_count":0,"_bbp_topic_count_hidden":0,"_bbp_reply_count_hidden":0,"_bbp_forum_subforum_count":0,"site-sidebar-layout":"default","site-content-layout":"","ast-site-content-layout":"default","site-content-style":"default","site-sidebar-style":"default","ast-global-header-display":"","ast-banner-title-visibility":"","ast-main-header-display":"","ast-hfb-above-header-display":"","ast-hfb-below-header-display":"","ast-hfb-mobile-header-display":"","site-post-title":"","ast-breadcrumbs-content":"","ast-featured-img":"","footer-sml-layout":"","theme-transparent-header-meta":"default","adv-header-id-meta":"","stick-header-meta":"","header-above-stick-meta":"","header-main-stick-meta":"","header-below-stick-meta":"","astra-migrate-meta-layouts":"set","ast-page-background-enabled":"default","ast-page-background-meta":{"desktop":{"background-color":"var(--ast-global-color-5)","background-image":"","background-repeat":"repeat","background-position":"center center","background-size":"auto","background-attachment":"scroll","background-type":"","background-media":"","overlay-type":"","overlay-color":"","overlay-opacity":"","overlay-gradient":""},"tablet":{"background-color":"","background-image":"","background-repeat":"repeat","background-position":"center center","background-size":"auto","background-attachment":"scroll","background-type":"","background-media":"","overlay-type":"","overlay-color":"","overlay-opacity":"","overlay-gradient":""},"mobile":{"background-color":"","background-image":"","background-repeat":"repeat","background-position":"center center","background-size":"auto","background-attachment":"scroll","background-type":"","background-media":"","overlay-type":"","overlay-color":"","overlay-opacity":"","overlay-gradient":""}},"ast-content-background-meta":{"desktop":{"background-color":"var(--ast-global-color-4)","background-image":"","background-repeat":"repeat","background-position":"center center","background-size":"auto","background-attachment":"scroll","background-type":"","background-media":"","overlay-type":"","overlay-color":"","overlay-opacity":"","overlay-gradient":""},"tablet":{"background-color":"var(--ast-global-color-4)","background-image":"","background-repeat":"repeat","background-position":"center center","background-size":"auto","background-attachment":"scroll","background-type":"","background-media":"","overlay-type":"","overlay-color":"","overlay-opacity":"","overlay-gradient":""},"mobile":{"background-color":"var(--ast-global-color-4)","background-image":"","background-repeat":"repeat","background-position":"center center","background-size":"auto","background-attachment":"scroll","background-type":"","background-media":"","overlay-type":"","overlay-color":"","overlay-opacity":"","overlay-gradient":""}},"footnotes":""},"categories":[292,6,29],"tags":[],"class_list":["post-16213","post","type-post","status-publish","format-standard","has-post-thumbnail","hentry","category-erasmus","category-eso-3","category-portada"],"post_mailing_queue_ids":[],"_links":{"self":[{"href":"https:\/\/agora.xtec.cat\/insdertosa\/wp-json\/wp\/v2\/posts\/16213","targetHints":{"allow":["GET"]}}],"collection":[{"href":"https:\/\/agora.xtec.cat\/insdertosa\/wp-json\/wp\/v2\/posts"}],"about":[{"href":"https:\/\/agora.xtec.cat\/insdertosa\/wp-json\/wp\/v2\/types\/post"}],"author":[{"embeddable":true,"href":"https:\/\/agora.xtec.cat\/insdertosa\/wp-json\/wp\/v2\/users\/1"}],"replies":[{"embeddable":true,"href":"https:\/\/agora.xtec.cat\/insdertosa\/wp-json\/wp\/v2\/comments?post=16213"}],"version-history":[{"count":1,"href":"https:\/\/agora.xtec.cat\/insdertosa\/wp-json\/wp\/v2\/posts\/16213\/revisions"}],"predecessor-version":[{"id":16216,"href":"https:\/\/agora.xtec.cat\/insdertosa\/wp-json\/wp\/v2\/posts\/16213\/revisions\/16216"}],"wp:featuredmedia":[{"embeddable":true,"href":"https:\/\/agora.xtec.cat\/insdertosa\/wp-json\/wp\/v2\/media\/16214"}],"wp:attachment":[{"href":"https:\/\/agora.xtec.cat\/insdertosa\/wp-json\/wp\/v2\/media?parent=16213"}],"wp:term":[{"taxonomy":"category","embeddable":true,"href":"https:\/\/agora.xtec.cat\/insdertosa\/wp-json\/wp\/v2\/categories?post=16213"},{"taxonomy":"post_tag","embeddable":true,"href":"https:\/\/agora.xtec.cat\/insdertosa\/wp-json\/wp\/v2\/tags?post=16213"}],"curies":[{"name":"wp","href":"https:\/\/api.w.org\/{rel}","templated":true}]}}