{"id":15984,"date":"2026-01-31T09:24:21","date_gmt":"2026-01-31T08:24:21","guid":{"rendered":"https:\/\/agora.xtec.cat\/insdertosa\/?p=15984"},"modified":"2026-01-31T09:24:21","modified_gmt":"2026-01-31T08:24:21","slug":"erasmus-gruppe-der-igs-sassenburg-besucht-barcelona","status":"publish","type":"post","link":"https:\/\/agora.xtec.cat\/insdertosa\/portada\/erasmus-gruppe-der-igs-sassenburg-besucht-barcelona\/","title":{"rendered":"Erasmus+-Gruppe der IGS Sassenburg besucht Barcelona"},"content":{"rendered":"<h2 data-start=\"64\" data-end=\"119\"><a href=\"https:\/\/agora.xtec.cat\/insdertosa\/wp-content\/uploads\/usu144\/2026\/01\/1-5-rotated.jpg\"><img loading=\"lazy\" decoding=\"async\" class=\"alignnone size-large wp-image-15985\" src=\"https:\/\/agora.xtec.cat\/insdertosa\/wp-content\/uploads\/usu144\/2026\/01\/1-5-1024x461.jpg\" alt=\"\" width=\"1024\" height=\"461\" srcset=\"https:\/\/agora.xtec.cat\/insdertosa\/wp-content\/uploads\/usu144\/2026\/01\/1-5-1024x461.jpg 1024w, https:\/\/agora.xtec.cat\/insdertosa\/wp-content\/uploads\/usu144\/2026\/01\/1-5-300x135.jpg 300w, https:\/\/agora.xtec.cat\/insdertosa\/wp-content\/uploads\/usu144\/2026\/01\/1-5-768x346.jpg 768w, https:\/\/agora.xtec.cat\/insdertosa\/wp-content\/uploads\/usu144\/2026\/01\/1-5-1536x691.jpg 1536w, https:\/\/agora.xtec.cat\/insdertosa\/wp-content\/uploads\/usu144\/2026\/01\/1-5-2048x922.jpg 2048w\" sizes=\"auto, (max-width: 1024px) 100vw, 1024px\" \/><\/a><\/h2>\n<p data-start=\"121\" data-end=\"463\">Die Erasmus+-Sch\u00fclerinnen und Sch\u00fcler der IGS Sassenburg besuchten Barcelona am letzten Tag ihrer Reise, bevor sie nach Gifhorn in Niedersachsen zur\u00fcckkehrten. Der Tag begann mit einem Besuch der Anlagen des Camp Nou, wo sie das Bild des vollst\u00e4ndig renovierten Stadions sowie die Umgebung, den Fanshop und die Au\u00dfenbereiche genie\u00dfen konnten.<\/p>\n<p data-start=\"465\" data-end=\"724\">Anschlie\u00dfend tauchte die Gruppe in den gaudinischen Modernismus Barcelonas ein, denn die deutschen Sch\u00fclerinnen und Sch\u00fcler hatten die Gelegenheit, die Sagrada Fam\u00edlia von innen zu besichtigen und ihre beeindruckenden architektonischen Details kennenzulernen.<\/p>\n<p data-start=\"726\" data-end=\"872\">Der Tag beinhaltete au\u00dferdem einen Spaziergang \u00fcber die Rambla und durch den Hafenbereich, einen der lebendigsten und bekanntesten Orte der Stadt.<\/p>\n<p data-start=\"874\" data-end=\"1091\">Die Bewertung des diesj\u00e4hrigen Erasmus+-Programms f\u00e4llt sehr positiv aus \u2013 sowohl wegen der kulturellen Erfahrungen als auch wegen des Austauschs und des Zusammenlebens der Sch\u00fclerinnen und Sch\u00fcler aus beiden L\u00e4ndern.<\/p>\n<p data-start=\"874\" data-end=\"1091\"><a href=\"https:\/\/agora.xtec.cat\/insdertosa\/wp-content\/uploads\/usu144\/2026\/01\/2-2-rotated.jpg\"><img loading=\"lazy\" decoding=\"async\" class=\"alignnone size-large wp-image-15986\" src=\"https:\/\/agora.xtec.cat\/insdertosa\/wp-content\/uploads\/usu144\/2026\/01\/2-2-1024x461.jpg\" alt=\"\" width=\"1024\" height=\"461\" srcset=\"https:\/\/agora.xtec.cat\/insdertosa\/wp-content\/uploads\/usu144\/2026\/01\/2-2-1024x461.jpg 1024w, https:\/\/agora.xtec.cat\/insdertosa\/wp-content\/uploads\/usu144\/2026\/01\/2-2-300x135.jpg 300w, https:\/\/agora.xtec.cat\/insdertosa\/wp-content\/uploads\/usu144\/2026\/01\/2-2-768x346.jpg 768w, https:\/\/agora.xtec.cat\/insdertosa\/wp-content\/uploads\/usu144\/2026\/01\/2-2-1536x691.jpg 1536w, https:\/\/agora.xtec.cat\/insdertosa\/wp-content\/uploads\/usu144\/2026\/01\/2-2-2048x922.jpg 2048w\" sizes=\"auto, (max-width: 1024px) 100vw, 1024px\" \/><\/a><\/p>\n<p data-start=\"52\" data-end=\"390\">L\u2019alumnat de l\u2019Erasmus+ amb l\u2019IGS Sassenburg va visitar Barcelona en la darrera jornada abans de tornar a Gifhorn, a la Baixa Sax\u00f2nia. La visita va comen\u00e7ar a les instal\u00b7lacions del Camp Nou, on van poder gaudir de la imatge del nou estadi totalment renovat, aix\u00ed com de tot l\u2019entorn, la botiga oficial i els espais exteriors del recinte.<\/p>\n<p data-start=\"392\" data-end=\"603\">Tot seguit, el grup es va endinsar en el modernisme barcelon\u00ed i gaudini\u00e0, ja que l\u2019alumnat alemany va poder visitar la Sagrada Fam\u00edlia des de l\u2019interior i descobrir-ne els detalls arquitect\u00f2nics m\u00e9s emblem\u00e0tics.<\/p>\n<p data-start=\"605\" data-end=\"751\">La jornada tamb\u00e9 va incloure un passeig per les Rambles i la zona del port, on van con\u00e8ixer un dels espais m\u00e9s vius i representatius de la ciutat.<\/p>\n<p data-start=\"753\" data-end=\"920\">La valoraci\u00f3 d\u2019aquest Erasmus+ d\u2019enguany ha estat molt positiva, tant per l\u2019experi\u00e8ncia cultural com per la conviv\u00e8ncia i l\u2019intercanvi entre l\u2019alumnat dels dos pa\u00efsos.<\/p>\n","protected":false},"excerpt":{"rendered":"<p>Die Erasmus+-Sch\u00fclerinnen und Sch\u00fcler der IGS Sassenburg besuchten Barcelona am letzten Tag ihrer Reise, bevor sie nach Gifhorn in Niedersachsen zur\u00fcckkehrten. Der Tag begann mit einem Besuch der Anlagen des Camp Nou, wo sie das Bild des vollst\u00e4ndig renovierten Stadions sowie die Umgebung, den Fanshop und die Au\u00dfenbereiche genie\u00dfen konnten. Anschlie\u00dfend tauchte die Gruppe in [&hellip;]<\/p>\n","protected":false},"author":148,"featured_media":15985,"comment_status":"open","ping_status":"open","sticky":false,"template":"","format":"standard","meta":{"_bbp_topic_count":0,"_bbp_reply_count":0,"_bbp_total_topic_count":0,"_bbp_total_reply_count":0,"_bbp_voice_count":0,"_bbp_anonymous_reply_count":0,"_bbp_topic_count_hidden":0,"_bbp_reply_count_hidden":0,"_bbp_forum_subforum_count":0,"site-sidebar-layout":"default","site-content-layout":"","ast-site-content-layout":"default","site-content-style":"default","site-sidebar-style":"default","ast-global-header-display":"","ast-banner-title-visibility":"","ast-main-header-display":"","ast-hfb-above-header-display":"","ast-hfb-below-header-display":"","ast-hfb-mobile-header-display":"","site-post-title":"","ast-breadcrumbs-content":"","ast-featured-img":"","footer-sml-layout":"","theme-transparent-header-meta":"default","adv-header-id-meta":"","stick-header-meta":"","header-above-stick-meta":"","header-main-stick-meta":"","header-below-stick-meta":"","astra-migrate-meta-layouts":"set","ast-page-background-enabled":"default","ast-page-background-meta":{"desktop":{"background-color":"var(--ast-global-color-5)","background-image":"","background-repeat":"repeat","background-position":"center center","background-size":"auto","background-attachment":"scroll","background-type":"","background-media":"","overlay-type":"","overlay-color":"","overlay-opacity":"","overlay-gradient":""},"tablet":{"background-color":"","background-image":"","background-repeat":"repeat","background-position":"center center","background-size":"auto","background-attachment":"scroll","background-type":"","background-media":"","overlay-type":"","overlay-color":"","overlay-opacity":"","overlay-gradient":""},"mobile":{"background-color":"","background-image":"","background-repeat":"repeat","background-position":"center center","background-size":"auto","background-attachment":"scroll","background-type":"","background-media":"","overlay-type":"","overlay-color":"","overlay-opacity":"","overlay-gradient":""}},"ast-content-background-meta":{"desktop":{"background-color":"var(--ast-global-color-4)","background-image":"","background-repeat":"repeat","background-position":"center center","background-size":"auto","background-attachment":"scroll","background-type":"","background-media":"","overlay-type":"","overlay-color":"","overlay-opacity":"","overlay-gradient":""},"tablet":{"background-color":"var(--ast-global-color-4)","background-image":"","background-repeat":"repeat","background-position":"center center","background-size":"auto","background-attachment":"scroll","background-type":"","background-media":"","overlay-type":"","overlay-color":"","overlay-opacity":"","overlay-gradient":""},"mobile":{"background-color":"var(--ast-global-color-4)","background-image":"","background-repeat":"repeat","background-position":"center center","background-size":"auto","background-attachment":"scroll","background-type":"","background-media":"","overlay-type":"","overlay-color":"","overlay-opacity":"","overlay-gradient":""}},"footnotes":""},"categories":[85,292,78,29],"tags":[],"class_list":["post-15984","post","type-post","status-publish","format-standard","has-post-thumbnail","hentry","category-activitats","category-erasmus","category-estrangeres","category-portada"],"post_mailing_queue_ids":[],"_links":{"self":[{"href":"https:\/\/agora.xtec.cat\/insdertosa\/wp-json\/wp\/v2\/posts\/15984","targetHints":{"allow":["GET"]}}],"collection":[{"href":"https:\/\/agora.xtec.cat\/insdertosa\/wp-json\/wp\/v2\/posts"}],"about":[{"href":"https:\/\/agora.xtec.cat\/insdertosa\/wp-json\/wp\/v2\/types\/post"}],"author":[{"embeddable":true,"href":"https:\/\/agora.xtec.cat\/insdertosa\/wp-json\/wp\/v2\/users\/148"}],"replies":[{"embeddable":true,"href":"https:\/\/agora.xtec.cat\/insdertosa\/wp-json\/wp\/v2\/comments?post=15984"}],"version-history":[{"count":1,"href":"https:\/\/agora.xtec.cat\/insdertosa\/wp-json\/wp\/v2\/posts\/15984\/revisions"}],"predecessor-version":[{"id":15987,"href":"https:\/\/agora.xtec.cat\/insdertosa\/wp-json\/wp\/v2\/posts\/15984\/revisions\/15987"}],"wp:featuredmedia":[{"embeddable":true,"href":"https:\/\/agora.xtec.cat\/insdertosa\/wp-json\/wp\/v2\/media\/15985"}],"wp:attachment":[{"href":"https:\/\/agora.xtec.cat\/insdertosa\/wp-json\/wp\/v2\/media?parent=15984"}],"wp:term":[{"taxonomy":"category","embeddable":true,"href":"https:\/\/agora.xtec.cat\/insdertosa\/wp-json\/wp\/v2\/categories?post=15984"},{"taxonomy":"post_tag","embeddable":true,"href":"https:\/\/agora.xtec.cat\/insdertosa\/wp-json\/wp\/v2\/tags?post=15984"}],"curies":[{"name":"wp","href":"https:\/\/api.w.org\/{rel}","templated":true}]}}