{"id":15945,"date":"2026-01-28T09:37:53","date_gmt":"2026-01-28T08:37:53","guid":{"rendered":"https:\/\/agora.xtec.cat\/insdertosa\/?p=15945"},"modified":"2026-01-28T09:37:53","modified_gmt":"2026-01-28T08:37:53","slug":"erasmus-besuch-in-reus-und-tarragona","status":"publish","type":"post","link":"https:\/\/agora.xtec.cat\/insdertosa\/portada\/erasmus-besuch-in-reus-und-tarragona\/","title":{"rendered":"Erasmus+ Besuch in Reus und Tarragona"},"content":{"rendered":"<p data-start=\"138\" data-end=\"179\"><a href=\"https:\/\/agora.xtec.cat\/insdertosa\/wp-content\/uploads\/usu144\/2026\/01\/6-scaled.jpg\"><img loading=\"lazy\" decoding=\"async\" class=\"alignnone size-large wp-image-15946\" src=\"https:\/\/agora.xtec.cat\/insdertosa\/wp-content\/uploads\/usu144\/2026\/01\/6-1024x461.jpg\" alt=\"\" width=\"1024\" height=\"461\" srcset=\"https:\/\/agora.xtec.cat\/insdertosa\/wp-content\/uploads\/usu144\/2026\/01\/6-1024x461.jpg 1024w, https:\/\/agora.xtec.cat\/insdertosa\/wp-content\/uploads\/usu144\/2026\/01\/6-300x135.jpg 300w, https:\/\/agora.xtec.cat\/insdertosa\/wp-content\/uploads\/usu144\/2026\/01\/6-768x346.jpg 768w, https:\/\/agora.xtec.cat\/insdertosa\/wp-content\/uploads\/usu144\/2026\/01\/6-1536x691.jpg 1536w, https:\/\/agora.xtec.cat\/insdertosa\/wp-content\/uploads\/usu144\/2026\/01\/6-2048x922.jpg 2048w\" sizes=\"auto, (max-width: 1024px) 100vw, 1024px\" \/><\/a><\/p>\n<p data-start=\"181\" data-end=\"308\">Am Montag, den 26. Januar, machte die Erasmus+ Gruppe mit der IGS Sassenburg einen Ausflug nach Reus und Tarragona.<\/p>\n<p data-start=\"310\" data-end=\"585\">In Reus besuchten die Sch\u00fclerinnen und Sch\u00fcler das Gaud\u00ed-Zentrum. Dort machten sie eine sehr p\u00e4dagogische Aktivit\u00e4t und lernten viel \u00fcber das Leben und die Werke von Antoni Gaud\u00ed. Danach machten sie eine Gymkhana \u00fcber den Modernismus in Reus und entdeckten die Stadt.<\/p>\n<p data-start=\"587\" data-end=\"728\">Am Nachmittag fuhren wir nach Tarragona. Dort besuchten wir das Pr\u00e4torium, den Zirkus und das Amphitheater aus der R\u00f6merzeit.<\/p>\n<p data-start=\"730\" data-end=\"830\">Am Abend gab es ein Abendessen mit den Familien im Restaurant Forn de la Canonja in Tortosa.<\/p>\n<p data-start=\"832\" data-end=\"923\">Es war ein Tag mit viel kulturellem Lernen und gro\u00dfem Interesse f\u00fcr alle Teilnehmenden.<\/p>\n<hr data-start=\"925\" data-end=\"928\" \/>\n<h2 data-start=\"930\" data-end=\"955\"><a href=\"https:\/\/agora.xtec.cat\/insdertosa\/wp-content\/uploads\/usu144\/2026\/01\/4-rotated.jpg\"><img loading=\"lazy\" decoding=\"async\" class=\"alignnone size-large wp-image-15947\" src=\"https:\/\/agora.xtec.cat\/insdertosa\/wp-content\/uploads\/usu144\/2026\/01\/4-1024x461.jpg\" alt=\"\" width=\"1024\" height=\"461\" srcset=\"https:\/\/agora.xtec.cat\/insdertosa\/wp-content\/uploads\/usu144\/2026\/01\/4-1024x461.jpg 1024w, https:\/\/agora.xtec.cat\/insdertosa\/wp-content\/uploads\/usu144\/2026\/01\/4-300x135.jpg 300w, https:\/\/agora.xtec.cat\/insdertosa\/wp-content\/uploads\/usu144\/2026\/01\/4-768x346.jpg 768w, https:\/\/agora.xtec.cat\/insdertosa\/wp-content\/uploads\/usu144\/2026\/01\/4-1536x691.jpg 1536w, https:\/\/agora.xtec.cat\/insdertosa\/wp-content\/uploads\/usu144\/2026\/01\/4-2048x922.jpg 2048w\" sizes=\"auto, (max-width: 1024px) 100vw, 1024px\" \/><\/a><\/h2>\n<p data-start=\"957\" data-end=\"995\"><strong data-start=\"957\" data-end=\"995\">Visita Erasmus+ a Reus i Tarragona<\/strong><\/p>\n<p data-start=\"997\" data-end=\"1112\">El dilluns 26 de gener, el grup d\u2019Erasmus+ amb la IGS Sassenburg va fer una sortida a Reus i Tarragona.<\/p>\n<p data-start=\"1114\" data-end=\"1346\">A Reus, l\u2019alumnat va visitar el Centre Gaud\u00ed, on van realitzar una activitat molt pedag\u00f2gica i van aprendre sobre la vida i l\u2019obra d\u2019Antoni Gaud\u00ed. Despr\u00e9s van fer una gimcana pel modernisme reusenc i van descobrir la ciutat.<\/p>\n<p data-start=\"1348\" data-end=\"1462\">A la tarda es van despla\u00e7ar a Tarragona, on van visitar el Pretori, el circ i l\u2019amfiteatre romans.<\/p>\n<p data-start=\"1464\" data-end=\"1559\">Al vespre hi va haver un sopar de fam\u00edlies al restaurant Forn de la Canonja de Tortosa.<\/p>\n<p data-start=\"1561\" data-end=\"1655\">Va ser una jornada d\u2019aprenentatge cultural de notable inter\u00e8s per a tots els participants.<\/p>\n<p data-start=\"1561\" data-end=\"1655\">\n","protected":false},"excerpt":{"rendered":"<p>Am Montag, den 26. Januar, machte die Erasmus+ Gruppe mit der IGS Sassenburg einen Ausflug nach Reus und Tarragona. In Reus besuchten die Sch\u00fclerinnen und Sch\u00fcler das Gaud\u00ed-Zentrum. Dort machten sie eine sehr p\u00e4dagogische Aktivit\u00e4t und lernten viel \u00fcber das Leben und die Werke von Antoni Gaud\u00ed. Danach machten sie eine Gymkhana \u00fcber den Modernismus [&hellip;]<\/p>\n","protected":false},"author":148,"featured_media":15946,"comment_status":"open","ping_status":"open","sticky":false,"template":"","format":"standard","meta":{"_bbp_topic_count":0,"_bbp_reply_count":0,"_bbp_total_topic_count":0,"_bbp_total_reply_count":0,"_bbp_voice_count":0,"_bbp_anonymous_reply_count":0,"_bbp_topic_count_hidden":0,"_bbp_reply_count_hidden":0,"_bbp_forum_subforum_count":0,"site-sidebar-layout":"default","site-content-layout":"","ast-site-content-layout":"default","site-content-style":"default","site-sidebar-style":"default","ast-global-header-display":"","ast-banner-title-visibility":"","ast-main-header-display":"","ast-hfb-above-header-display":"","ast-hfb-below-header-display":"","ast-hfb-mobile-header-display":"","site-post-title":"","ast-breadcrumbs-content":"","ast-featured-img":"","footer-sml-layout":"","theme-transparent-header-meta":"default","adv-header-id-meta":"","stick-header-meta":"","header-above-stick-meta":"","header-main-stick-meta":"","header-below-stick-meta":"","astra-migrate-meta-layouts":"set","ast-page-background-enabled":"default","ast-page-background-meta":{"desktop":{"background-color":"var(--ast-global-color-5)","background-image":"","background-repeat":"repeat","background-position":"center center","background-size":"auto","background-attachment":"scroll","background-type":"","background-media":"","overlay-type":"","overlay-color":"","overlay-opacity":"","overlay-gradient":""},"tablet":{"background-color":"","background-image":"","background-repeat":"repeat","background-position":"center center","background-size":"auto","background-attachment":"scroll","background-type":"","background-media":"","overlay-type":"","overlay-color":"","overlay-opacity":"","overlay-gradient":""},"mobile":{"background-color":"","background-image":"","background-repeat":"repeat","background-position":"center center","background-size":"auto","background-attachment":"scroll","background-type":"","background-media":"","overlay-type":"","overlay-color":"","overlay-opacity":"","overlay-gradient":""}},"ast-content-background-meta":{"desktop":{"background-color":"var(--ast-global-color-4)","background-image":"","background-repeat":"repeat","background-position":"center center","background-size":"auto","background-attachment":"scroll","background-type":"","background-media":"","overlay-type":"","overlay-color":"","overlay-opacity":"","overlay-gradient":""},"tablet":{"background-color":"var(--ast-global-color-4)","background-image":"","background-repeat":"repeat","background-position":"center center","background-size":"auto","background-attachment":"scroll","background-type":"","background-media":"","overlay-type":"","overlay-color":"","overlay-opacity":"","overlay-gradient":""},"mobile":{"background-color":"var(--ast-global-color-4)","background-image":"","background-repeat":"repeat","background-position":"center center","background-size":"auto","background-attachment":"scroll","background-type":"","background-media":"","overlay-type":"","overlay-color":"","overlay-opacity":"","overlay-gradient":""}},"footnotes":""},"categories":[292,78,29],"tags":[],"class_list":["post-15945","post","type-post","status-publish","format-standard","has-post-thumbnail","hentry","category-erasmus","category-estrangeres","category-portada"],"post_mailing_queue_ids":[],"_links":{"self":[{"href":"https:\/\/agora.xtec.cat\/insdertosa\/wp-json\/wp\/v2\/posts\/15945","targetHints":{"allow":["GET"]}}],"collection":[{"href":"https:\/\/agora.xtec.cat\/insdertosa\/wp-json\/wp\/v2\/posts"}],"about":[{"href":"https:\/\/agora.xtec.cat\/insdertosa\/wp-json\/wp\/v2\/types\/post"}],"author":[{"embeddable":true,"href":"https:\/\/agora.xtec.cat\/insdertosa\/wp-json\/wp\/v2\/users\/148"}],"replies":[{"embeddable":true,"href":"https:\/\/agora.xtec.cat\/insdertosa\/wp-json\/wp\/v2\/comments?post=15945"}],"version-history":[{"count":1,"href":"https:\/\/agora.xtec.cat\/insdertosa\/wp-json\/wp\/v2\/posts\/15945\/revisions"}],"predecessor-version":[{"id":15948,"href":"https:\/\/agora.xtec.cat\/insdertosa\/wp-json\/wp\/v2\/posts\/15945\/revisions\/15948"}],"wp:featuredmedia":[{"embeddable":true,"href":"https:\/\/agora.xtec.cat\/insdertosa\/wp-json\/wp\/v2\/media\/15946"}],"wp:attachment":[{"href":"https:\/\/agora.xtec.cat\/insdertosa\/wp-json\/wp\/v2\/media?parent=15945"}],"wp:term":[{"taxonomy":"category","embeddable":true,"href":"https:\/\/agora.xtec.cat\/insdertosa\/wp-json\/wp\/v2\/categories?post=15945"},{"taxonomy":"post_tag","embeddable":true,"href":"https:\/\/agora.xtec.cat\/insdertosa\/wp-json\/wp\/v2\/tags?post=15945"}],"curies":[{"name":"wp","href":"https:\/\/api.w.org\/{rel}","templated":true}]}}