{"id":15445,"date":"2025-10-22T08:42:49","date_gmt":"2025-10-22T06:42:49","guid":{"rendered":"https:\/\/agora.xtec.cat\/insdertosa\/?p=15445"},"modified":"2025-10-22T08:42:49","modified_gmt":"2025-10-22T06:42:49","slug":"exposicio-de-lexposicio-de-tdc-a-linstitut-dertosa","status":"publish","type":"post","link":"https:\/\/agora.xtec.cat\/insdertosa\/batxillerat\/exposicio-de-lexposicio-de-tdc-a-linstitut-dertosa\/","title":{"rendered":"Exposici\u00f3 de l&#8217;Exposici\u00f3 de TdC a l&#8217;Institut Dertosa"},"content":{"rendered":"<p>&nbsp;<\/p>\n<p style=\"text-align: justify\">L\u2019assignatura Teoria del Coneixement (TdC) t\u00e9 un paper rellevant en el Programa Diploma (PD) del Batxillerat Internacional. Ofereix a l\u2019alumnat l\u2019oportunitat de reflexionar sobre la naturalesa del coneixement i la manera com coneixem el que afirmem saber. Com que es tracta d\u2019una investigaci\u00f3 expressament orientada a reflexionar sobre les diferents maneres de con\u00e8ixer i sobre els diferents tipus de coneixement, el programa de TdC es compon de preguntes a trav\u00e9s de les quals l\u2019alumnat desenvolupa una comprensi\u00f3 m\u00e9s gran dels seus propis sup\u00f2sits personals i ideol\u00f2gics, apreciant la diversitat i la riquesa de les perspectives culturals.<\/p>\n<p style=\"text-align: justify\">El curs de TdC t\u00e9 com a objectiu que l\u2019alumnat prengui consci\u00e8ncia de la naturalesa interpretativa del coneixement, incloses les tend\u00e8ncies ideol\u00f2giques personals, independentment de si es conserven, revisen o rebutgen. L\u2019alumnat pren consci\u00e8ncia de si mateixos com a pensadors i se\u2019ls anima a con\u00e8ixer m\u00e9s sobre la complexitat del coneixement. Un altre objectiu \u00e9s que l\u2019alumnat reconegui la necessitat d\u2019actuar de manera responsable en un m\u00f3n cada cop m\u00e9s interconnectat per\u00f2 incert.<\/p>\n<p style=\"text-align: justify\">L\u2019assignatura s\u2019avalua mitjan\u00e7ant una exposici\u00f3 i un assaig de 1.600 paraules. L\u2019exposici\u00f3 requereix que cada estudiant cre\u00ef una exposici\u00f3 de tres objectes amb l\u2019objectiu d\u2019explorar com es manifesta l\u2019assignatura al m\u00f3n que ens envolta. El pr\u00f2xim dilluns dia 27 d\u2019octubre a partir de les 17.30 h, a la biblioteca del centre, l\u2019alumnat de 2n de batxillerat mostrar\u00e0 l\u2019exposici\u00f3 que han treballat des de 1r. Ser\u00e0 una bona oportunitat per con\u00e8ixer com es treballa aquesta assignatura.<\/p>\n<p>Tothom hi est\u00e0 convidat!<\/p>\n<p><a href=\"https:\/\/agora.xtec.cat\/insdertosa\/wp-content\/uploads\/usu144\/2025\/10\/Cartell-promocional-de-lexposicio-de-TdC-2025-1-1.png\"><img loading=\"lazy\" decoding=\"async\" class=\"aligncenter size-medium wp-image-15446\" src=\"https:\/\/agora.xtec.cat\/insdertosa\/wp-content\/uploads\/usu144\/2025\/10\/Cartell-promocional-de-lexposicio-de-TdC-2025-1-1-212x300.png\" alt=\"\" width=\"212\" height=\"300\" srcset=\"https:\/\/agora.xtec.cat\/insdertosa\/wp-content\/uploads\/usu144\/2025\/10\/Cartell-promocional-de-lexposicio-de-TdC-2025-1-1-212x300.png 212w, https:\/\/agora.xtec.cat\/insdertosa\/wp-content\/uploads\/usu144\/2025\/10\/Cartell-promocional-de-lexposicio-de-TdC-2025-1-1-724x1024.png 724w, https:\/\/agora.xtec.cat\/insdertosa\/wp-content\/uploads\/usu144\/2025\/10\/Cartell-promocional-de-lexposicio-de-TdC-2025-1-1-768x1086.png 768w, https:\/\/agora.xtec.cat\/insdertosa\/wp-content\/uploads\/usu144\/2025\/10\/Cartell-promocional-de-lexposicio-de-TdC-2025-1-1-1086x1536.png 1086w, https:\/\/agora.xtec.cat\/insdertosa\/wp-content\/uploads\/usu144\/2025\/10\/Cartell-promocional-de-lexposicio-de-TdC-2025-1-1-1448x2048.png 1448w, https:\/\/agora.xtec.cat\/insdertosa\/wp-content\/uploads\/usu144\/2025\/10\/Cartell-promocional-de-lexposicio-de-TdC-2025-1-1.png 1587w\" sizes=\"auto, (max-width: 212px) 100vw, 212px\" \/><\/a><\/p>\n","protected":false},"excerpt":{"rendered":"<p>&nbsp; L\u2019assignatura Teoria del Coneixement (TdC) t\u00e9 un paper rellevant en el Programa Diploma (PD) del Batxillerat Internacional. Ofereix a l\u2019alumnat l\u2019oportunitat de reflexionar sobre la naturalesa del coneixement i la manera com coneixem el que afirmem saber. Com que es tracta d\u2019una investigaci\u00f3 expressament orientada a reflexionar sobre les diferents maneres de con\u00e8ixer i [&hellip;]<\/p>\n","protected":false},"author":149,"featured_media":15446,"comment_status":"open","ping_status":"open","sticky":false,"template":"","format":"standard","meta":{"_bbp_topic_count":0,"_bbp_reply_count":0,"_bbp_total_topic_count":0,"_bbp_total_reply_count":0,"_bbp_voice_count":0,"_bbp_anonymous_reply_count":0,"_bbp_topic_count_hidden":0,"_bbp_reply_count_hidden":0,"_bbp_forum_subforum_count":0,"site-sidebar-layout":"default","site-content-layout":"","ast-site-content-layout":"","site-content-style":"default","site-sidebar-style":"default","ast-global-header-display":"","ast-banner-title-visibility":"","ast-main-header-display":"","ast-hfb-above-header-display":"","ast-hfb-below-header-display":"","ast-hfb-mobile-header-display":"","site-post-title":"","ast-breadcrumbs-content":"","ast-featured-img":"","footer-sml-layout":"","theme-transparent-header-meta":"","adv-header-id-meta":"","stick-header-meta":"","header-above-stick-meta":"","header-main-stick-meta":"","header-below-stick-meta":"","astra-migrate-meta-layouts":"default","ast-page-background-enabled":"default","ast-page-background-meta":{"desktop":{"background-color":"var(--ast-global-color-5)","background-image":"","background-repeat":"repeat","background-position":"center center","background-size":"auto","background-attachment":"scroll","background-type":"","background-media":"","overlay-type":"","overlay-color":"","overlay-opacity":"","overlay-gradient":""},"tablet":{"background-color":"","background-image":"","background-repeat":"repeat","background-position":"center center","background-size":"auto","background-attachment":"scroll","background-type":"","background-media":"","overlay-type":"","overlay-color":"","overlay-opacity":"","overlay-gradient":""},"mobile":{"background-color":"","background-image":"","background-repeat":"repeat","background-position":"center center","background-size":"auto","background-attachment":"scroll","background-type":"","background-media":"","overlay-type":"","overlay-color":"","overlay-opacity":"","overlay-gradient":""}},"ast-content-background-meta":{"desktop":{"background-color":"var(--ast-global-color-4)","background-image":"","background-repeat":"repeat","background-position":"center center","background-size":"auto","background-attachment":"scroll","background-type":"","background-media":"","overlay-type":"","overlay-color":"","overlay-opacity":"","overlay-gradient":""},"tablet":{"background-color":"var(--ast-global-color-4)","background-image":"","background-repeat":"repeat","background-position":"center center","background-size":"auto","background-attachment":"scroll","background-type":"","background-media":"","overlay-type":"","overlay-color":"","overlay-opacity":"","overlay-gradient":""},"mobile":{"background-color":"var(--ast-global-color-4)","background-image":"","background-repeat":"repeat","background-position":"center center","background-size":"auto","background-attachment":"scroll","background-type":"","background-media":"","overlay-type":"","overlay-color":"","overlay-opacity":"","overlay-gradient":""}},"footnotes":""},"categories":[85,8,29],"tags":[],"class_list":["post-15445","post","type-post","status-publish","format-standard","has-post-thumbnail","hentry","category-activitats","category-batxillerat","category-portada"],"post_mailing_queue_ids":[],"_links":{"self":[{"href":"https:\/\/agora.xtec.cat\/insdertosa\/wp-json\/wp\/v2\/posts\/15445","targetHints":{"allow":["GET"]}}],"collection":[{"href":"https:\/\/agora.xtec.cat\/insdertosa\/wp-json\/wp\/v2\/posts"}],"about":[{"href":"https:\/\/agora.xtec.cat\/insdertosa\/wp-json\/wp\/v2\/types\/post"}],"author":[{"embeddable":true,"href":"https:\/\/agora.xtec.cat\/insdertosa\/wp-json\/wp\/v2\/users\/149"}],"replies":[{"embeddable":true,"href":"https:\/\/agora.xtec.cat\/insdertosa\/wp-json\/wp\/v2\/comments?post=15445"}],"version-history":[{"count":1,"href":"https:\/\/agora.xtec.cat\/insdertosa\/wp-json\/wp\/v2\/posts\/15445\/revisions"}],"predecessor-version":[{"id":15447,"href":"https:\/\/agora.xtec.cat\/insdertosa\/wp-json\/wp\/v2\/posts\/15445\/revisions\/15447"}],"wp:featuredmedia":[{"embeddable":true,"href":"https:\/\/agora.xtec.cat\/insdertosa\/wp-json\/wp\/v2\/media\/15446"}],"wp:attachment":[{"href":"https:\/\/agora.xtec.cat\/insdertosa\/wp-json\/wp\/v2\/media?parent=15445"}],"wp:term":[{"taxonomy":"category","embeddable":true,"href":"https:\/\/agora.xtec.cat\/insdertosa\/wp-json\/wp\/v2\/categories?post=15445"},{"taxonomy":"post_tag","embeddable":true,"href":"https:\/\/agora.xtec.cat\/insdertosa\/wp-json\/wp\/v2\/tags?post=15445"}],"curies":[{"name":"wp","href":"https:\/\/api.w.org\/{rel}","templated":true}]}}