{"id":1244,"date":"2013-05-02T20:40:50","date_gmt":"2013-05-02T19:40:50","guid":{"rendered":"http:\/\/agora.xtec.cat\/insdertosa\/?p=1244"},"modified":"2015-02-14T20:42:24","modified_gmt":"2015-02-14T19:42:24","slug":"sant-jordi-2013-i-concurs-daforismes-filosofics","status":"publish","type":"post","link":"https:\/\/agora.xtec.cat\/insdertosa\/portada\/sant-jordi-2013-i-concurs-daforismes-filosofics\/","title":{"rendered":"Sant Jordi 2013 &#8211; I Concurs d&#8217;aforismes filos\u00f2fics"},"content":{"rendered":"<p><strong>I CONCURS D\u2019AFORISMES FILOS\u00d2FICS<\/strong><\/p>\n<p><strong>PIULA LA TEVA PENSADA<\/strong><\/p>\n<p>En primer lloc, el Departament de Filosofia vol donar les gr\u00e0cies a tots els alumnes que han participat en el concurs. Tots han respectat les normes i el jurat no ha hagut de rebutjar cap participant. S\u00ed que s\u2019han rebutjat algunes cites per no ser originals.<\/p>\n<p>Tamb\u00e9 volem agrair a l\u2019equip directiu que ens hagi brindat la possibilitat de tirar endavant el concurs amb tant poc temps, confiant en nosaltres.<\/p>\n<p>Dit aix\u00f2, anem a donar els premis.<\/p>\n<p>El guanyador o guanyadora a l\u2019aforisme m\u00e9s enginy\u00f3s \u00e9s :&#8230;. moooolt dif\u00edcil de decidir, per\u00f2 finalment el jurat ha decidit que s\u2019endur\u00e0 el premi<\/p>\n<p><strong>Cinta Llu\u00eds<\/strong><\/p>\n<p>Per l\u2019aforisme \u201csom un aeroport amb infinites sortides i arribades, equipatges a punt i maletes perdudes\u201d<\/p>\n<p>Els finalistes han estat <strong>Aleix Bertomeu, Nicola Barcel\u00f3 i M\u00f2nica Segarra.<\/strong><\/p>\n<p>El premi \u00a0a l\u2019aforisme m\u00e9s repiulat ha estat molt m\u00e9s f\u00e0cil d\u2019atorgar perqu\u00e8 l\u2019heu triat vosaltres, i \u00e9s per a:<\/p>\n<p><strong>Simina Crisan<\/strong><\/p>\n<p>Per l\u2019aforisme \u00a0\u201cencara que vagis contra el m\u00f3n, no pateixis, ell seguir\u00e0 girant en el mateix sentit\u201d<\/p>\n","protected":false},"excerpt":{"rendered":"<p>I CONCURS D\u2019AFORISMES FILOS\u00d2FICS PIULA LA TEVA PENSADA En primer lloc, el Departament de Filosofia vol donar les gr\u00e0cies a tots els alumnes que han participat en el concurs. Tots han respectat les normes i el jurat no ha hagut de rebutjar cap participant. S\u00ed que s\u2019han rebutjat algunes cites per no ser originals. Tamb\u00e9 [&hellip;]<\/p>\n","protected":false},"author":1,"featured_media":0,"comment_status":"open","ping_status":"open","sticky":false,"template":"","format":"standard","meta":{"_bbp_topic_count":0,"_bbp_reply_count":0,"_bbp_total_topic_count":0,"_bbp_total_reply_count":0,"_bbp_voice_count":0,"_bbp_anonymous_reply_count":0,"_bbp_topic_count_hidden":0,"_bbp_reply_count_hidden":0,"_bbp_forum_subforum_count":0,"site-sidebar-layout":"default","site-content-layout":"","ast-site-content-layout":"","site-content-style":"default","site-sidebar-style":"default","ast-global-header-display":"","ast-banner-title-visibility":"","ast-main-header-display":"","ast-hfb-above-header-display":"","ast-hfb-below-header-display":"","ast-hfb-mobile-header-display":"","site-post-title":"","ast-breadcrumbs-content":"","ast-featured-img":"","footer-sml-layout":"","theme-transparent-header-meta":"","adv-header-id-meta":"","stick-header-meta":"","header-above-stick-meta":"","header-main-stick-meta":"","header-below-stick-meta":"","astra-migrate-meta-layouts":"default","ast-page-background-enabled":"default","ast-page-background-meta":{"desktop":{"background-color":"var(--ast-global-color-5)","background-image":"","background-repeat":"repeat","background-position":"center center","background-size":"auto","background-attachment":"scroll","background-type":"","background-media":"","overlay-type":"","overlay-color":"","overlay-opacity":"","overlay-gradient":""},"tablet":{"background-color":"","background-image":"","background-repeat":"repeat","background-position":"center center","background-size":"auto","background-attachment":"scroll","background-type":"","background-media":"","overlay-type":"","overlay-color":"","overlay-opacity":"","overlay-gradient":""},"mobile":{"background-color":"","background-image":"","background-repeat":"repeat","background-position":"center center","background-size":"auto","background-attachment":"scroll","background-type":"","background-media":"","overlay-type":"","overlay-color":"","overlay-opacity":"","overlay-gradient":""}},"ast-content-background-meta":{"desktop":{"background-color":"var(--ast-global-color-4)","background-image":"","background-repeat":"repeat","background-position":"center center","background-size":"auto","background-attachment":"scroll","background-type":"","background-media":"","overlay-type":"","overlay-color":"","overlay-opacity":"","overlay-gradient":""},"tablet":{"background-color":"var(--ast-global-color-4)","background-image":"","background-repeat":"repeat","background-position":"center center","background-size":"auto","background-attachment":"scroll","background-type":"","background-media":"","overlay-type":"","overlay-color":"","overlay-opacity":"","overlay-gradient":""},"mobile":{"background-color":"var(--ast-global-color-4)","background-image":"","background-repeat":"repeat","background-position":"center center","background-size":"auto","background-attachment":"scroll","background-type":"","background-media":"","overlay-type":"","overlay-color":"","overlay-opacity":"","overlay-gradient":""}},"footnotes":""},"categories":[85,81,62,29,84],"tags":[114],"class_list":["post-1244","post","type-post","status-publish","format-standard","hentry","category-activitats","category-centre","category-filosofia","category-portada","category-premis","tag-sant-jordi"],"post_mailing_queue_ids":[],"_links":{"self":[{"href":"https:\/\/agora.xtec.cat\/insdertosa\/wp-json\/wp\/v2\/posts\/1244","targetHints":{"allow":["GET"]}}],"collection":[{"href":"https:\/\/agora.xtec.cat\/insdertosa\/wp-json\/wp\/v2\/posts"}],"about":[{"href":"https:\/\/agora.xtec.cat\/insdertosa\/wp-json\/wp\/v2\/types\/post"}],"author":[{"embeddable":true,"href":"https:\/\/agora.xtec.cat\/insdertosa\/wp-json\/wp\/v2\/users\/1"}],"replies":[{"embeddable":true,"href":"https:\/\/agora.xtec.cat\/insdertosa\/wp-json\/wp\/v2\/comments?post=1244"}],"version-history":[{"count":1,"href":"https:\/\/agora.xtec.cat\/insdertosa\/wp-json\/wp\/v2\/posts\/1244\/revisions"}],"predecessor-version":[{"id":1245,"href":"https:\/\/agora.xtec.cat\/insdertosa\/wp-json\/wp\/v2\/posts\/1244\/revisions\/1245"}],"wp:attachment":[{"href":"https:\/\/agora.xtec.cat\/insdertosa\/wp-json\/wp\/v2\/media?parent=1244"}],"wp:term":[{"taxonomy":"category","embeddable":true,"href":"https:\/\/agora.xtec.cat\/insdertosa\/wp-json\/wp\/v2\/categories?post=1244"},{"taxonomy":"post_tag","embeddable":true,"href":"https:\/\/agora.xtec.cat\/insdertosa\/wp-json\/wp\/v2\/tags?post=1244"}],"curies":[{"name":"wp","href":"https:\/\/api.w.org\/{rel}","templated":true}]}}