{"id":1186,"date":"2013-06-29T19:10:11","date_gmt":"2013-06-29T18:10:11","guid":{"rendered":"http:\/\/agora.xtec.cat\/insdertosa\/?p=1186"},"modified":"2015-02-15T19:02:05","modified_gmt":"2015-02-15T18:02:05","slug":"acte-de-cloenda-del-curs-academic-2012-2013","status":"publish","type":"post","link":"https:\/\/agora.xtec.cat\/insdertosa\/portada\/acte-de-cloenda-del-curs-academic-2012-2013\/","title":{"rendered":"Acte de cloenda del curs acad\u00e8mic 2012-2013"},"content":{"rendered":"<p>El passat dissabte 22 de juny a l\u2019auditori Felip Pedrell de Tortosa va tenir lloc, pel mat\u00ed, l\u2019acte de cloenda del curs acad\u00e8mic 2012-2013 per als alumnes de 4rt d\u2019ESO i per la tarda, per als alumnes de 2n de Batxillerat i de CFGM de cuina de l\u2019institut Joaquim Bau.<\/p>\n<p><img loading=\"lazy\" decoding=\"async\" src=\"http:\/\/ampa.iesbau.net\/media\/public\/image\/cloenda13-1.jpg\" alt=\"\" width=\"300\" height=\"199\" border=\"0\" \/><\/p>\n<p>Els assistents que ompliren de gom a gom el recinte van passar una bona estona gr\u00e0cies a les nombroses actuacions musicals, esc\u00e8niques i teatrals realitzades majorit\u00e0riament per alumnes i ex-alumnes del mateix centre. Aquestes representacions es van anar intercanviant amb els discursos de personalitats com la del director de l\u2019institut, Francesc Lahosa, el president de l\u2019AMPA, Josep Aixarch, els professors del centre, Manel Oll\u00e9 i Josep Pi\u00f1ol i el de Rosa Cid com a representant de l\u2019ajuntament de Tortosa. En aquests discursos hi van predominar d\u2019una banda mencions referides a l\u2019actual crisi econ\u00f2mica i a les retallades que aquesta est\u00e0 derivant, especialment en l\u2019ensenyament i en la resta de serveis p\u00fablics, i d\u2019una altra, el desig de que tots els alumnes hagin pogut adquirir durant l\u2019estada al centre no solament nous coneixements i continguts, sin\u00f3 valors i experi\u00e8ncies que els ajudin a aconseguir superar els obstacles que s\u2019interposin a els seus objectius i il\u00b7lusions de futur.<\/p>\n<p><img loading=\"lazy\" decoding=\"async\" src=\"http:\/\/ampa.iesbau.net\/media\/public\/image\/cloenda13-2.jpg\" alt=\"\" width=\"300\" height=\"199\" border=\"0\" \/><\/p>\n<p>D\u2019entre tots els discursos cal destacar-ne el del convidat d\u2019aquesta edici\u00f3, el Sr. Llu\u00eds Miralles i Verge, ex-alumne del Joaquim Bau i actual enginyer industrial i director en cap del\u00a0<em>synchrotron<\/em>\u00a0a Cerdanyola del Vall\u00e8s. Miralles, gr\u00e0cies al seu treball arreu d\u2019Europa i a la seva estabilitat i \u00e8xit laboral fora de les nostres fronteres va servir d\u2019exemple per als alumnes, possiblement molts dels quals poden tenir tamb\u00e9 el seu futur a l\u2019estranger donada l\u2019actual situaci\u00f3 econ\u00f2mica.<\/p>\n<p>Durant l\u2019acte es van produir moments emotius i especials com la ja habitual entrega d\u2019orles als alumnes i la de les matr\u00edcules d\u2019honor. Tamb\u00e9 van ser molt emotius el comiat a l\u2019actual president de l\u2019AMPA i el reconeixement i homenatge a la feina feta per les tres professores que es jubilaven aquest any.<\/p>\n<p><img loading=\"lazy\" decoding=\"async\" src=\"http:\/\/ampa.iesbau.net\/media\/public\/image\/cloenda13-3.jpg\" alt=\"\" width=\"200\" height=\"206\" border=\"0\" \/><\/p>\n<p>L\u2019AMPA tamb\u00e9 va tenir un gest amb els m\u00e9s necessitats i va realitzar juntament amb l\u2019acte una recollida d\u2019aliments que va tenir una gran acollida amb l\u2019aportaci\u00f3 dels familiars dels alumnes.<\/p>\n<p>En definitiva, la festa va tenir moments per riure i per emocionar-se, per\u00f2 el clar missatge per part de tots els membres de l\u2019AMPA i del centre va ser que tots els alumnes tindrien a partir d\u2019aquell mateix dia una segona casa amb les seves portes ben obertes i amb unes persones que els acollirien amb els bra\u00e7os ben oberts. L\u2019Institut Joaquim Bau ser\u00e0 per sempre casa seva, un lloc i una gent que els ha vist cr\u00e9ixer com a estudiants i com a persones i que avui els desitja molta sort i \u00e8xit en el seu futur.<\/p>\n<p><strong>Jordi Gaya Gas<\/strong><br \/>\nAlumne de 2n de Batxillerat<\/p>\n","protected":false},"excerpt":{"rendered":"<p>El passat dissabte 22 de juny a l\u2019auditori Felip Pedrell de Tortosa va tenir lloc, pel mat\u00ed, l\u2019acte de cloenda del curs acad\u00e8mic 2012-2013 per als alumnes de 4rt d\u2019ESO i per la tarda, per als alumnes de 2n de Batxillerat i de CFGM de cuina de l\u2019institut Joaquim Bau. Els assistents que ompliren de [&hellip;]<\/p>\n","protected":false},"author":1,"featured_media":1187,"comment_status":"open","ping_status":"open","sticky":false,"template":"","format":"standard","meta":{"_bbp_topic_count":0,"_bbp_reply_count":0,"_bbp_total_topic_count":0,"_bbp_total_reply_count":0,"_bbp_voice_count":0,"_bbp_anonymous_reply_count":0,"_bbp_topic_count_hidden":0,"_bbp_reply_count_hidden":0,"_bbp_forum_subforum_count":0,"site-sidebar-layout":"default","site-content-layout":"","ast-site-content-layout":"","site-content-style":"default","site-sidebar-style":"default","ast-global-header-display":"","ast-banner-title-visibility":"","ast-main-header-display":"","ast-hfb-above-header-display":"","ast-hfb-below-header-display":"","ast-hfb-mobile-header-display":"","site-post-title":"","ast-breadcrumbs-content":"","ast-featured-img":"","footer-sml-layout":"","theme-transparent-header-meta":"","adv-header-id-meta":"","stick-header-meta":"","header-above-stick-meta":"","header-main-stick-meta":"","header-below-stick-meta":"","astra-migrate-meta-layouts":"default","ast-page-background-enabled":"default","ast-page-background-meta":{"desktop":{"background-color":"var(--ast-global-color-5)","background-image":"","background-repeat":"repeat","background-position":"center center","background-size":"auto","background-attachment":"scroll","background-type":"","background-media":"","overlay-type":"","overlay-color":"","overlay-opacity":"","overlay-gradient":""},"tablet":{"background-color":"","background-image":"","background-repeat":"repeat","background-position":"center center","background-size":"auto","background-attachment":"scroll","background-type":"","background-media":"","overlay-type":"","overlay-color":"","overlay-opacity":"","overlay-gradient":""},"mobile":{"background-color":"","background-image":"","background-repeat":"repeat","background-position":"center center","background-size":"auto","background-attachment":"scroll","background-type":"","background-media":"","overlay-type":"","overlay-color":"","overlay-opacity":"","overlay-gradient":""}},"ast-content-background-meta":{"desktop":{"background-color":"var(--ast-global-color-4)","background-image":"","background-repeat":"repeat","background-position":"center center","background-size":"auto","background-attachment":"scroll","background-type":"","background-media":"","overlay-type":"","overlay-color":"","overlay-opacity":"","overlay-gradient":""},"tablet":{"background-color":"var(--ast-global-color-4)","background-image":"","background-repeat":"repeat","background-position":"center center","background-size":"auto","background-attachment":"scroll","background-type":"","background-media":"","overlay-type":"","overlay-color":"","overlay-opacity":"","overlay-gradient":""},"mobile":{"background-color":"var(--ast-global-color-4)","background-image":"","background-repeat":"repeat","background-position":"center center","background-size":"auto","background-attachment":"scroll","background-type":"","background-media":"","overlay-type":"","overlay-color":"","overlay-opacity":"","overlay-gradient":""}},"footnotes":""},"categories":[85,31,81,80,29],"tags":[104,138],"class_list":["post-1186","post","type-post","status-publish","format-standard","has-post-thumbnail","hentry","category-activitats","category-ampa","category-centre","category-informacions_families","category-portada","tag-ampa-2","tag-cloenda"],"post_mailing_queue_ids":[],"_links":{"self":[{"href":"https:\/\/agora.xtec.cat\/insdertosa\/wp-json\/wp\/v2\/posts\/1186","targetHints":{"allow":["GET"]}}],"collection":[{"href":"https:\/\/agora.xtec.cat\/insdertosa\/wp-json\/wp\/v2\/posts"}],"about":[{"href":"https:\/\/agora.xtec.cat\/insdertosa\/wp-json\/wp\/v2\/types\/post"}],"author":[{"embeddable":true,"href":"https:\/\/agora.xtec.cat\/insdertosa\/wp-json\/wp\/v2\/users\/1"}],"replies":[{"embeddable":true,"href":"https:\/\/agora.xtec.cat\/insdertosa\/wp-json\/wp\/v2\/comments?post=1186"}],"version-history":[{"count":1,"href":"https:\/\/agora.xtec.cat\/insdertosa\/wp-json\/wp\/v2\/posts\/1186\/revisions"}],"predecessor-version":[{"id":1188,"href":"https:\/\/agora.xtec.cat\/insdertosa\/wp-json\/wp\/v2\/posts\/1186\/revisions\/1188"}],"wp:featuredmedia":[{"embeddable":true,"href":"https:\/\/agora.xtec.cat\/insdertosa\/wp-json\/wp\/v2\/media\/1187"}],"wp:attachment":[{"href":"https:\/\/agora.xtec.cat\/insdertosa\/wp-json\/wp\/v2\/media?parent=1186"}],"wp:term":[{"taxonomy":"category","embeddable":true,"href":"https:\/\/agora.xtec.cat\/insdertosa\/wp-json\/wp\/v2\/categories?post=1186"},{"taxonomy":"post_tag","embeddable":true,"href":"https:\/\/agora.xtec.cat\/insdertosa\/wp-json\/wp\/v2\/tags?post=1186"}],"curies":[{"name":"wp","href":"https:\/\/api.w.org\/{rel}","templated":true}]}}