{"id":10462,"date":"2023-02-16T12:53:00","date_gmt":"2023-02-16T11:53:00","guid":{"rendered":"https:\/\/agora.xtec.cat\/insdertosa\/?p=10462"},"modified":"2023-02-16T12:53:00","modified_gmt":"2023-02-16T11:53:00","slug":"a-lentorn-daprenentatge-del-canigo-primer-dia","status":"publish","type":"post","link":"https:\/\/agora.xtec.cat\/insdertosa\/general\/a-lentorn-daprenentatge-del-canigo-primer-dia\/","title":{"rendered":"A l&#8217;Entorn d&#8217;Aprenentatge del Canig\u00f3, primer dia"},"content":{"rendered":"<p>&nbsp;<\/p>\n<p>Per segon any consecutiu el nostre alumnat de 4t d&#8217;ESO est\u00e0 realitzantuna estada did\u00e0ctica a l&#8217;Entorn d&#8217;aprenentatge del Canig\u00f3, acompanyat de les professores Olga Gas i Salom\u00e9 Pla, i del professor Emigdi Subirats. Aquesta \u00e9s l&#8217;explicaci\u00f3 pertinent que trobem al seu espai web:<\/p>\n<p><em>L&#8217;Entorn d&#8217;Aprenentatge del Canig\u00f3 \u00e9s una proposta pedag\u00f2gica que neix amb l\u2019objectiu d\u2019apropar els estudiants de darrer cicle de prim\u00e0ria, secund\u00e0ria\u00a0 i batxillerat dels Pa\u00efsos Catalans al patrimoni cultural i natural de la Catalunya Nord. Situat a Prada a la comarca del Conflent, a l\u2019Alberg Pau Casals \u2013 Canig\u00f3, seu permanent de la Universitat Catalana d\u2019Estiu, l\u2019EdA del Canig\u00f3 ofereix als estudiants la possibilitat de realitzar estades did\u00e0ctiques per a descobrir el bressol de la cultura catalana, con\u00e8ixer un entorn natural i paisatg\u00edstic emblem\u00e0tic seguint les petjades i els valors de l\u2019excursionisme com feu Jacint Verdaguer i treballar per a la construcci\u00f3 d\u2019un espai de pau, llibertat i solidaritat entre els diferents pobles que agermana la llengua catalana. Cultura, natura, paisatge i llengua s\u2019uneixen per esborrar fronteres i celebrar els valors universals que des de l\u2019Abat Oliba fins a Pau Casals van impregnar aquestes contrades.<\/em><\/p>\n<p><a href=\"https:\/\/agora.xtec.cat\/insdertosa\/wp-content\/uploads\/usu144\/2023\/02\/placa.jpg\"><img loading=\"lazy\" decoding=\"async\" class=\"alignnone size-full wp-image-10469\" src=\"https:\/\/agora.xtec.cat\/insdertosa\/wp-content\/uploads\/usu144\/2023\/02\/placa.jpg\" alt=\"\" width=\"960\" height=\"704\" srcset=\"https:\/\/agora.xtec.cat\/insdertosa\/wp-content\/uploads\/usu144\/2023\/02\/placa.jpg 960w, https:\/\/agora.xtec.cat\/insdertosa\/wp-content\/uploads\/usu144\/2023\/02\/placa-300x220.jpg 300w, https:\/\/agora.xtec.cat\/insdertosa\/wp-content\/uploads\/usu144\/2023\/02\/placa-768x563.jpg 768w\" sizes=\"auto, (max-width: 960px) 100vw, 960px\" \/><\/a><\/p>\n<p>Una bona matinada ens permetia arribar als espais fronterers cap a les 10 del mat\u00ed. All\u00ed ens esperaven en V\u00edctor i en Felip, els dos responsables del projecte educatiu, que ens estan fent de guia durant aquests dies. Primerament, ens varen portar a fer el primer tram de la ruta de l&#8217;expatriaci\u00f3 just fins a la ratlla que separa dos estats tot i ser terra catalana banda i banda. La met\u00e0fora de la ratlla queda palesa en el fam\u00f3s poema Corrandes d&#8217;exili, de Joan Oliver &#8220;Pere Quart&#8221;, que va recitar el professor Emigdi Subirats:<em> i abans de passar la ratlla\/ m&#8217;ajec i beso la terra\/ il&#8217;acarono amb l&#8217;espatlla<\/em>.<\/p>\n<p><a href=\"https:\/\/agora.xtec.cat\/insdertosa\/wp-content\/uploads\/usu144\/2023\/02\/maleta.jpg\"><img loading=\"lazy\" decoding=\"async\" class=\"alignnone size-full wp-image-10470\" src=\"https:\/\/agora.xtec.cat\/insdertosa\/wp-content\/uploads\/usu144\/2023\/02\/maleta.jpg\" alt=\"\" width=\"423\" height=\"332\" srcset=\"https:\/\/agora.xtec.cat\/insdertosa\/wp-content\/uploads\/usu144\/2023\/02\/maleta.jpg 423w, https:\/\/agora.xtec.cat\/insdertosa\/wp-content\/uploads\/usu144\/2023\/02\/maleta-300x235.jpg 300w\" sizes=\"auto, (max-width: 423px) 100vw, 423px\" \/><\/a><\/p>\n<p>Tamb\u00e9 es va fer la deguda remembran\u00e7a del president catal\u00e0 i del lehendakari basc, Llu\u00eds Companys i Jos\u00e9 Antonio Aguirre, que varen creuar &#8220;la ratlla&#8221; que els portava a la ruta inc\u00f2gnita en un dels moments m\u00e9s tr\u00e0gics de la nostra hist\u00f2ria contempor\u00e0nia. Durant tot el trajecte ens va acompanyar una maleta, que simbolitzava el lleuger equipatge que portaven els centenars de milers de refugiats republicans que havien de deixar el pa\u00eds sota unes condicions francament lamentables.<\/p>\n<p><a href=\"https:\/\/agora.xtec.cat\/insdertosa\/wp-content\/uploads\/usu144\/2023\/02\/retirada-1.jpg\"><img loading=\"lazy\" decoding=\"async\" class=\"alignnone size-full wp-image-10472\" src=\"https:\/\/agora.xtec.cat\/insdertosa\/wp-content\/uploads\/usu144\/2023\/02\/retirada-1.jpg\" alt=\"\" width=\"885\" height=\"901\" srcset=\"https:\/\/agora.xtec.cat\/insdertosa\/wp-content\/uploads\/usu144\/2023\/02\/retirada-1.jpg 885w, https:\/\/agora.xtec.cat\/insdertosa\/wp-content\/uploads\/usu144\/2023\/02\/retirada-1-295x300.jpg 295w, https:\/\/agora.xtec.cat\/insdertosa\/wp-content\/uploads\/usu144\/2023\/02\/retirada-1-768x782.jpg 768w\" sizes=\"auto, (max-width: 885px) 100vw, 885px\" \/><\/a><\/p>\n<p>A la tarda, havent dinat al poble de La Vajol, ens v\u00e0rem traslladar a la platja d&#8217;Argelers de la Marenda, en la qual va instaurar-se un camp de concentraci\u00f3 al febrer de 1939 destinats als refugiats que fugien del feixisme i de les bombes franquistes. Justament davant del monument d&#8217;homenatge a les persones que varen sofrir reclusi\u00f3 a l&#8217;esmentat camp, va haver-hi una concentraci\u00f3 de 540 alumnes de l&#8217;Alt Empord\u00e0 i de l&#8217;Institut Dertosa, que varen recitar uns poemes i varen fer cinc c\u00e8ntims de les experi\u00e8ncies viscudes durant el dia. Tamb\u00e9 van prendre la paraules membres de l&#8217;associaci\u00f3 FFREEE,, fills de refugiats republicans que van instal\u00b7lar-se a la Catalunya del nord, aix\u00ed com Antoni Parra, alcalde d&#8217;Argelers, que va fer un emotiu parlament en qu\u00e8 va deixar pal\u00e8s el fet que als ciutadans d&#8217;Argelers els costa molt assumir aquesta part de la hist\u00f2ria, en qu\u00e8 la Rep\u00fablica francesa va tractar molt malament els refugiats republicans que havien travessat els Pirineus.<\/p>\n<p><a href=\"https:\/\/agora.xtec.cat\/insdertosa\/wp-content\/uploads\/usu144\/2023\/02\/mapa.jpg\"><img loading=\"lazy\" decoding=\"async\" class=\"alignnone size-full wp-image-10473\" src=\"https:\/\/agora.xtec.cat\/insdertosa\/wp-content\/uploads\/usu144\/2023\/02\/mapa.jpg\" alt=\"\" width=\"661\" height=\"900\" srcset=\"https:\/\/agora.xtec.cat\/insdertosa\/wp-content\/uploads\/usu144\/2023\/02\/mapa.jpg 661w, https:\/\/agora.xtec.cat\/insdertosa\/wp-content\/uploads\/usu144\/2023\/02\/mapa-220x300.jpg 220w\" sizes=\"auto, (max-width: 661px) 100vw, 661px\" \/><\/a><\/p>\n<p>Finalment, v\u00e0rem arribar a la nostra destinaci\u00f3 a l&#8217;alberg Pau Casals de Prada de Conflent, governat per la Universitat Catalana d&#8217;Estiu. Compta amb tota mena de simbologia catalanista, imatges de Pompeu Fabra i Pau Casals, els r\u00e8tols de totes les edicions de la UCE i una exposici\u00f3 sobre l&#8217;exili.<\/p>\n<p>Ha estat una jornada esgotadora, per\u00f2 molt interessant, en la qual el nostre alumnat ha pogut viure de primera m\u00e0 com es va realitzar la hist\u00f2rica Retirada, nom amb qu\u00e8 ha passat a la hist\u00f2ria el cam\u00ed que realitzaren centenars de milers de persones que mai no varen poder tornar a la seua terra al febrer de 1939.<\/p>\n<p><a href=\"https:\/\/agora.xtec.cat\/insdertosa\/wp-content\/uploads\/usu144\/2023\/02\/camp.jpg\"><img loading=\"lazy\" decoding=\"async\" class=\"alignnone size-full wp-image-10474\" src=\"https:\/\/agora.xtec.cat\/insdertosa\/wp-content\/uploads\/usu144\/2023\/02\/camp.jpg\" alt=\"\" width=\"960\" height=\"540\" srcset=\"https:\/\/agora.xtec.cat\/insdertosa\/wp-content\/uploads\/usu144\/2023\/02\/camp.jpg 960w, https:\/\/agora.xtec.cat\/insdertosa\/wp-content\/uploads\/usu144\/2023\/02\/camp-300x169.jpg 300w, https:\/\/agora.xtec.cat\/insdertosa\/wp-content\/uploads\/usu144\/2023\/02\/camp-768x432.jpg 768w\" sizes=\"auto, (max-width: 960px) 100vw, 960px\" \/><\/a><\/p>\n","protected":false},"excerpt":{"rendered":"<p>&nbsp; Per segon any consecutiu el nostre alumnat de 4t d&#8217;ESO est\u00e0 realitzantuna estada did\u00e0ctica a l&#8217;Entorn d&#8217;aprenentatge del Canig\u00f3, acompanyat de les professores Olga Gas i Salom\u00e9 Pla, i del professor Emigdi Subirats. Aquesta \u00e9s l&#8217;explicaci\u00f3 pertinent que trobem al seu espai web: L&#8217;Entorn d&#8217;Aprenentatge del Canig\u00f3 \u00e9s una proposta pedag\u00f2gica que neix amb [&hellip;]<\/p>\n","protected":false},"author":148,"featured_media":0,"comment_status":"open","ping_status":"closed","sticky":false,"template":"","format":"standard","meta":{"_bbp_topic_count":0,"_bbp_reply_count":0,"_bbp_total_topic_count":0,"_bbp_total_reply_count":0,"_bbp_voice_count":0,"_bbp_anonymous_reply_count":0,"_bbp_topic_count_hidden":0,"_bbp_reply_count_hidden":0,"_bbp_forum_subforum_count":0,"site-sidebar-layout":"default","site-content-layout":"","ast-site-content-layout":"","site-content-style":"default","site-sidebar-style":"default","ast-global-header-display":"","ast-banner-title-visibility":"","ast-main-header-display":"","ast-hfb-above-header-display":"","ast-hfb-below-header-display":"","ast-hfb-mobile-header-display":"","site-post-title":"","ast-breadcrumbs-content":"","ast-featured-img":"","footer-sml-layout":"","theme-transparent-header-meta":"","adv-header-id-meta":"","stick-header-meta":"","header-above-stick-meta":"","header-main-stick-meta":"","header-below-stick-meta":"","astra-migrate-meta-layouts":"default","ast-page-background-enabled":"default","ast-page-background-meta":{"desktop":{"background-color":"var(--ast-global-color-5)","background-image":"","background-repeat":"repeat","background-position":"center center","background-size":"auto","background-attachment":"scroll","background-type":"","background-media":"","overlay-type":"","overlay-color":"","overlay-opacity":"","overlay-gradient":""},"tablet":{"background-color":"","background-image":"","background-repeat":"repeat","background-position":"center center","background-size":"auto","background-attachment":"scroll","background-type":"","background-media":"","overlay-type":"","overlay-color":"","overlay-opacity":"","overlay-gradient":""},"mobile":{"background-color":"","background-image":"","background-repeat":"repeat","background-position":"center center","background-size":"auto","background-attachment":"scroll","background-type":"","background-media":"","overlay-type":"","overlay-color":"","overlay-opacity":"","overlay-gradient":""}},"ast-content-background-meta":{"desktop":{"background-color":"var(--ast-global-color-4)","background-image":"","background-repeat":"repeat","background-position":"center center","background-size":"auto","background-attachment":"scroll","background-type":"","background-media":"","overlay-type":"","overlay-color":"","overlay-opacity":"","overlay-gradient":""},"tablet":{"background-color":"var(--ast-global-color-4)","background-image":"","background-repeat":"repeat","background-position":"center center","background-size":"auto","background-attachment":"scroll","background-type":"","background-media":"","overlay-type":"","overlay-color":"","overlay-opacity":"","overlay-gradient":""},"mobile":{"background-color":"var(--ast-global-color-4)","background-image":"","background-repeat":"repeat","background-position":"center center","background-size":"auto","background-attachment":"scroll","background-type":"","background-media":"","overlay-type":"","overlay-color":"","overlay-opacity":"","overlay-gradient":""}},"footnotes":""},"categories":[1,29],"tags":[],"class_list":["post-10462","post","type-post","status-publish","format-standard","hentry","category-general","category-portada"],"post_mailing_queue_ids":[],"_links":{"self":[{"href":"https:\/\/agora.xtec.cat\/insdertosa\/wp-json\/wp\/v2\/posts\/10462","targetHints":{"allow":["GET"]}}],"collection":[{"href":"https:\/\/agora.xtec.cat\/insdertosa\/wp-json\/wp\/v2\/posts"}],"about":[{"href":"https:\/\/agora.xtec.cat\/insdertosa\/wp-json\/wp\/v2\/types\/post"}],"author":[{"embeddable":true,"href":"https:\/\/agora.xtec.cat\/insdertosa\/wp-json\/wp\/v2\/users\/148"}],"replies":[{"embeddable":true,"href":"https:\/\/agora.xtec.cat\/insdertosa\/wp-json\/wp\/v2\/comments?post=10462"}],"version-history":[{"count":3,"href":"https:\/\/agora.xtec.cat\/insdertosa\/wp-json\/wp\/v2\/posts\/10462\/revisions"}],"predecessor-version":[{"id":10476,"href":"https:\/\/agora.xtec.cat\/insdertosa\/wp-json\/wp\/v2\/posts\/10462\/revisions\/10476"}],"wp:attachment":[{"href":"https:\/\/agora.xtec.cat\/insdertosa\/wp-json\/wp\/v2\/media?parent=10462"}],"wp:term":[{"taxonomy":"category","embeddable":true,"href":"https:\/\/agora.xtec.cat\/insdertosa\/wp-json\/wp\/v2\/categories?post=10462"},{"taxonomy":"post_tag","embeddable":true,"href":"https:\/\/agora.xtec.cat\/insdertosa\/wp-json\/wp\/v2\/tags?post=10462"}],"curies":[{"name":"wp","href":"https:\/\/api.w.org\/{rel}","templated":true}]}}