{"id":977,"date":"2016-12-20T09:45:51","date_gmt":"2016-12-20T08:45:51","guid":{"rendered":"http:\/\/agora.xtec.cat\/insderodadebara\/?p=977"},"modified":"2016-12-20T09:45:51","modified_gmt":"2016-12-20T08:45:51","slug":"marato-de-tv3","status":"publish","type":"post","link":"https:\/\/agora.xtec.cat\/insderodadebara\/general\/marato-de-tv3\/","title":{"rendered":"Marat\u00f3 de TV3"},"content":{"rendered":"<div class=\"\" data-block=\"true\" data-editor=\"check\" data-offset-key=\"bahbi-0-0\">\n<div class=\"_1mf _1mj\" data-offset-key=\"bahbi-0-0\"><span data-offset-key=\"bahbi-0-0\"><span data-text=\"true\">La setmana passada, els dies 15 i 16 de desembre, tot l&#8217;alumnat del centre va assistir a la xerrada de la Marat\u00f3 de TV3, on ens van informar sobre les malalties d&#8217;aquest any: Ictus i les lesions medul\u00b7lars i cerebrals traum\u00e0tiques.<\/span><\/span><\/div>\n<\/div>\n<div class=\"\" data-block=\"true\" data-editor=\"check\" data-offset-key=\"anmtn-0-0\">\n<div class=\"_1mf _1mj\" data-offset-key=\"anmtn-0-0\"><span data-offset-key=\"anmtn-0-0\">\u00a0<\/span><\/div>\n<\/div>\n<div class=\"\" data-block=\"true\" data-editor=\"check\" data-offset-key=\"fs932-0-0\">\n<div class=\"_1mf _1mj\" data-offset-key=\"fs932-0-0\"><span data-offset-key=\"fs932-0-0\"><span data-text=\"true\">Va ser una experi\u00e8ncia \u00fanica, com passa cada any.<\/span><\/span><\/div>\n<\/div>\n<div class=\"_1mf _1mj\" data-offset-key=\"fs932-0-0\"><\/div>\n<div class=\"_1mf _1mj\" data-offset-key=\"fs932-0-0\">El centre, com cada any, participa, juntament amb l&#8217;Ajuntament de Roda de Ber\u00e0, en la confecci\u00f3 d&#8217;unes postals de Nadal que es venen i els diners recaptats van per a la Marat\u00f3 de TV3.<\/div>\n<div class=\"\" data-block=\"true\" data-editor=\"check\" data-offset-key=\"d66rf-0-0\">\n<div class=\"_1mf _1mj\" data-offset-key=\"d66rf-0-0\"><span data-offset-key=\"d66rf-0-0\">\u00a0<\/span><\/div>\n<\/div>\n<div class=\"\" data-block=\"true\" data-editor=\"check\" data-offset-key=\"e535l-0-0\">\n<div class=\"_1mf _1mj\" data-offset-key=\"e535l-0-0\"><span data-offset-key=\"e535l-0-0\"><span data-text=\"true\">Moltes gr\u00e0cies a tots per totes les iniciatives!<\/span><\/span><\/div>\n<div class=\"_1mf _1mj\" data-offset-key=\"e535l-0-0\"><\/div>\n<div class=\"_1mf _1mj\" data-offset-key=\"e535l-0-0\"><span data-offset-key=\"e535l-0-0\"><span data-text=\"true\"><a href=\"http:\/\/agora.xtec.cat\/insderodadebara\/wp-content\/uploads\/usu1145\/2016\/12\/2015_maratotv3_1.jpg\"><img loading=\"lazy\" decoding=\"async\" class=\"alignnone size-full wp-image-978\" src=\"http:\/\/agora.xtec.cat\/insderodadebara\/wp-content\/uploads\/usu1145\/2016\/12\/2015_maratotv3_1.jpg\" alt=\"2015_maratotv3_1\" width=\"450\" height=\"178\" srcset=\"https:\/\/agora.xtec.cat\/insderodadebara\/wp-content\/uploads\/usu1145\/2016\/12\/2015_maratotv3_1.jpg 450w, https:\/\/agora.xtec.cat\/insderodadebara\/wp-content\/uploads\/usu1145\/2016\/12\/2015_maratotv3_1-300x119.jpg 300w\" sizes=\"auto, (max-width: 450px) 100vw, 450px\" \/><\/a><\/span><\/span><\/div>\n<\/div>\n","protected":false},"excerpt":{"rendered":"<p>La setmana passada, els dies 15 i 16 de desembre, tot l&#8217;alumnat del centre va assistir a la xerrada de la Marat\u00f3 de TV3, on ens van informar sobre les malalties d&#8217;aquest any: Ictus i les lesions medul\u00b7lars i cerebrals traum\u00e0tiques.&hellip;  <a href=\"https:\/\/agora.xtec.cat\/insderodadebara\/general\/marato-de-tv3\/\" title=\"Read Marat\u00f3 de TV3\">Llegeix m\u00e9s\u00bb<\/a><\/p>\n","protected":false},"author":1,"featured_media":978,"comment_status":"closed","ping_status":"open","sticky":false,"template":"","format":"standard","meta":{"_bbp_topic_count":0,"_bbp_reply_count":0,"_bbp_total_topic_count":0,"_bbp_total_reply_count":0,"_bbp_voice_count":0,"_bbp_anonymous_reply_count":0,"_bbp_topic_count_hidden":0,"_bbp_reply_count_hidden":0,"_bbp_forum_subforum_count":0,"footnotes":""},"categories":[3,4,5,6,7,1,29],"tags":[65,70,68,69,115,44],"class_list":["post-977","post","type-post","status-publish","format-standard","has-post-thumbnail","hentry","category-eso","category-eso-1","category-eso-2","category-eso-3","category-eso-4","category-general","category-portada","tag-1reso","tag-2neso","tag-3reso","tag-4teso","tag-marato-tv3","tag-xerrades"],"post_mailing_queue_ids":[],"_links":{"self":[{"href":"https:\/\/agora.xtec.cat\/insderodadebara\/wp-json\/wp\/v2\/posts\/977","targetHints":{"allow":["GET"]}}],"collection":[{"href":"https:\/\/agora.xtec.cat\/insderodadebara\/wp-json\/wp\/v2\/posts"}],"about":[{"href":"https:\/\/agora.xtec.cat\/insderodadebara\/wp-json\/wp\/v2\/types\/post"}],"author":[{"embeddable":true,"href":"https:\/\/agora.xtec.cat\/insderodadebara\/wp-json\/wp\/v2\/users\/1"}],"replies":[{"embeddable":true,"href":"https:\/\/agora.xtec.cat\/insderodadebara\/wp-json\/wp\/v2\/comments?post=977"}],"version-history":[{"count":1,"href":"https:\/\/agora.xtec.cat\/insderodadebara\/wp-json\/wp\/v2\/posts\/977\/revisions"}],"predecessor-version":[{"id":979,"href":"https:\/\/agora.xtec.cat\/insderodadebara\/wp-json\/wp\/v2\/posts\/977\/revisions\/979"}],"wp:featuredmedia":[{"embeddable":true,"href":"https:\/\/agora.xtec.cat\/insderodadebara\/wp-json\/wp\/v2\/media\/978"}],"wp:attachment":[{"href":"https:\/\/agora.xtec.cat\/insderodadebara\/wp-json\/wp\/v2\/media?parent=977"}],"wp:term":[{"taxonomy":"category","embeddable":true,"href":"https:\/\/agora.xtec.cat\/insderodadebara\/wp-json\/wp\/v2\/categories?post=977"},{"taxonomy":"post_tag","embeddable":true,"href":"https:\/\/agora.xtec.cat\/insderodadebara\/wp-json\/wp\/v2\/tags?post=977"}],"curies":[{"name":"wp","href":"https:\/\/api.w.org\/{rel}","templated":true}]}}