{"id":966,"date":"2016-11-22T13:48:48","date_gmt":"2016-11-22T12:48:48","guid":{"rendered":"http:\/\/agora.xtec.cat\/insderodadebara\/?p=966"},"modified":"2016-11-22T13:48:48","modified_gmt":"2016-11-22T12:48:48","slug":"santa-cecilia","status":"publish","type":"post","link":"https:\/\/agora.xtec.cat\/insderodadebara\/general\/santa-cecilia\/","title":{"rendered":"Santa Cec\u00edlia"},"content":{"rendered":"<div class=\"\" data-block=\"true\" data-editor=\"5h20n\" data-offset-key=\"8t1tt-0-0\">\n<div class=\"_1mf _1mj\" data-offset-key=\"8t1tt-0-0\"><span data-offset-key=\"8t1tt-0-0\"><span data-text=\"true\">Avui, 22 de novembre, \u00e9s la festivitat de Santa Cec\u00edlia, patrona dels m\u00fasics i de la M\u00fasica.<\/span><\/span><\/div>\n<\/div>\n<div class=\"\" data-block=\"true\" data-editor=\"5h20n\" data-offset-key=\"21qe8-0-0\">\n<div class=\"_1mf _1mj\" data-offset-key=\"21qe8-0-0\"><span data-offset-key=\"21qe8-0-0\">\u00a0<\/span><\/div>\n<\/div>\n<div class=\"\" data-block=\"true\" data-editor=\"5h20n\" data-offset-key=\"67j5b-0-0\">\n<div class=\"_1mf _1mj\" data-offset-key=\"67j5b-0-0\"><span data-offset-key=\"67j5b-0-0\"><span data-text=\"true\">Per commemorar aquest dia s&#8217;han preparant dues activitats.<\/span><\/span><\/div>\n<\/div>\n<div class=\"\" data-block=\"true\" data-editor=\"5h20n\" data-offset-key=\"4scgr-0-0\">\n<div class=\"_1mf _1mj\" data-offset-key=\"4scgr-0-0\"><span data-offset-key=\"4scgr-0-0\"><span data-text=\"true\">Una ha sigut la decoraci\u00f3 d&#8217;una part del passad\u00eds central amb una imatge de la santa i una mica d&#8217;explicaci\u00f3 del dia. <\/span><\/span><\/div>\n<\/div>\n<div class=\"\" data-block=\"true\" data-editor=\"5h20n\" data-offset-key=\"cukif-0-0\">\n<div class=\"_1mf _1mj\" data-offset-key=\"cukif-0-0\"><span data-offset-key=\"cukif-0-0\">\u00a0<\/span><\/div>\n<\/div>\n<div class=\"\" data-block=\"true\" data-editor=\"5h20n\" data-offset-key=\"3e3d-0-0\">\n<div class=\"_1mf _1mj\" data-offset-key=\"3e3d-0-0\"><span data-offset-key=\"3e3d-0-0\"><span data-text=\"true\">I la segona s&#8217;ha organitzat un concert dels alumnes de M\u00fasica a la biblioteca a l&#8217;hora del pati. <\/span><\/span><\/div>\n<\/div>\n<div class=\"\" data-block=\"true\" data-editor=\"5h20n\" data-offset-key=\"2c15c-0-0\">\n<div class=\"_1mf _1mj\" data-offset-key=\"2c15c-0-0\"><span data-offset-key=\"2c15c-0-0\">\u00a0<\/span><\/div>\n<\/div>\n<div class=\"\" data-block=\"true\" data-editor=\"5h20n\" data-offset-key=\"en3a6-0-0\">\n<div class=\"_1mf _1mj\" data-offset-key=\"en3a6-0-0\"><span data-offset-key=\"en3a6-0-0\"><span data-text=\"true\">Aprofitant l&#8217;avinentesa agra\u00efm de tot cor els esfor\u00e7os que han fet el Miquel \u00c0ngel (decoraci\u00f3) i la Cristina (concert) per celebrar aquesta festivitat. <\/span><\/span><\/div>\n<\/div>\n<div class=\"\" data-block=\"true\" data-editor=\"5h20n\" data-offset-key=\"adlqc-0-0\">\n<div class=\"_1mf _1mj\" data-offset-key=\"adlqc-0-0\"><span data-offset-key=\"adlqc-0-0\">\u00a0<\/span><\/div>\n<\/div>\n<div class=\"\" data-block=\"true\" data-editor=\"5h20n\" data-offset-key=\"4k2be-0-0\">\n<div class=\"_1mf _1mj\" data-offset-key=\"4k2be-0-0\"><span data-offset-key=\"4k2be-0-0\"><span data-text=\"true\">I perqu\u00e8 una imatge val m\u00e9s que mil paraules aqu\u00ed teniu unes quantes fotografies dels actes.<\/span><\/span><\/div>\n<div class=\"_1mf _1mj\" data-offset-key=\"4k2be-0-0\"><\/div>\n<div class=\"_1mf _1mj\" data-offset-key=\"4k2be-0-0\"><\/div>\n<div class=\"_1mf _1mj\" data-offset-key=\"4k2be-0-0\"><a href=\"http:\/\/agora.xtec.cat\/insderodadebara\/wp-content\/uploads\/usu1145\/2016\/11\/20161122_111500.jpg\"><img loading=\"lazy\" decoding=\"async\" class=\"alignnone  wp-image-967\" src=\"http:\/\/agora.xtec.cat\/insderodadebara\/wp-content\/uploads\/usu1145\/2016\/11\/20161122_111500-1024x614.jpg\" alt=\"20161122_111500\" width=\"420\" height=\"252\" srcset=\"https:\/\/agora.xtec.cat\/insderodadebara\/wp-content\/uploads\/usu1145\/2016\/11\/20161122_111500-1024x614.jpg 1024w, https:\/\/agora.xtec.cat\/insderodadebara\/wp-content\/uploads\/usu1145\/2016\/11\/20161122_111500-300x180.jpg 300w, https:\/\/agora.xtec.cat\/insderodadebara\/wp-content\/uploads\/usu1145\/2016\/11\/20161122_111500-768x461.jpg 768w\" sizes=\"auto, (max-width: 420px) 100vw, 420px\" \/><\/a>\u00a0 \u00a0<a href=\"http:\/\/agora.xtec.cat\/insderodadebara\/wp-content\/uploads\/usu1145\/2016\/11\/20161122_111524.jpg\"><img loading=\"lazy\" decoding=\"async\" class=\" wp-image-968 aligncenter\" src=\"http:\/\/agora.xtec.cat\/insderodadebara\/wp-content\/uploads\/usu1145\/2016\/11\/20161122_111524-1024x614.jpg\" alt=\"20161122_111524\" width=\"420\" height=\"252\" srcset=\"https:\/\/agora.xtec.cat\/insderodadebara\/wp-content\/uploads\/usu1145\/2016\/11\/20161122_111524-1024x614.jpg 1024w, https:\/\/agora.xtec.cat\/insderodadebara\/wp-content\/uploads\/usu1145\/2016\/11\/20161122_111524-300x180.jpg 300w, https:\/\/agora.xtec.cat\/insderodadebara\/wp-content\/uploads\/usu1145\/2016\/11\/20161122_111524-768x461.jpg 768w\" sizes=\"auto, (max-width: 420px) 100vw, 420px\" \/><\/a><\/div>\n<div class=\"_1mf _1mj\" data-offset-key=\"4k2be-0-0\"><a href=\"http:\/\/agora.xtec.cat\/insderodadebara\/wp-content\/uploads\/usu1145\/2016\/11\/20161122_133713.jpg\"><img loading=\"lazy\" decoding=\"async\" class=\" wp-image-969 alignright\" src=\"http:\/\/agora.xtec.cat\/insderodadebara\/wp-content\/uploads\/usu1145\/2016\/11\/20161122_133713-1024x614.jpg\" alt=\"20161122_133713\" width=\"420\" height=\"252\" srcset=\"https:\/\/agora.xtec.cat\/insderodadebara\/wp-content\/uploads\/usu1145\/2016\/11\/20161122_133713-1024x614.jpg 1024w, https:\/\/agora.xtec.cat\/insderodadebara\/wp-content\/uploads\/usu1145\/2016\/11\/20161122_133713-300x180.jpg 300w, https:\/\/agora.xtec.cat\/insderodadebara\/wp-content\/uploads\/usu1145\/2016\/11\/20161122_133713-768x461.jpg 768w\" sizes=\"auto, (max-width: 420px) 100vw, 420px\" \/><\/a><\/div>\n<\/div>\n","protected":false},"excerpt":{"rendered":"<p>Avui, 22 de novembre, \u00e9s la festivitat de Santa Cec\u00edlia, patrona dels m\u00fasics i de la M\u00fasica.<\/p>\n<p>\u00a0<\/p>\n<p>Per commemorar aquest dia s&#8217;han preparant dues activitats.<\/p>\n<p>Una ha sigut la decoraci\u00f3 d&#8217;una part del passad\u00eds central amb una imatge de la santa i una mica d&#8217;explicaci\u00f3 del dia.&hellip;  <a href=\"https:\/\/agora.xtec.cat\/insderodadebara\/general\/santa-cecilia\/\" title=\"Read Santa Cec\u00edlia\">Llegeix m\u00e9s\u00bb<\/a><\/p>\n","protected":false},"author":1,"featured_media":0,"comment_status":"closed","ping_status":"open","sticky":false,"template":"","format":"standard","meta":{"_bbp_topic_count":0,"_bbp_reply_count":0,"_bbp_total_topic_count":0,"_bbp_total_reply_count":0,"_bbp_voice_count":0,"_bbp_anonymous_reply_count":0,"_bbp_topic_count_hidden":0,"_bbp_reply_count_hidden":0,"_bbp_forum_subforum_count":0,"footnotes":""},"categories":[3,1,29],"tags":[85],"class_list":["post-966","post","type-post","status-publish","format-standard","hentry","category-eso","category-general","category-portada","tag-eso"],"post_mailing_queue_ids":[],"_links":{"self":[{"href":"https:\/\/agora.xtec.cat\/insderodadebara\/wp-json\/wp\/v2\/posts\/966","targetHints":{"allow":["GET"]}}],"collection":[{"href":"https:\/\/agora.xtec.cat\/insderodadebara\/wp-json\/wp\/v2\/posts"}],"about":[{"href":"https:\/\/agora.xtec.cat\/insderodadebara\/wp-json\/wp\/v2\/types\/post"}],"author":[{"embeddable":true,"href":"https:\/\/agora.xtec.cat\/insderodadebara\/wp-json\/wp\/v2\/users\/1"}],"replies":[{"embeddable":true,"href":"https:\/\/agora.xtec.cat\/insderodadebara\/wp-json\/wp\/v2\/comments?post=966"}],"version-history":[{"count":1,"href":"https:\/\/agora.xtec.cat\/insderodadebara\/wp-json\/wp\/v2\/posts\/966\/revisions"}],"predecessor-version":[{"id":970,"href":"https:\/\/agora.xtec.cat\/insderodadebara\/wp-json\/wp\/v2\/posts\/966\/revisions\/970"}],"wp:attachment":[{"href":"https:\/\/agora.xtec.cat\/insderodadebara\/wp-json\/wp\/v2\/media?parent=966"}],"wp:term":[{"taxonomy":"category","embeddable":true,"href":"https:\/\/agora.xtec.cat\/insderodadebara\/wp-json\/wp\/v2\/categories?post=966"},{"taxonomy":"post_tag","embeddable":true,"href":"https:\/\/agora.xtec.cat\/insderodadebara\/wp-json\/wp\/v2\/tags?post=966"}],"curies":[{"name":"wp","href":"https:\/\/api.w.org\/{rel}","templated":true}]}}