{"id":955,"date":"2016-11-17T14:27:01","date_gmt":"2016-11-17T13:27:01","guid":{"rendered":"http:\/\/agora.xtec.cat\/insderodadebara\/?p=955"},"modified":"2016-11-17T14:32:04","modified_gmt":"2016-11-17T13:32:04","slug":"llegim-per-que","status":"publish","type":"post","link":"https:\/\/agora.xtec.cat\/insderodadebara\/general\/llegim-per-que\/","title":{"rendered":"Llegim&#8230; per qu\u00e8?"},"content":{"rendered":"<p>Des del nostre institut, un any m\u00e9s apostem per la lectura i continuem oferint, dins de l\u2019horari del centre, un quart d\u2019hora diari i rotatiu cada setmana per dedicar-lo a llegir per llegir, perqu\u00e8 creiem que la lectura \u00e9s una habilitat molt importat per a tothom i s\u2019ha de promocionar entre els adolescents.<\/p>\n<p>L\u2019encarregat de la lectura de cada tutoria o el mateix delegat o delegada penja un cartell a l\u2019aula que indica l\u2019hora en qu\u00e8 es realitza el quart d\u2019hora de lectura aquella setmana. Durant la lectura sona m\u00fasica, que anirem variant cada trimestre, amb la finalitat que ens ajudi a concentrar-nos. Durant aquest temps, l\u2019activitat al centre s\u2019atura , tothom llegeix, professorat i alumnat. Es llegeixen els llibres que es porten de casa o es demanen en pr\u00e9stec a la biblioteca, en qualsevol llengua, lectures adequades que cadasc\u00fa haur\u00e0 triat lliurement. Al calaix de cada tutoria hi ha un full de registre, per deixar const\u00e0ncia de la lectura que fa cadasc\u00fa.<\/p>\n<p><a href=\"http:\/\/agora.xtec.cat\/insderodadebara\/wp-content\/uploads\/usu1145\/2016\/11\/20161109_104107.jpg\"><img loading=\"lazy\" decoding=\"async\" class=\"alignnone wp-image-957 size-medium\" src=\"http:\/\/agora.xtec.cat\/insderodadebara\/wp-content\/uploads\/usu1145\/2016\/11\/20161109_104107-300x180.jpg\" alt=\"20161109_104107\" width=\"300\" height=\"180\" srcset=\"https:\/\/agora.xtec.cat\/insderodadebara\/wp-content\/uploads\/usu1145\/2016\/11\/20161109_104107-300x180.jpg 300w, https:\/\/agora.xtec.cat\/insderodadebara\/wp-content\/uploads\/usu1145\/2016\/11\/20161109_104107-768x461.jpg 768w, https:\/\/agora.xtec.cat\/insderodadebara\/wp-content\/uploads\/usu1145\/2016\/11\/20161109_104107-1024x614.jpg 1024w\" sizes=\"auto, (max-width: 300px) 100vw, 300px\" \/><\/a><a href=\"http:\/\/agora.xtec.cat\/insderodadebara\/wp-content\/uploads\/usu1145\/2016\/11\/20161109_104126.jpg\"><img loading=\"lazy\" decoding=\"async\" class=\"alignright wp-image-958 size-medium\" src=\"http:\/\/agora.xtec.cat\/insderodadebara\/wp-content\/uploads\/usu1145\/2016\/11\/20161109_104126-300x180.jpg\" alt=\"20161109_104126\" width=\"300\" height=\"180\" srcset=\"https:\/\/agora.xtec.cat\/insderodadebara\/wp-content\/uploads\/usu1145\/2016\/11\/20161109_104126-300x180.jpg 300w, https:\/\/agora.xtec.cat\/insderodadebara\/wp-content\/uploads\/usu1145\/2016\/11\/20161109_104126-768x461.jpg 768w, https:\/\/agora.xtec.cat\/insderodadebara\/wp-content\/uploads\/usu1145\/2016\/11\/20161109_104126-1024x614.jpg 1024w\" sizes=\"auto, (max-width: 300px) 100vw, 300px\" \/><\/a><\/p>\n<p>I per qu\u00e8 llegim? Amb paraules de l\u2019Ada Castells<\/p>\n<p>Llegim per combatre l\u2019avorriment.<\/p>\n<p><em>Un llibre te\u2019l pots endur on sigui i la seva lectura et permet fugir a altres mons&#8230;<\/em><\/p>\n<p>Llegim per no sentir-nos sols<\/p>\n<p><em>Els personatges t\u2019acompanyen sempre com si els portessis dins&#8230;<\/em><\/p>\n<p>Llegim per aguditzar el sentit cr\u00edtic<\/p>\n<p><em>Con\u00e8ixer altres vides fa q\u00fcestionar els punts de vista dels altres i els propis, \u00e9s a dir, \u00e9s m\u00e9s dif\u00edcil que et prenguin el p\u00e8l&#8230;<\/em><\/p>\n<p>Llegim perqu\u00e8 ens ajuda anar pel m\u00f3n<\/p>\n<p><em>La lectura amplia la nostra visi\u00f3 de les coses i ens apropa a cultures que no podr\u00edem con\u00e8ixer d\u2019altra manera&#8230;<\/em><\/p>\n<p>Llegim perqu\u00e8 aix\u00ed ampliem els nostres coneixements sobre diverses q\u00fcestions.<\/p>\n<p><em>Els llibres ens poden donar detalls molt precisos dels temes m\u00e9s variats, des de com viuen els pigmeus a com es reprodueixen les mosques&#8230;<\/em><\/p>\n<p>Llegir \u00e9s un plaer que et fa volar la imaginaci\u00f3.<\/p>\n<p><em>Hi ha moments en qu\u00e8, si la lectura ens absorbeix, som capa\u00e7os de viure les experi\u00e8ncies dels personatges i, tot aix\u00f2 que tenim!<\/em><\/p>\n<p>Llegir ens ajuda a fer amics<\/p>\n<p><em>Parlar de llibres i de lectures \u00e9s una manera d\u2019establir complicitats amb altres&#8230;<\/em><\/p>\n<p>Llegir ens ensenya a escriure.<\/p>\n<p><em>Veure el cam\u00ed que han tra\u00e7at els escriptors ajuda que nosaltres ens inventem el nostre&#8230;<\/em><\/p>\n<p>Llegir ens obre portes a noves feines.<\/p>\n<p><em>Amb la lectura obtenim vocabulari i millorem el nostre discurs per expressar millor qu\u00e8 volem i qu\u00e8 podem oferir&#8230;<\/em><\/p>\n<p>Llegir ens fa m\u00e9s persona.<\/p>\n<p><em>Llegir les experi\u00e8ncies dels personatges ens enriqueix la ment i l\u2019esperit i segur que ens distancia dels micos.<\/em><\/p>\n<p>La lectura ens fa lliures!<\/p>\n<p><a href=\"http:\/\/agora.xtec.cat\/insderodadebara\/wp-content\/uploads\/usu1145\/2016\/11\/20161109_104134.jpg\"><img loading=\"lazy\" decoding=\"async\" class=\"wp-image-959 size-medium aligncenter\" src=\"http:\/\/agora.xtec.cat\/insderodadebara\/wp-content\/uploads\/usu1145\/2016\/11\/20161109_104134-300x180.jpg\" alt=\"20161109_104134\" width=\"300\" height=\"180\" srcset=\"https:\/\/agora.xtec.cat\/insderodadebara\/wp-content\/uploads\/usu1145\/2016\/11\/20161109_104134-300x180.jpg 300w, https:\/\/agora.xtec.cat\/insderodadebara\/wp-content\/uploads\/usu1145\/2016\/11\/20161109_104134-768x461.jpg 768w, https:\/\/agora.xtec.cat\/insderodadebara\/wp-content\/uploads\/usu1145\/2016\/11\/20161109_104134-1024x614.jpg 1024w\" sizes=\"auto, (max-width: 300px) 100vw, 300px\" \/><\/a><\/p>\n","protected":false},"excerpt":{"rendered":"<p>Des del nostre institut, un any m\u00e9s apostem per la lectura i continuem oferint, dins de l\u2019horari del centre, un quart d\u2019hora diari i rotatiu cada setmana per dedicar-lo a llegir per llegir, perqu\u00e8 creiem que la lectura \u00e9s una habilitat molt importat per a&hellip;  <a href=\"https:\/\/agora.xtec.cat\/insderodadebara\/general\/llegim-per-que\/\" title=\"Read Llegim&#8230; per qu\u00e8?\">Llegeix m\u00e9s\u00bb<\/a><\/p>\n","protected":false},"author":1,"featured_media":958,"comment_status":"closed","ping_status":"open","sticky":false,"template":"","format":"standard","meta":{"_bbp_topic_count":0,"_bbp_reply_count":0,"_bbp_total_topic_count":0,"_bbp_total_reply_count":0,"_bbp_voice_count":0,"_bbp_anonymous_reply_count":0,"_bbp_topic_count_hidden":0,"_bbp_reply_count_hidden":0,"_bbp_forum_subforum_count":0,"footnotes":""},"categories":[3,1,29],"tags":[85,111],"class_list":["post-955","post","type-post","status-publish","format-standard","has-post-thumbnail","hentry","category-eso","category-general","category-portada","tag-eso","tag-quart-dhora-de-lectura"],"post_mailing_queue_ids":[],"_links":{"self":[{"href":"https:\/\/agora.xtec.cat\/insderodadebara\/wp-json\/wp\/v2\/posts\/955","targetHints":{"allow":["GET"]}}],"collection":[{"href":"https:\/\/agora.xtec.cat\/insderodadebara\/wp-json\/wp\/v2\/posts"}],"about":[{"href":"https:\/\/agora.xtec.cat\/insderodadebara\/wp-json\/wp\/v2\/types\/post"}],"author":[{"embeddable":true,"href":"https:\/\/agora.xtec.cat\/insderodadebara\/wp-json\/wp\/v2\/users\/1"}],"replies":[{"embeddable":true,"href":"https:\/\/agora.xtec.cat\/insderodadebara\/wp-json\/wp\/v2\/comments?post=955"}],"version-history":[{"count":2,"href":"https:\/\/agora.xtec.cat\/insderodadebara\/wp-json\/wp\/v2\/posts\/955\/revisions"}],"predecessor-version":[{"id":960,"href":"https:\/\/agora.xtec.cat\/insderodadebara\/wp-json\/wp\/v2\/posts\/955\/revisions\/960"}],"wp:featuredmedia":[{"embeddable":true,"href":"https:\/\/agora.xtec.cat\/insderodadebara\/wp-json\/wp\/v2\/media\/958"}],"wp:attachment":[{"href":"https:\/\/agora.xtec.cat\/insderodadebara\/wp-json\/wp\/v2\/media?parent=955"}],"wp:term":[{"taxonomy":"category","embeddable":true,"href":"https:\/\/agora.xtec.cat\/insderodadebara\/wp-json\/wp\/v2\/categories?post=955"},{"taxonomy":"post_tag","embeddable":true,"href":"https:\/\/agora.xtec.cat\/insderodadebara\/wp-json\/wp\/v2\/tags?post=955"}],"curies":[{"name":"wp","href":"https:\/\/api.w.org\/{rel}","templated":true}]}}