{"id":886,"date":"2016-09-26T12:55:28","date_gmt":"2016-09-26T11:55:28","guid":{"rendered":"http:\/\/agora.xtec.cat\/insderodadebara\/?p=886"},"modified":"2016-09-26T12:59:01","modified_gmt":"2016-09-26T11:59:01","slug":"dia-europeu-de-les-llengues","status":"publish","type":"post","link":"https:\/\/agora.xtec.cat\/insderodadebara\/general\/dia-europeu-de-les-llengues\/","title":{"rendered":"Dia europeu de les lleng\u00fces"},"content":{"rendered":"<p>Avui \u00e9s el dia europeu de les lleng\u00fces i per celebrar-ho la CLIC ens ha muntat uns p\u00f2sters al passad\u00eds del centre.<br \/>\nGr\u00e0cies N\u00faria<\/p>\n","protected":false},"excerpt":{"rendered":"<p>Avui \u00e9s el dia europeu de les lleng\u00fces i per celebrar-ho la CLIC ens ha muntat uns p\u00f2sters al passad\u00eds del centre.<br \/>\nGr\u00e0cies N\u00faria<\/p>\n","protected":false},"author":1,"featured_media":887,"comment_status":"open","ping_status":"open","sticky":false,"template":"","format":"standard","meta":{"_bbp_topic_count":0,"_bbp_reply_count":0,"_bbp_total_topic_count":0,"_bbp_total_reply_count":0,"_bbp_voice_count":0,"_bbp_anonymous_reply_count":0,"_bbp_topic_count_hidden":0,"_bbp_reply_count_hidden":0,"_bbp_forum_subforum_count":0,"footnotes":""},"categories":[3,1,29],"tags":[85],"class_list":["post-886","post","type-post","status-publish","format-standard","has-post-thumbnail","hentry","category-eso","category-general","category-portada","tag-eso"],"post_mailing_queue_ids":[],"_links":{"self":[{"href":"https:\/\/agora.xtec.cat\/insderodadebara\/wp-json\/wp\/v2\/posts\/886","targetHints":{"allow":["GET"]}}],"collection":[{"href":"https:\/\/agora.xtec.cat\/insderodadebara\/wp-json\/wp\/v2\/posts"}],"about":[{"href":"https:\/\/agora.xtec.cat\/insderodadebara\/wp-json\/wp\/v2\/types\/post"}],"author":[{"embeddable":true,"href":"https:\/\/agora.xtec.cat\/insderodadebara\/wp-json\/wp\/v2\/users\/1"}],"replies":[{"embeddable":true,"href":"https:\/\/agora.xtec.cat\/insderodadebara\/wp-json\/wp\/v2\/comments?post=886"}],"version-history":[{"count":1,"href":"https:\/\/agora.xtec.cat\/insderodadebara\/wp-json\/wp\/v2\/posts\/886\/revisions"}],"predecessor-version":[{"id":888,"href":"https:\/\/agora.xtec.cat\/insderodadebara\/wp-json\/wp\/v2\/posts\/886\/revisions\/888"}],"wp:featuredmedia":[{"embeddable":true,"href":"https:\/\/agora.xtec.cat\/insderodadebara\/wp-json\/wp\/v2\/media\/887"}],"wp:attachment":[{"href":"https:\/\/agora.xtec.cat\/insderodadebara\/wp-json\/wp\/v2\/media?parent=886"}],"wp:term":[{"taxonomy":"category","embeddable":true,"href":"https:\/\/agora.xtec.cat\/insderodadebara\/wp-json\/wp\/v2\/categories?post=886"},{"taxonomy":"post_tag","embeddable":true,"href":"https:\/\/agora.xtec.cat\/insderodadebara\/wp-json\/wp\/v2\/tags?post=886"}],"curies":[{"name":"wp","href":"https:\/\/api.w.org\/{rel}","templated":true}]}}