{"id":771,"date":"2016-06-02T14:46:22","date_gmt":"2016-06-02T13:46:22","guid":{"rendered":"http:\/\/agora.xtec.cat\/insderodadebara\/?p=771"},"modified":"2016-08-31T10:08:26","modified_gmt":"2016-08-31T09:08:26","slug":"calendaris-de-recuperacio-de-juny","status":"publish","type":"post","link":"https:\/\/agora.xtec.cat\/insderodadebara\/general\/calendaris-de-recuperacio-de-juny\/","title":{"rendered":"Calendari de la recuperaci\u00f3 extraordin\u00e0ria de setembre"},"content":{"rendered":"<p>Aqu\u00ed teniu el calendari de recuperacions de setembre.<\/p>\n<p>Molta sort!<\/p>\n<p><a href=\"http:\/\/agora.xtec.cat\/insderodadebara\/wp-content\/uploads\/usu1145\/2016\/06\/Calendari-recuperacions-setembre-1516.pdf\" rel=\"\">Calendari recuperacions setembre 1516<\/a><\/p>\n<p>&nbsp;<\/p>\n","protected":false},"excerpt":{"rendered":"<p>Aqu\u00ed teniu el calendari de recuperacions de setembre.<br \/>\nMolta sort!<br \/>\n<a href=\"http:\/\/agora.xtec.cat\/insderodadebara\/wp-content\/uploads\/usu1145\/2016\/06\/Calendari-recuperacions-setembre-1516.pdf\" rel=\"\">Calendari recuperacions setembre 1516<\/a><br \/>\n&nbsp;<\/p>\n","protected":false},"author":1,"featured_media":0,"comment_status":"open","ping_status":"open","sticky":false,"template":"","format":"standard","meta":{"_bbp_topic_count":0,"_bbp_reply_count":0,"_bbp_total_topic_count":0,"_bbp_total_reply_count":0,"_bbp_voice_count":0,"_bbp_anonymous_reply_count":0,"_bbp_topic_count_hidden":0,"_bbp_reply_count_hidden":0,"_bbp_forum_subforum_count":0,"footnotes":""},"categories":[3,1,29],"tags":[85,71,72],"class_list":["post-771","post","type-post","status-publish","format-standard","hentry","category-eso","category-general","category-portada","tag-eso","tag-recuperacions","tag-setembre"],"post_mailing_queue_ids":[],"_links":{"self":[{"href":"https:\/\/agora.xtec.cat\/insderodadebara\/wp-json\/wp\/v2\/posts\/771","targetHints":{"allow":["GET"]}}],"collection":[{"href":"https:\/\/agora.xtec.cat\/insderodadebara\/wp-json\/wp\/v2\/posts"}],"about":[{"href":"https:\/\/agora.xtec.cat\/insderodadebara\/wp-json\/wp\/v2\/types\/post"}],"author":[{"embeddable":true,"href":"https:\/\/agora.xtec.cat\/insderodadebara\/wp-json\/wp\/v2\/users\/1"}],"replies":[{"embeddable":true,"href":"https:\/\/agora.xtec.cat\/insderodadebara\/wp-json\/wp\/v2\/comments?post=771"}],"version-history":[{"count":3,"href":"https:\/\/agora.xtec.cat\/insderodadebara\/wp-json\/wp\/v2\/posts\/771\/revisions"}],"predecessor-version":[{"id":852,"href":"https:\/\/agora.xtec.cat\/insderodadebara\/wp-json\/wp\/v2\/posts\/771\/revisions\/852"}],"wp:attachment":[{"href":"https:\/\/agora.xtec.cat\/insderodadebara\/wp-json\/wp\/v2\/media?parent=771"}],"wp:term":[{"taxonomy":"category","embeddable":true,"href":"https:\/\/agora.xtec.cat\/insderodadebara\/wp-json\/wp\/v2\/categories?post=771"},{"taxonomy":"post_tag","embeddable":true,"href":"https:\/\/agora.xtec.cat\/insderodadebara\/wp-json\/wp\/v2\/tags?post=771"}],"curies":[{"name":"wp","href":"https:\/\/api.w.org\/{rel}","templated":true}]}}