{"id":764,"date":"2016-06-01T08:28:33","date_gmt":"2016-06-01T07:28:33","guid":{"rendered":"http:\/\/agora.xtec.cat\/insderodadebara\/?p=764"},"modified":"2016-06-29T12:00:09","modified_gmt":"2016-06-29T11:00:09","slug":"calendari-de-les-exposicions-del-credit-de-sintesi","status":"publish","type":"post","link":"https:\/\/agora.xtec.cat\/insderodadebara\/general\/calendari-de-les-exposicions-del-credit-de-sintesi\/","title":{"rendered":"Calendari de les exposicions del cr\u00e8dit de s\u00edntesi"},"content":{"rendered":"<p>S&#8217;adjunta a continuaci\u00f3 el calendari de les exposicions<\/p>\n<p><a href=\"http:\/\/agora.xtec.cat\/insderodadebara\/wp-content\/uploads\/usu1145\/2016\/06\/Organitzaci\u00f3-cr\u00e8dit-s\u00edntesi-1516_al2.pdf\">Organitzaci\u00f3 cr\u00e8dit s\u00edntesi 1516_al<\/a><\/p>\n","protected":false},"excerpt":{"rendered":"<p>S&#8217;adjunta a continuaci\u00f3 el calendari de les exposicions<br \/>\n<a href=\"http:\/\/agora.xtec.cat\/insderodadebara\/wp-content\/uploads\/usu1145\/2016\/06\/Organitzaci\u00f3-cr\u00e8dit-s\u00edntesi-1516_al2.pdf\">Organitzaci\u00f3 cr\u00e8dit s\u00edntesi 1516_al<\/a><\/p>\n","protected":false},"author":1,"featured_media":0,"comment_status":"open","ping_status":"open","sticky":false,"template":"","format":"standard","meta":{"_bbp_topic_count":0,"_bbp_reply_count":0,"_bbp_total_topic_count":0,"_bbp_total_reply_count":0,"_bbp_voice_count":0,"_bbp_anonymous_reply_count":0,"_bbp_topic_count_hidden":0,"_bbp_reply_count_hidden":0,"_bbp_forum_subforum_count":0,"footnotes":""},"categories":[1],"tags":[83],"class_list":["post-764","post","type-post","status-publish","format-standard","hentry","category-general","tag-credit-de-sintesi"],"post_mailing_queue_ids":[],"_links":{"self":[{"href":"https:\/\/agora.xtec.cat\/insderodadebara\/wp-json\/wp\/v2\/posts\/764","targetHints":{"allow":["GET"]}}],"collection":[{"href":"https:\/\/agora.xtec.cat\/insderodadebara\/wp-json\/wp\/v2\/posts"}],"about":[{"href":"https:\/\/agora.xtec.cat\/insderodadebara\/wp-json\/wp\/v2\/types\/post"}],"author":[{"embeddable":true,"href":"https:\/\/agora.xtec.cat\/insderodadebara\/wp-json\/wp\/v2\/users\/1"}],"replies":[{"embeddable":true,"href":"https:\/\/agora.xtec.cat\/insderodadebara\/wp-json\/wp\/v2\/comments?post=764"}],"version-history":[{"count":3,"href":"https:\/\/agora.xtec.cat\/insderodadebara\/wp-json\/wp\/v2\/posts\/764\/revisions"}],"predecessor-version":[{"id":770,"href":"https:\/\/agora.xtec.cat\/insderodadebara\/wp-json\/wp\/v2\/posts\/764\/revisions\/770"}],"wp:attachment":[{"href":"https:\/\/agora.xtec.cat\/insderodadebara\/wp-json\/wp\/v2\/media?parent=764"}],"wp:term":[{"taxonomy":"category","embeddable":true,"href":"https:\/\/agora.xtec.cat\/insderodadebara\/wp-json\/wp\/v2\/categories?post=764"},{"taxonomy":"post_tag","embeddable":true,"href":"https:\/\/agora.xtec.cat\/insderodadebara\/wp-json\/wp\/v2\/tags?post=764"}],"curies":[{"name":"wp","href":"https:\/\/api.w.org\/{rel}","templated":true}]}}