{"id":734,"date":"2016-03-17T09:05:31","date_gmt":"2016-03-17T08:05:31","guid":{"rendered":"http:\/\/agora.xtec.cat\/insderodadebara\/?p=734"},"modified":"2016-07-11T09:29:00","modified_gmt":"2016-07-11T08:29:00","slug":"torneig-descacs-organitzat-per-laula-oberta","status":"publish","type":"post","link":"https:\/\/agora.xtec.cat\/insderodadebara\/general\/torneig-descacs-organitzat-per-laula-oberta\/","title":{"rendered":"Torneig d&#8217;Escacs organitzat per l&#8217;Aula Oberta"},"content":{"rendered":"<p style=\"text-align: justify;\">L&#8217;alumnat de l&#8217;Aula Oberta del nostre Centre ha organitzat un nou torneig d&#8217;escacs\u00a0 que ja s&#8217;ha convertit en una acci\u00f3 habitual i que aconseguix una alta participaci\u00f3 de l&#8217;alumnat de tots els nivells del Centre.<\/p>\n<p style=\"text-align: justify;\">Des de fa m\u00e9s de 2 anys els escacs s&#8217;han anant introduint en el curriculum de l&#8217;alumnat com element que afavorix la seua concentraci\u00f3 i que desenvolupa aspectes creatius i pedag\u00f2gics relacionats amb el m\u00f3n de les matem\u00e0tiques, l&#8217;estrat\u00e8gia o el desenvolupament de seq\u00fc\u00e8ncies l\u00f2giques que els ajuda a millorar el seu desenvolupament personal.<\/p>\n<p style=\"text-align: justify;\">Este nou torneig es fa mitjan\u00e7ant eliminat\u00f2ries al m\u00e9s resolutiu de 4 partides i tindr\u00e0 una durada de 2 dies. El lloc triat ha estat la biblioteca on s&#8217;ha creat un clima de concentraci\u00f3 entre l&#8217;alumnat que resulta impresionant. Des del Centre volem agrair la seua dedicaci\u00f3 i implicaci\u00f3 a \u00c0lex Frias com a tutor de l&#8217;aula oberta, a tot el professorat implicat en este projecte i, com no, a l&#8217;alumnat de l&#8217;Aula Oberta que ens ha tornat a mostrar un exemple d&#8217;organitzaci\u00f3 i responsabilitat.<\/p>\n<p style=\"text-align: justify;\"><a href=\"http:\/\/agora.xtec.cat\/insderodadebara\/wp-content\/uploads\/usu1145\/2016\/03\/20160317_084837.jpg\"><img loading=\"lazy\" decoding=\"async\" class=\"alignnone size-large wp-image-736\" src=\"http:\/\/agora.xtec.cat\/insderodadebara\/wp-content\/uploads\/usu1145\/2016\/03\/20160317_084837-1024x614.jpg\" alt=\"20160317_084837\" width=\"1024\" height=\"614\" srcset=\"https:\/\/agora.xtec.cat\/insderodadebara\/wp-content\/uploads\/usu1145\/2016\/03\/20160317_084837-1024x614.jpg 1024w, https:\/\/agora.xtec.cat\/insderodadebara\/wp-content\/uploads\/usu1145\/2016\/03\/20160317_084837-300x180.jpg 300w\" sizes=\"auto, (max-width: 1024px) 100vw, 1024px\" \/><\/a><\/p>\n","protected":false},"excerpt":{"rendered":"<p>L&#8217;alumnat de l&#8217;Aula Oberta del nostre Centre ha organitzat un nou torneig d&#8217;escacs\u00a0 que ja s&#8217;ha convertit en una acci\u00f3 habitual i que aconseguix una alta participaci\u00f3 de l&#8217;alumnat de tots els nivells del Centre.<br \/>\nDes de fa m\u00e9s de 2 anys els escacs s&#8217;han anant&hellip;  <a href=\"https:\/\/agora.xtec.cat\/insderodadebara\/general\/torneig-descacs-organitzat-per-laula-oberta\/\" title=\"Read Torneig d&#8217;Escacs organitzat per l&#8217;Aula Oberta\">Llegeix m\u00e9s\u00bb<\/a><\/p>\n","protected":false},"author":4,"featured_media":735,"comment_status":"open","ping_status":"open","sticky":false,"template":"","format":"standard","meta":{"_bbp_topic_count":0,"_bbp_reply_count":0,"_bbp_total_topic_count":0,"_bbp_total_reply_count":0,"_bbp_voice_count":0,"_bbp_anonymous_reply_count":0,"_bbp_topic_count_hidden":0,"_bbp_reply_count_hidden":0,"_bbp_forum_subforum_count":0,"footnotes":""},"categories":[1],"tags":[],"class_list":["post-734","post","type-post","status-publish","format-standard","has-post-thumbnail","hentry","category-general"],"post_mailing_queue_ids":[],"_links":{"self":[{"href":"https:\/\/agora.xtec.cat\/insderodadebara\/wp-json\/wp\/v2\/posts\/734","targetHints":{"allow":["GET"]}}],"collection":[{"href":"https:\/\/agora.xtec.cat\/insderodadebara\/wp-json\/wp\/v2\/posts"}],"about":[{"href":"https:\/\/agora.xtec.cat\/insderodadebara\/wp-json\/wp\/v2\/types\/post"}],"author":[{"embeddable":true,"href":"https:\/\/agora.xtec.cat\/insderodadebara\/wp-json\/wp\/v2\/users\/4"}],"replies":[{"embeddable":true,"href":"https:\/\/agora.xtec.cat\/insderodadebara\/wp-json\/wp\/v2\/comments?post=734"}],"version-history":[{"count":1,"href":"https:\/\/agora.xtec.cat\/insderodadebara\/wp-json\/wp\/v2\/posts\/734\/revisions"}],"predecessor-version":[{"id":737,"href":"https:\/\/agora.xtec.cat\/insderodadebara\/wp-json\/wp\/v2\/posts\/734\/revisions\/737"}],"wp:featuredmedia":[{"embeddable":true,"href":"https:\/\/agora.xtec.cat\/insderodadebara\/wp-json\/wp\/v2\/media\/735"}],"wp:attachment":[{"href":"https:\/\/agora.xtec.cat\/insderodadebara\/wp-json\/wp\/v2\/media?parent=734"}],"wp:term":[{"taxonomy":"category","embeddable":true,"href":"https:\/\/agora.xtec.cat\/insderodadebara\/wp-json\/wp\/v2\/categories?post=734"},{"taxonomy":"post_tag","embeddable":true,"href":"https:\/\/agora.xtec.cat\/insderodadebara\/wp-json\/wp\/v2\/tags?post=734"}],"curies":[{"name":"wp","href":"https:\/\/api.w.org\/{rel}","templated":true}]}}