{"id":726,"date":"2016-03-16T13:25:31","date_gmt":"2016-03-16T12:25:31","guid":{"rendered":"http:\/\/agora.xtec.cat\/insderodadebara\/?p=726"},"modified":"2016-06-29T12:01:18","modified_gmt":"2016-06-29T11:01:18","slug":"lins-roda-de-bera-torna-a-participar-al-concurs-literari-roca-plana","status":"publish","type":"post","link":"https:\/\/agora.xtec.cat\/insderodadebara\/general\/lins-roda-de-bera-torna-a-participar-al-concurs-literari-roca-plana\/","title":{"rendered":"L&#8217;INS Roda de Ber\u00e0 torna a participar en el concurs literari &#8220;Roca Plana&#8221;"},"content":{"rendered":"<p>Per quart any consecutiu, l&#8217;Institut de Roda de Ber\u00e0 tornar\u00e0 a participar en el concurs literari &#8220;Roca Plana&#8221;. Amb aquesta activitat es pret\u00e9n fomentar l&#8217;h\u00e0bit de l&#8217;escriptura i la implicaci\u00f3 en les activitats culturals que es promouen al nostre entorn. Trobareu les bases <a href=\"http:\/\/www.rodadebera.cat\/xp_ca\/modules\/news\/article.php?storyid=2609\" target=\"_blank\">aqu\u00ed<\/a>.<\/p>\n","protected":false},"excerpt":{"rendered":"<p>Per quart any consecutiu, l&#8217;Institut de Roda de Ber\u00e0 tornar\u00e0 a participar en el concurs literari &#8220;Roca Plana&#8221;&hellip;  <a href=\"https:\/\/agora.xtec.cat\/insderodadebara\/general\/lins-roda-de-bera-torna-a-participar-al-concurs-literari-roca-plana\/\" title=\"Read L&#8217;INS Roda de Ber\u00e0 torna a participar en el concurs literari &#8220;Roca Plana&#8221;\">Llegeix m\u00e9s\u00bb<\/a><\/p>\n","protected":false},"author":4,"featured_media":0,"comment_status":"open","ping_status":"open","sticky":false,"template":"","format":"standard","meta":{"_bbp_topic_count":0,"_bbp_reply_count":0,"_bbp_total_topic_count":0,"_bbp_total_reply_count":0,"_bbp_voice_count":0,"_bbp_anonymous_reply_count":0,"_bbp_topic_count_hidden":0,"_bbp_reply_count_hidden":0,"_bbp_forum_subforum_count":0,"footnotes":""},"categories":[3,1],"tags":[],"class_list":["post-726","post","type-post","status-publish","format-standard","hentry","category-eso","category-general"],"post_mailing_queue_ids":[],"_links":{"self":[{"href":"https:\/\/agora.xtec.cat\/insderodadebara\/wp-json\/wp\/v2\/posts\/726","targetHints":{"allow":["GET"]}}],"collection":[{"href":"https:\/\/agora.xtec.cat\/insderodadebara\/wp-json\/wp\/v2\/posts"}],"about":[{"href":"https:\/\/agora.xtec.cat\/insderodadebara\/wp-json\/wp\/v2\/types\/post"}],"author":[{"embeddable":true,"href":"https:\/\/agora.xtec.cat\/insderodadebara\/wp-json\/wp\/v2\/users\/4"}],"replies":[{"embeddable":true,"href":"https:\/\/agora.xtec.cat\/insderodadebara\/wp-json\/wp\/v2\/comments?post=726"}],"version-history":[{"count":2,"href":"https:\/\/agora.xtec.cat\/insderodadebara\/wp-json\/wp\/v2\/posts\/726\/revisions"}],"predecessor-version":[{"id":728,"href":"https:\/\/agora.xtec.cat\/insderodadebara\/wp-json\/wp\/v2\/posts\/726\/revisions\/728"}],"wp:attachment":[{"href":"https:\/\/agora.xtec.cat\/insderodadebara\/wp-json\/wp\/v2\/media?parent=726"}],"wp:term":[{"taxonomy":"category","embeddable":true,"href":"https:\/\/agora.xtec.cat\/insderodadebara\/wp-json\/wp\/v2\/categories?post=726"},{"taxonomy":"post_tag","embeddable":true,"href":"https:\/\/agora.xtec.cat\/insderodadebara\/wp-json\/wp\/v2\/tags?post=726"}],"curies":[{"name":"wp","href":"https:\/\/api.w.org\/{rel}","templated":true}]}}