{"id":722,"date":"2016-03-09T18:56:29","date_gmt":"2016-03-09T17:56:29","guid":{"rendered":"http:\/\/agora.xtec.cat\/insderodadebara\/?p=722"},"modified":"2016-07-11T09:30:19","modified_gmt":"2016-07-11T08:30:19","slug":"felic-dia-de-la-dona","status":"publish","type":"post","link":"https:\/\/agora.xtec.cat\/insderodadebara\/general\/felic-dia-de-la-dona\/","title":{"rendered":"Feli\u00e7 dia de la Dona"},"content":{"rendered":"<p style=\"text-align: justify;\">Al nostre Centre ens hem afegit a la celebraci\u00f3 del 8 de Mar\u00e7 com a dia per a reclamar una igualtat real entre h\u00f2mens i dones. Enguany des de les diferents tutories s&#8217;han treballat continguts i aspectes per tal que els i les nostres joves puguen ajudar a construir un m\u00f3n diferent on les dones tinguen els mateixos drets i oportunitats que els h\u00f2mens. Tamb\u00e9 hem volgut visibilitzar a totes les dones que la hist\u00f2ria ha anat oblidant i que cal recordar i agrair per la seua contribuci\u00f3 a la nostra evoluci\u00f3 com a societat. Els seus noms i la seua hist\u00f2ria han quedat reflectits mitjan\u00e7ant les frases que diferents alumnes han escrit per configurar aquest mapa.<\/p>\n<p style=\"text-align: justify;\"><a href=\"http:\/\/agora.xtec.cat\/insderodadebara\/wp-content\/uploads\/usu1145\/2016\/03\/dona2.jpg\"><img loading=\"lazy\" decoding=\"async\" class=\"alignnone size-large wp-image-723\" src=\"http:\/\/agora.xtec.cat\/insderodadebara\/wp-content\/uploads\/usu1145\/2016\/03\/dona2-1024x614.jpg\" alt=\"dona2\" width=\"1024\" height=\"614\" srcset=\"https:\/\/agora.xtec.cat\/insderodadebara\/wp-content\/uploads\/usu1145\/2016\/03\/dona2-1024x614.jpg 1024w, https:\/\/agora.xtec.cat\/insderodadebara\/wp-content\/uploads\/usu1145\/2016\/03\/dona2-300x180.jpg 300w\" sizes=\"auto, (max-width: 1024px) 100vw, 1024px\" \/><\/a> <a href=\"http:\/\/agora.xtec.cat\/insderodadebara\/wp-content\/uploads\/usu1145\/2016\/03\/dona3.jpg\"><img loading=\"lazy\" decoding=\"async\" class=\"alignnone size-large wp-image-724\" src=\"http:\/\/agora.xtec.cat\/insderodadebara\/wp-content\/uploads\/usu1145\/2016\/03\/dona3-1024x614.jpg\" alt=\"dona3\" width=\"1024\" height=\"614\" srcset=\"https:\/\/agora.xtec.cat\/insderodadebara\/wp-content\/uploads\/usu1145\/2016\/03\/dona3-1024x614.jpg 1024w, https:\/\/agora.xtec.cat\/insderodadebara\/wp-content\/uploads\/usu1145\/2016\/03\/dona3-300x180.jpg 300w\" sizes=\"auto, (max-width: 1024px) 100vw, 1024px\" \/><\/a><\/p>\n","protected":false},"excerpt":{"rendered":"<p>Al nostre Centre ens hem afegit a la celebraci\u00f3 del 8 de Mar\u00e7 com a dia per a reclamar una igualtat real entre h\u00f2mens i dones. Enguany des de les diferents tutories s&#8217;han treballat continguts i aspectes per tal que els i les nostres joves&hellip;  <a href=\"https:\/\/agora.xtec.cat\/insderodadebara\/general\/felic-dia-de-la-dona\/\" title=\"Read Feli\u00e7 dia de la Dona\">Llegeix m\u00e9s\u00bb<\/a><\/p>\n","protected":false},"author":4,"featured_media":724,"comment_status":"open","ping_status":"open","sticky":false,"template":"","format":"standard","meta":{"_bbp_topic_count":0,"_bbp_reply_count":0,"_bbp_total_topic_count":0,"_bbp_total_reply_count":0,"_bbp_voice_count":0,"_bbp_anonymous_reply_count":0,"_bbp_topic_count_hidden":0,"_bbp_reply_count_hidden":0,"_bbp_forum_subforum_count":0,"footnotes":""},"categories":[1],"tags":[],"class_list":["post-722","post","type-post","status-publish","format-standard","has-post-thumbnail","hentry","category-general"],"post_mailing_queue_ids":[],"_links":{"self":[{"href":"https:\/\/agora.xtec.cat\/insderodadebara\/wp-json\/wp\/v2\/posts\/722","targetHints":{"allow":["GET"]}}],"collection":[{"href":"https:\/\/agora.xtec.cat\/insderodadebara\/wp-json\/wp\/v2\/posts"}],"about":[{"href":"https:\/\/agora.xtec.cat\/insderodadebara\/wp-json\/wp\/v2\/types\/post"}],"author":[{"embeddable":true,"href":"https:\/\/agora.xtec.cat\/insderodadebara\/wp-json\/wp\/v2\/users\/4"}],"replies":[{"embeddable":true,"href":"https:\/\/agora.xtec.cat\/insderodadebara\/wp-json\/wp\/v2\/comments?post=722"}],"version-history":[{"count":1,"href":"https:\/\/agora.xtec.cat\/insderodadebara\/wp-json\/wp\/v2\/posts\/722\/revisions"}],"predecessor-version":[{"id":725,"href":"https:\/\/agora.xtec.cat\/insderodadebara\/wp-json\/wp\/v2\/posts\/722\/revisions\/725"}],"wp:featuredmedia":[{"embeddable":true,"href":"https:\/\/agora.xtec.cat\/insderodadebara\/wp-json\/wp\/v2\/media\/724"}],"wp:attachment":[{"href":"https:\/\/agora.xtec.cat\/insderodadebara\/wp-json\/wp\/v2\/media?parent=722"}],"wp:term":[{"taxonomy":"category","embeddable":true,"href":"https:\/\/agora.xtec.cat\/insderodadebara\/wp-json\/wp\/v2\/categories?post=722"},{"taxonomy":"post_tag","embeddable":true,"href":"https:\/\/agora.xtec.cat\/insderodadebara\/wp-json\/wp\/v2\/tags?post=722"}],"curies":[{"name":"wp","href":"https:\/\/api.w.org\/{rel}","templated":true}]}}