{"id":702,"date":"2016-02-24T09:05:02","date_gmt":"2016-02-24T08:05:02","guid":{"rendered":"http:\/\/agora.xtec.cat\/insderodadebara\/?p=702"},"modified":"2016-02-24T09:14:12","modified_gmt":"2016-02-24T08:14:12","slug":"portes-obertes","status":"publish","type":"post","link":"https:\/\/agora.xtec.cat\/insderodadebara\/portada\/portes-obertes\/","title":{"rendered":"Portes obertes"},"content":{"rendered":"<p>El proper 2 de mar\u00e7, a les 15.30 h, farem la jornada de portes obertes adre\u00e7ada a les fam\u00edlies de l&#8217;alumnat que s&#8217;incorporar\u00e0 el curs 2016-2017.<\/p>\n<p>D&#8217;altra banda, ens agradaria convidar-vos a la xerrada de formaci\u00f3 per a pares i mares \u201cSobreviure a un adolescent\u201d, que tindr\u00e0 lloc el mateix dia 2 de mar\u00e7, a les 17 h i que, en el marc del programa \u00d3rdago, t\u00e9 per objectiu q\u00fcestionar la mirada dels adults cap als i les adolescents, viure en positiu l\u2019adolesc\u00e8ncia de fills i filles, i oferir recursos per a una millor comunicaci\u00f3 familiar.<\/p>\n<p><a href=\"http:\/\/agora.xtec.cat\/insderodadebara\/wp-content\/uploads\/usu1145\/2016\/02\/Portes-obertes.jpg\"><img loading=\"lazy\" decoding=\"async\" class=\"alignnone  wp-image-703\" src=\"http:\/\/agora.xtec.cat\/insderodadebara\/wp-content\/uploads\/usu1145\/2016\/02\/Portes-obertes.jpg\" alt=\"Portes obertes\" width=\"369\" height=\"522\" srcset=\"https:\/\/agora.xtec.cat\/insderodadebara\/wp-content\/uploads\/usu1145\/2016\/02\/Portes-obertes.jpg 560w, https:\/\/agora.xtec.cat\/insderodadebara\/wp-content\/uploads\/usu1145\/2016\/02\/Portes-obertes-212x300.jpg 212w\" sizes=\"auto, (max-width: 369px) 100vw, 369px\" \/><\/a><\/p>\n","protected":false},"excerpt":{"rendered":"<p>El proper 2 de mar\u00e7, a les 15.30 h, farem la jornada de portes obertes adre\u00e7ada a les fam\u00edlies de l&#8217;alumnat que s&#8217;incorporar\u00e0 el curs 2016-2017.&hellip;  <a href=\"https:\/\/agora.xtec.cat\/insderodadebara\/portada\/portes-obertes\/\" title=\"Read Portes obertes\">Llegeix m\u00e9s\u00bb<\/a><\/p>\n","protected":false},"author":4,"featured_media":703,"comment_status":"open","ping_status":"open","sticky":false,"template":"","format":"standard","meta":{"_bbp_topic_count":0,"_bbp_reply_count":0,"_bbp_total_topic_count":0,"_bbp_total_reply_count":0,"_bbp_voice_count":0,"_bbp_anonymous_reply_count":0,"_bbp_topic_count_hidden":0,"_bbp_reply_count_hidden":0,"_bbp_forum_subforum_count":0,"footnotes":""},"categories":[29],"tags":[],"class_list":["post-702","post","type-post","status-publish","format-standard","has-post-thumbnail","hentry","category-portada"],"post_mailing_queue_ids":[],"_links":{"self":[{"href":"https:\/\/agora.xtec.cat\/insderodadebara\/wp-json\/wp\/v2\/posts\/702","targetHints":{"allow":["GET"]}}],"collection":[{"href":"https:\/\/agora.xtec.cat\/insderodadebara\/wp-json\/wp\/v2\/posts"}],"about":[{"href":"https:\/\/agora.xtec.cat\/insderodadebara\/wp-json\/wp\/v2\/types\/post"}],"author":[{"embeddable":true,"href":"https:\/\/agora.xtec.cat\/insderodadebara\/wp-json\/wp\/v2\/users\/4"}],"replies":[{"embeddable":true,"href":"https:\/\/agora.xtec.cat\/insderodadebara\/wp-json\/wp\/v2\/comments?post=702"}],"version-history":[{"count":3,"href":"https:\/\/agora.xtec.cat\/insderodadebara\/wp-json\/wp\/v2\/posts\/702\/revisions"}],"predecessor-version":[{"id":706,"href":"https:\/\/agora.xtec.cat\/insderodadebara\/wp-json\/wp\/v2\/posts\/702\/revisions\/706"}],"wp:featuredmedia":[{"embeddable":true,"href":"https:\/\/agora.xtec.cat\/insderodadebara\/wp-json\/wp\/v2\/media\/703"}],"wp:attachment":[{"href":"https:\/\/agora.xtec.cat\/insderodadebara\/wp-json\/wp\/v2\/media?parent=702"}],"wp:term":[{"taxonomy":"category","embeddable":true,"href":"https:\/\/agora.xtec.cat\/insderodadebara\/wp-json\/wp\/v2\/categories?post=702"},{"taxonomy":"post_tag","embeddable":true,"href":"https:\/\/agora.xtec.cat\/insderodadebara\/wp-json\/wp\/v2\/tags?post=702"}],"curies":[{"name":"wp","href":"https:\/\/api.w.org\/{rel}","templated":true}]}}