{"id":696,"date":"2016-02-19T09:44:49","date_gmt":"2016-02-19T08:44:49","guid":{"rendered":"http:\/\/agora.xtec.cat\/insderodadebara\/?p=696"},"modified":"2016-02-19T09:48:17","modified_gmt":"2016-02-19T08:48:17","slug":"treball-de-sintesi-de-socials-a-1r-eso","status":"publish","type":"post","link":"https:\/\/agora.xtec.cat\/insderodadebara\/portada\/treball-de-sintesi-de-socials-a-1r-eso\/","title":{"rendered":"Treball de s\u00edntesi de Socials a 1r ESO"},"content":{"rendered":"<p style=\"text-align: justify;\">Al llarg del mes de febrer l&#8217;alumnat de 1r d&#8217;ESO est\u00e0 efectuant el treball de s\u00edntesi de la mat\u00e8ria de Socials. Es tracta d&#8217;un treball d&#8217;investigaci\u00f3 i treball colaboratiu relacionat amb Egipte i Mesopot\u00e0mia. Des del departament de Socials comprovem any rere any que la implicaci\u00f3 i treball que fan els estudiants quan afronten este repte \u00e9s molt positiu. El treball acaba amb una exposici\u00f3 oral que els permet treballar les t\u00e8cniques per poder parlar en p\u00fablic.<\/p>\n<p style=\"text-align: justify;\">Al llarg d&#8217;estos dies veiem com apareixen conflictes als grups, com es busquen solucions i com, a poc a poc, s\u00f3n capa\u00e7os de generar un clima de treball i cooperaci\u00f3. A m\u00e9s , han de combinar diferents aspectes per poder afrontar un treball compost per molt\u00edssimes activitats diverses que requerixen organitzar-se, temporalitzar-se i assignar-se en funci\u00f3 dels membres dels grups i de les seues habilitats.<\/p>\n<p style=\"text-align: justify;\">Tamb\u00e9 ajuda molt a cohesionar el grup classe i treballar els aspectes socials que s\u00f3n tan necessaris per a la nostra vida. Com a responsables ens hem sentit molt orgullosos dels estudiants i ha estat un plaer compartir estes classes. Gr\u00e0cies \u00a1\u00a1<\/p>\n<p style=\"text-align: justify;\"><a href=\"http:\/\/agora.xtec.cat\/insderodadebara\/wp-content\/uploads\/usu1145\/2016\/02\/20160219_092058.jpg\"><img loading=\"lazy\" decoding=\"async\" class=\"alignnone size-large wp-image-697\" src=\"http:\/\/agora.xtec.cat\/insderodadebara\/wp-content\/uploads\/usu1145\/2016\/02\/20160219_092058-1024x614.jpg\" alt=\"20160219_092058\" width=\"1024\" height=\"614\" srcset=\"https:\/\/agora.xtec.cat\/insderodadebara\/wp-content\/uploads\/usu1145\/2016\/02\/20160219_092058-1024x614.jpg 1024w, https:\/\/agora.xtec.cat\/insderodadebara\/wp-content\/uploads\/usu1145\/2016\/02\/20160219_092058-300x180.jpg 300w\" sizes=\"auto, (max-width: 1024px) 100vw, 1024px\" \/><\/a> <a href=\"http:\/\/agora.xtec.cat\/insderodadebara\/wp-content\/uploads\/usu1145\/2016\/02\/20160219_092113.jpg\"><img loading=\"lazy\" decoding=\"async\" class=\"alignnone size-large wp-image-698\" src=\"http:\/\/agora.xtec.cat\/insderodadebara\/wp-content\/uploads\/usu1145\/2016\/02\/20160219_092113-1024x614.jpg\" alt=\"20160219_092113\" width=\"1024\" height=\"614\" srcset=\"https:\/\/agora.xtec.cat\/insderodadebara\/wp-content\/uploads\/usu1145\/2016\/02\/20160219_092113-1024x614.jpg 1024w, https:\/\/agora.xtec.cat\/insderodadebara\/wp-content\/uploads\/usu1145\/2016\/02\/20160219_092113-300x180.jpg 300w\" sizes=\"auto, (max-width: 1024px) 100vw, 1024px\" \/><\/a><\/p>\n","protected":false},"excerpt":{"rendered":"<p>Al llarg del mes de febrer l&#8217;alumnat de 1r d&#8217;ESO est\u00e0 efectuant el treball de s\u00edntesi de la mat\u00e8ria de Socials. Es tracta d&#8217;un treball d&#8217;investigaci\u00f3 i treball colaboratiu relacionat amb Egipte i Mesopot\u00e0mia. Des del departament de Socials comprovem any rere any que la&hellip;  <a href=\"https:\/\/agora.xtec.cat\/insderodadebara\/portada\/treball-de-sintesi-de-socials-a-1r-eso\/\" title=\"Read Treball de s\u00edntesi de Socials a 1r ESO\">Llegeix m\u00e9s\u00bb<\/a><\/p>\n","protected":false},"author":4,"featured_media":699,"comment_status":"open","ping_status":"open","sticky":false,"template":"","format":"standard","meta":{"_bbp_topic_count":0,"_bbp_reply_count":0,"_bbp_total_topic_count":0,"_bbp_total_reply_count":0,"_bbp_voice_count":0,"_bbp_anonymous_reply_count":0,"_bbp_topic_count_hidden":0,"_bbp_reply_count_hidden":0,"_bbp_forum_subforum_count":0,"footnotes":""},"categories":[29],"tags":[77,67,76],"class_list":["post-696","post","type-post","status-publish","format-standard","has-post-thumbnail","hentry","category-portada","tag-1r-eso","tag-socials","tag-treball-de-sintesi"],"post_mailing_queue_ids":[],"_links":{"self":[{"href":"https:\/\/agora.xtec.cat\/insderodadebara\/wp-json\/wp\/v2\/posts\/696","targetHints":{"allow":["GET"]}}],"collection":[{"href":"https:\/\/agora.xtec.cat\/insderodadebara\/wp-json\/wp\/v2\/posts"}],"about":[{"href":"https:\/\/agora.xtec.cat\/insderodadebara\/wp-json\/wp\/v2\/types\/post"}],"author":[{"embeddable":true,"href":"https:\/\/agora.xtec.cat\/insderodadebara\/wp-json\/wp\/v2\/users\/4"}],"replies":[{"embeddable":true,"href":"https:\/\/agora.xtec.cat\/insderodadebara\/wp-json\/wp\/v2\/comments?post=696"}],"version-history":[{"count":2,"href":"https:\/\/agora.xtec.cat\/insderodadebara\/wp-json\/wp\/v2\/posts\/696\/revisions"}],"predecessor-version":[{"id":701,"href":"https:\/\/agora.xtec.cat\/insderodadebara\/wp-json\/wp\/v2\/posts\/696\/revisions\/701"}],"wp:featuredmedia":[{"embeddable":true,"href":"https:\/\/agora.xtec.cat\/insderodadebara\/wp-json\/wp\/v2\/media\/699"}],"wp:attachment":[{"href":"https:\/\/agora.xtec.cat\/insderodadebara\/wp-json\/wp\/v2\/media?parent=696"}],"wp:term":[{"taxonomy":"category","embeddable":true,"href":"https:\/\/agora.xtec.cat\/insderodadebara\/wp-json\/wp\/v2\/categories?post=696"},{"taxonomy":"post_tag","embeddable":true,"href":"https:\/\/agora.xtec.cat\/insderodadebara\/wp-json\/wp\/v2\/tags?post=696"}],"curies":[{"name":"wp","href":"https:\/\/api.w.org\/{rel}","templated":true}]}}