{"id":547,"date":"2015-12-21T12:08:57","date_gmt":"2015-12-21T11:08:57","guid":{"rendered":"http:\/\/agora.xtec.cat\/insderodadebara\/?p=547"},"modified":"2015-12-21T12:24:56","modified_gmt":"2015-12-21T11:24:56","slug":"bon-nadal-i-felic-any-nou","status":"publish","type":"post","link":"https:\/\/agora.xtec.cat\/insderodadebara\/general\/bon-nadal-i-felic-any-nou\/","title":{"rendered":"Bon Nadal i feli\u00e7 any nou"},"content":{"rendered":"<div>Benvolguts companys i companyes, amics i amigues del nostre centre i tothom que feu possible que la nostra tasca educativa sigui m\u00e9s f\u00e0cil i alhora m\u00e9s eficient, ens complau, un altre any, enviar-vos la\u00a0<span class=\"il\">felicitaci\u00f3<\/span>\u00a0de\u00a0Nadal\u00a0per desitjar-vos unes bones festes.<\/div>\n<div><\/div>\n<div><\/div>\n<p>Atentament,<\/p>\n<div>\n<div class=\"gmail_default\">L&#8217;equip docent de l&#8217;Institut de Roda de Ber\u00e0\u200b<\/div>\n<div class=\"gmail_default\"><\/div>\n<\/div>\n<div><\/div>\n<div><a href=\"http:\/\/agora.xtec.cat\/insderodadebara\/wp-content\/uploads\/usu1145\/2015\/12\/0001.jpg\"><img loading=\"lazy\" decoding=\"async\" class=\"alignnone  wp-image-548\" src=\"http:\/\/agora.xtec.cat\/insderodadebara\/wp-content\/uploads\/usu1145\/2015\/12\/0001-1024x724.jpg\" alt=\"0001\" width=\"314\" height=\"222\" \/><\/a><a href=\"http:\/\/agora.xtec.cat\/insderodadebara\/wp-content\/uploads\/usu1145\/2015\/12\/0002.jpg\"><img loading=\"lazy\" decoding=\"async\" class=\"alignnone  wp-image-550\" src=\"http:\/\/agora.xtec.cat\/insderodadebara\/wp-content\/uploads\/usu1145\/2015\/12\/0002-1024x725.jpg\" alt=\"0002\" width=\"312\" height=\"221\" srcset=\"https:\/\/agora.xtec.cat\/insderodadebara\/wp-content\/uploads\/usu1145\/2015\/12\/0002-1024x725.jpg 1024w, https:\/\/agora.xtec.cat\/insderodadebara\/wp-content\/uploads\/usu1145\/2015\/12\/0002-300x212.jpg 300w\" sizes=\"auto, (max-width: 312px) 100vw, 312px\" \/><\/a><\/div>\n","protected":false},"excerpt":{"rendered":"<p>Benvolguts companys i companyes, amics i amigues del nostre centre i tothom que feu possible que la nostra tasca educativa sigui m\u00e9s f\u00e0cil i alhora m\u00e9s eficient, ens complau, un altre any, enviar-vos la\u00a0felicitaci\u00f3\u00a0de\u00a0Nadal\u00a0per desitjar-vos unes bones festes.<\/p>\n<p>Atentament,<\/p>\n<p>L&#8217;equip docent de l&#8217;Institut de Roda de Ber\u00e0\u200b<\/p>\n<p><a&hellip;  <a href=\"https:\/\/agora.xtec.cat\/insderodadebara\/general\/bon-nadal-i-felic-any-nou\/\" title=\"Read Bon Nadal i feli\u00e7 any nou\">Llegeix m\u00e9s\u00bb<\/a><\/p>\n","protected":false},"author":4,"featured_media":556,"comment_status":"open","ping_status":"open","sticky":false,"template":"","format":"standard","meta":{"_bbp_topic_count":0,"_bbp_reply_count":0,"_bbp_total_topic_count":0,"_bbp_total_reply_count":0,"_bbp_voice_count":0,"_bbp_anonymous_reply_count":0,"_bbp_topic_count_hidden":0,"_bbp_reply_count_hidden":0,"_bbp_forum_subforum_count":0,"footnotes":""},"categories":[1,29],"tags":[],"class_list":["post-547","post","type-post","status-publish","format-standard","has-post-thumbnail","hentry","category-general","category-portada"],"post_mailing_queue_ids":[],"_links":{"self":[{"href":"https:\/\/agora.xtec.cat\/insderodadebara\/wp-json\/wp\/v2\/posts\/547","targetHints":{"allow":["GET"]}}],"collection":[{"href":"https:\/\/agora.xtec.cat\/insderodadebara\/wp-json\/wp\/v2\/posts"}],"about":[{"href":"https:\/\/agora.xtec.cat\/insderodadebara\/wp-json\/wp\/v2\/types\/post"}],"author":[{"embeddable":true,"href":"https:\/\/agora.xtec.cat\/insderodadebara\/wp-json\/wp\/v2\/users\/4"}],"replies":[{"embeddable":true,"href":"https:\/\/agora.xtec.cat\/insderodadebara\/wp-json\/wp\/v2\/comments?post=547"}],"version-history":[{"count":2,"href":"https:\/\/agora.xtec.cat\/insderodadebara\/wp-json\/wp\/v2\/posts\/547\/revisions"}],"predecessor-version":[{"id":554,"href":"https:\/\/agora.xtec.cat\/insderodadebara\/wp-json\/wp\/v2\/posts\/547\/revisions\/554"}],"wp:featuredmedia":[{"embeddable":true,"href":"https:\/\/agora.xtec.cat\/insderodadebara\/wp-json\/wp\/v2\/media\/556"}],"wp:attachment":[{"href":"https:\/\/agora.xtec.cat\/insderodadebara\/wp-json\/wp\/v2\/media?parent=547"}],"wp:term":[{"taxonomy":"category","embeddable":true,"href":"https:\/\/agora.xtec.cat\/insderodadebara\/wp-json\/wp\/v2\/categories?post=547"},{"taxonomy":"post_tag","embeddable":true,"href":"https:\/\/agora.xtec.cat\/insderodadebara\/wp-json\/wp\/v2\/tags?post=547"}],"curies":[{"name":"wp","href":"https:\/\/api.w.org\/{rel}","templated":true}]}}