{"id":533,"date":"2015-12-09T08:58:21","date_gmt":"2015-12-09T07:58:21","guid":{"rendered":"http:\/\/agora.xtec.cat\/insderodadebara\/?p=533"},"modified":"2015-12-09T08:58:59","modified_gmt":"2015-12-09T07:58:59","slug":"fotografies-de-grup","status":"publish","type":"post","link":"https:\/\/agora.xtec.cat\/insderodadebara\/general\/fotografies-de-grup\/","title":{"rendered":"Fotografies de grup"},"content":{"rendered":"<p><strong>L<\/strong>es persones interessades a adquirir la foto de grup (exposades al vest\u00edbul de l\u2019Institut) han de fer un pagament de <strong>5 euros<\/strong> al n\u00famero de compte 2013 3109 1802 0013 9751 a trav\u00e9s d\u2019una de les dues opcions seg\u00fcents:<\/p>\n<p>\u2014Per transfer\u00e8ncia banc\u00e0ria (probablement el vostre banc us cobri una comissi\u00f3).<\/p>\n<p>\u2014Per ingr\u00e9s a trav\u00e9s dels caixers de Catalunya Caixa amb el codi 022325278-4 (sense comissi\u00f3)<\/p>\n<p>En el concepte s`hi ha de fer constar el <strong>nom i cognoms de l\u2019alumne\/a i el curs<\/strong>.<\/p>\n<p>Un cop fet el pagament haureu de lliurar una c\u00f2pia del justificant al tutor o la tutora de grup, com a m\u00e0xim el dia <strong>18 de desembre de 2015.<\/strong><\/p>\n<p>Els membres de l&#8217;AMPA les rebran gratu\u00eftament.<\/p>\n<p>Les fotos es lliuraran a l&#8217;alumnat el dia 22 de desembre juntament amb les notes de la 1a avaluaci\u00f3.<\/p>\n<p><a href=\"http:\/\/agora.xtec.cat\/insderodadebara\/wp-content\/uploads\/usu1145\/2015\/12\/foto.jpg\"><img loading=\"lazy\" decoding=\"async\" class=\"alignnone wp-image-534 size-full\" src=\"http:\/\/agora.xtec.cat\/insderodadebara\/wp-content\/uploads\/usu1145\/2015\/12\/foto-e1449647853666.jpg\" alt=\"foto\" width=\"240\" height=\"320\" srcset=\"https:\/\/agora.xtec.cat\/insderodadebara\/wp-content\/uploads\/usu1145\/2015\/12\/foto-e1449647853666.jpg 240w, https:\/\/agora.xtec.cat\/insderodadebara\/wp-content\/uploads\/usu1145\/2015\/12\/foto-e1449647853666-225x300.jpg 225w\" sizes=\"auto, (max-width: 240px) 100vw, 240px\" \/><\/a><\/p>\n","protected":false},"excerpt":{"rendered":"<p>Les persones interessades a adquirir la foto de grup (exposades al vest\u00edbul de l\u2019Institut) han de fer un pagament de 5 euros al n\u00famero de compte 2013 3109 1802 0013 9751 a trav\u00e9s d\u2019una de les dues opcions seg\u00fcents:<br \/>\n\u2014Per transfer\u00e8ncia banc\u00e0ria (probablement el vostre banc&hellip;  <a href=\"https:\/\/agora.xtec.cat\/insderodadebara\/general\/fotografies-de-grup\/\" title=\"Read Fotografies de grup\">Llegeix m\u00e9s\u00bb<\/a><\/p>\n","protected":false},"author":4,"featured_media":0,"comment_status":"open","ping_status":"open","sticky":false,"template":"","format":"standard","meta":{"_bbp_topic_count":0,"_bbp_reply_count":0,"_bbp_total_topic_count":0,"_bbp_total_reply_count":0,"_bbp_voice_count":0,"_bbp_anonymous_reply_count":0,"_bbp_topic_count_hidden":0,"_bbp_reply_count_hidden":0,"_bbp_forum_subforum_count":0,"footnotes":""},"categories":[1,29],"tags":[],"class_list":["post-533","post","type-post","status-publish","format-standard","hentry","category-general","category-portada"],"post_mailing_queue_ids":[],"_links":{"self":[{"href":"https:\/\/agora.xtec.cat\/insderodadebara\/wp-json\/wp\/v2\/posts\/533","targetHints":{"allow":["GET"]}}],"collection":[{"href":"https:\/\/agora.xtec.cat\/insderodadebara\/wp-json\/wp\/v2\/posts"}],"about":[{"href":"https:\/\/agora.xtec.cat\/insderodadebara\/wp-json\/wp\/v2\/types\/post"}],"author":[{"embeddable":true,"href":"https:\/\/agora.xtec.cat\/insderodadebara\/wp-json\/wp\/v2\/users\/4"}],"replies":[{"embeddable":true,"href":"https:\/\/agora.xtec.cat\/insderodadebara\/wp-json\/wp\/v2\/comments?post=533"}],"version-history":[{"count":1,"href":"https:\/\/agora.xtec.cat\/insderodadebara\/wp-json\/wp\/v2\/posts\/533\/revisions"}],"predecessor-version":[{"id":535,"href":"https:\/\/agora.xtec.cat\/insderodadebara\/wp-json\/wp\/v2\/posts\/533\/revisions\/535"}],"wp:attachment":[{"href":"https:\/\/agora.xtec.cat\/insderodadebara\/wp-json\/wp\/v2\/media?parent=533"}],"wp:term":[{"taxonomy":"category","embeddable":true,"href":"https:\/\/agora.xtec.cat\/insderodadebara\/wp-json\/wp\/v2\/categories?post=533"},{"taxonomy":"post_tag","embeddable":true,"href":"https:\/\/agora.xtec.cat\/insderodadebara\/wp-json\/wp\/v2\/tags?post=533"}],"curies":[{"name":"wp","href":"https:\/\/api.w.org\/{rel}","templated":true}]}}