{"id":526,"date":"2015-11-12T13:26:47","date_gmt":"2015-11-12T12:26:47","guid":{"rendered":"http:\/\/agora.xtec.cat\/insderodadebara\/?p=526"},"modified":"2015-12-17T11:49:15","modified_gmt":"2015-12-17T10:49:15","slug":"visita-a-una-unitat-mobil-de-contaminacio-ambiental","status":"publish","type":"post","link":"https:\/\/agora.xtec.cat\/insderodadebara\/general\/visita-a-una-unitat-mobil-de-contaminacio-ambiental\/","title":{"rendered":"Visita a una unitat m\u00f2bil de contaminaci\u00f3 ambiental"},"content":{"rendered":"<p>VISITA A UNA UNITAT M\u00d2BIL DE CONTAMINACI\u00d3 AMBIENTAL<\/p>\n<p>Anna Gomez i Sergio Lahoz<\/p>\n<p>El 16 d\u2019octubre de 2015, els alumnes de 3r de l\u2019Institut de Roda de Ber\u00e0 van anar a visitar una unitat m\u00f2bil de contaminaci\u00f3 ambiental, situada a Roda.<\/p>\n<p>Des de l\u2019Ajuntament de Roda de Ber\u00e0 van fer aquesta proposta a l\u2019Institut, perqu\u00e8 s\u2019assabentessin d\u2019aquest projecte sobre la contaminaci\u00f3 local. Els professors de ci\u00e8ncies van creure que seria interessant per a l\u2019alumnat.<\/p>\n<p>El dia en q\u00fcesti\u00f3, es van despla\u00e7ar caminant des de l\u2019institut al \u201cParque Margi\u201d, lloc es trobava la unitat m\u00f2bil. Llavors all\u00ed hi havia una persona de la Generalitat de Catalunya que va fer l\u2019explicaci\u00f3. Va explicar com influ\u00efa el vent, les precipitacions, els moviments de vehicles, les infrastructures de prop de Roda com la nacional, l\u2019autopista&#8230; en la contaminaci\u00f3 de l\u2019aire. Despr\u00e9s de l\u2019explicaci\u00f3, van ensenyar els aparells de la unitat m\u00f2bil aix\u00ed com per a qu\u00e8 servien.<\/p>\n<p>Va ser una xerrada molt interessant per als nois de 3r de l\u2019ESO de l\u2019Institut Roda de Ber\u00e0 perqu\u00e8 tenien curiositat de saber que era cada aparell.<img loading=\"lazy\" decoding=\"async\" class=\" size-full wp-image-541 aligncenter\" src=\"http:\/\/agora.xtec.cat\/insderodadebara\/wp-content\/uploads\/usu1145\/2015\/11\/IMG_2079.jpg\" alt=\"IMG_2079\" width=\"448\" height=\"336\" srcset=\"https:\/\/agora.xtec.cat\/insderodadebara\/wp-content\/uploads\/usu1145\/2015\/11\/IMG_2079.jpg 448w, https:\/\/agora.xtec.cat\/insderodadebara\/wp-content\/uploads\/usu1145\/2015\/11\/IMG_2079-300x225.jpg 300w, https:\/\/agora.xtec.cat\/insderodadebara\/wp-content\/uploads\/usu1145\/2015\/11\/IMG_2079-200x150.jpg 200w\" sizes=\"auto, (max-width: 448px) 100vw, 448px\" \/><\/p>\n","protected":false},"excerpt":{"rendered":"<p>Una unitat de contaminaci\u00f3 ambiental de la Generalitat va ser visitada pels alumnes de 3r d\u2019ESO.<br \/>\n&hellip;  <a href=\"https:\/\/agora.xtec.cat\/insderodadebara\/general\/visita-a-una-unitat-mobil-de-contaminacio-ambiental\/\" title=\"Read Visita a una unitat m\u00f2bil de contaminaci\u00f3 ambiental\">Llegeix m\u00e9s\u00bb<\/a><\/p>\n","protected":false},"author":1,"featured_media":541,"comment_status":"open","ping_status":"open","sticky":false,"template":"","format":"standard","meta":{"_bbp_topic_count":0,"_bbp_reply_count":0,"_bbp_total_topic_count":0,"_bbp_total_reply_count":0,"_bbp_voice_count":0,"_bbp_anonymous_reply_count":0,"_bbp_topic_count_hidden":0,"_bbp_reply_count_hidden":0,"_bbp_forum_subforum_count":0,"footnotes":""},"categories":[6,1,29],"tags":[68],"class_list":["post-526","post","type-post","status-publish","format-standard","has-post-thumbnail","hentry","category-eso-3","category-general","category-portada","tag-3reso"],"post_mailing_queue_ids":[],"_links":{"self":[{"href":"https:\/\/agora.xtec.cat\/insderodadebara\/wp-json\/wp\/v2\/posts\/526","targetHints":{"allow":["GET"]}}],"collection":[{"href":"https:\/\/agora.xtec.cat\/insderodadebara\/wp-json\/wp\/v2\/posts"}],"about":[{"href":"https:\/\/agora.xtec.cat\/insderodadebara\/wp-json\/wp\/v2\/types\/post"}],"author":[{"embeddable":true,"href":"https:\/\/agora.xtec.cat\/insderodadebara\/wp-json\/wp\/v2\/users\/1"}],"replies":[{"embeddable":true,"href":"https:\/\/agora.xtec.cat\/insderodadebara\/wp-json\/wp\/v2\/comments?post=526"}],"version-history":[{"count":2,"href":"https:\/\/agora.xtec.cat\/insderodadebara\/wp-json\/wp\/v2\/posts\/526\/revisions"}],"predecessor-version":[{"id":542,"href":"https:\/\/agora.xtec.cat\/insderodadebara\/wp-json\/wp\/v2\/posts\/526\/revisions\/542"}],"wp:featuredmedia":[{"embeddable":true,"href":"https:\/\/agora.xtec.cat\/insderodadebara\/wp-json\/wp\/v2\/media\/541"}],"wp:attachment":[{"href":"https:\/\/agora.xtec.cat\/insderodadebara\/wp-json\/wp\/v2\/media?parent=526"}],"wp:term":[{"taxonomy":"category","embeddable":true,"href":"https:\/\/agora.xtec.cat\/insderodadebara\/wp-json\/wp\/v2\/categories?post=526"},{"taxonomy":"post_tag","embeddable":true,"href":"https:\/\/agora.xtec.cat\/insderodadebara\/wp-json\/wp\/v2\/tags?post=526"}],"curies":[{"name":"wp","href":"https:\/\/api.w.org\/{rel}","templated":true}]}}