{"id":521,"date":"2015-11-09T08:46:22","date_gmt":"2015-11-09T07:46:22","guid":{"rendered":"http:\/\/agora.xtec.cat\/insderodadebara\/?p=521"},"modified":"2015-11-09T08:46:22","modified_gmt":"2015-11-09T07:46:22","slug":"revista-quelcom","status":"publish","type":"post","link":"https:\/\/agora.xtec.cat\/insderodadebara\/general\/revista-quelcom\/","title":{"rendered":"Revista QUELCOM"},"content":{"rendered":"<p>El projecte Quelcom, que va sorgir fa ja m\u00e9s de 4 anys, tracta de mostrar d&#8217;una manera amena i des del punt de vista de l&#8217;alumnat moltes de les viv\u00e8ncies i activitats que es desenvolupen en el nostre Centre dia a dia. Enguany complir\u00e0 el seu 4t n\u00famero amb la coordinaci\u00f3 de la nostra companya Roser Rovira i dins d&#8217;una de les optatives del Centre que s&#8217;oferix a 4t d&#8217;ESO.<\/p>\n<p>La revista permet que l&#8217;estudiantat compagine feines inform\u00e0tiques i enfocaments amplis per a poder configurar una publicaci\u00f3 que normalment es publicar\u00e0 mitjan\u00e7ant medis digitals.<\/p>\n<p>Des d&#8217;aqu\u00ed convidem i recordem a tota la Comunitat Educativa que el projecte est\u00e0 en marxa i que accepta qualsevol sugger\u00e8ncia. A m\u00e9s publiquen el primer concurs que han llan\u00e7at per a qui vulga animar-se :<\/p>\n<p>&#8221; Aquest any, des de la revista QUELCOM, organitzem un concurs per triar la PORTADA (1r premi) i la CONTRAPORTADA (2n premi).<\/p>\n<p><strong>Bases del concurs:<\/strong><\/p>\n<p>&#8211; El dibuix ha de ser en un full DIN A4 en vertical.<br \/>\n&#8211; El tema \u00e9s lliure.<br \/>\n&#8211; Al dibuix hi ha d\u2019apar\u00e8ixer \u201cQUELCOM, INS RdB, 2015-2016, n\u00fam. 3\u201d<br \/>\n&#8211; Darrere el dibuix hi ha d\u2018haver un pseud\u00f2nim.<br \/>\n&#8211; El dibuix ha de ser entregat juntament amb un sobre tancat amb el pseud\u00f2nim escrit a fora i a<br \/>\ndins el nom de la persona que ha realitzat el dibuix.<br \/>\n&#8211; El dibuix ha de ser lliurat a consergeria abans del <strong>19 de novembre de 2015<\/strong>. &#8220;<\/p>\n","protected":false},"excerpt":{"rendered":"<p>El projecte Quelcom, que va sorgir fa ja m\u00e9s de 4 anys, tracta de mostrar d&#8217;una manera amena i des del punt de vista de l&#8217;alumnat moltes de les viv\u00e8ncies i activitats que es desenvolupen en el nostre Centre dia a dia. Enguany complir\u00e0 el&hellip;  <a href=\"https:\/\/agora.xtec.cat\/insderodadebara\/general\/revista-quelcom\/\" title=\"Read Revista QUELCOM\">Llegeix m\u00e9s\u00bb<\/a><\/p>\n","protected":false},"author":4,"featured_media":0,"comment_status":"open","ping_status":"open","sticky":false,"template":"","format":"standard","meta":{"_bbp_topic_count":0,"_bbp_reply_count":0,"_bbp_total_topic_count":0,"_bbp_total_reply_count":0,"_bbp_voice_count":0,"_bbp_anonymous_reply_count":0,"_bbp_topic_count_hidden":0,"_bbp_reply_count_hidden":0,"_bbp_forum_subforum_count":0,"footnotes":""},"categories":[1,29],"tags":[],"class_list":["post-521","post","type-post","status-publish","format-standard","hentry","category-general","category-portada"],"post_mailing_queue_ids":[],"_links":{"self":[{"href":"https:\/\/agora.xtec.cat\/insderodadebara\/wp-json\/wp\/v2\/posts\/521","targetHints":{"allow":["GET"]}}],"collection":[{"href":"https:\/\/agora.xtec.cat\/insderodadebara\/wp-json\/wp\/v2\/posts"}],"about":[{"href":"https:\/\/agora.xtec.cat\/insderodadebara\/wp-json\/wp\/v2\/types\/post"}],"author":[{"embeddable":true,"href":"https:\/\/agora.xtec.cat\/insderodadebara\/wp-json\/wp\/v2\/users\/4"}],"replies":[{"embeddable":true,"href":"https:\/\/agora.xtec.cat\/insderodadebara\/wp-json\/wp\/v2\/comments?post=521"}],"version-history":[{"count":1,"href":"https:\/\/agora.xtec.cat\/insderodadebara\/wp-json\/wp\/v2\/posts\/521\/revisions"}],"predecessor-version":[{"id":522,"href":"https:\/\/agora.xtec.cat\/insderodadebara\/wp-json\/wp\/v2\/posts\/521\/revisions\/522"}],"wp:attachment":[{"href":"https:\/\/agora.xtec.cat\/insderodadebara\/wp-json\/wp\/v2\/media?parent=521"}],"wp:term":[{"taxonomy":"category","embeddable":true,"href":"https:\/\/agora.xtec.cat\/insderodadebara\/wp-json\/wp\/v2\/categories?post=521"},{"taxonomy":"post_tag","embeddable":true,"href":"https:\/\/agora.xtec.cat\/insderodadebara\/wp-json\/wp\/v2\/tags?post=521"}],"curies":[{"name":"wp","href":"https:\/\/api.w.org\/{rel}","templated":true}]}}