{"id":443,"date":"2015-06-08T07:50:57","date_gmt":"2015-06-08T06:50:57","guid":{"rendered":"http:\/\/agora.xtec.cat\/insderodadebara\/?p=443"},"modified":"2015-06-08T07:58:40","modified_gmt":"2015-06-08T06:58:40","slug":"fic-cat-2015","status":"publish","type":"post","link":"https:\/\/agora.xtec.cat\/insderodadebara\/general\/fic-cat-2015\/","title":{"rendered":"FIC-CAT 2015"},"content":{"rendered":"<p>El divendres 5 de juny, l\u2019alumnat de l\u2019INS Roda de Ber\u00e0 ens vam despla\u00e7ar al Casino Municipal per assistir a la projecci\u00f3 dels curtmetratges finalistes de la secci\u00f3 oficial de centres de secund\u00e0ria de la 8a edici\u00f3 del FIC-CAT (Festival Internacional de Cinema en Catal\u00e0 de la Costa Daurada).<\/p>\n<p>Hi vam poder veure els curts <em>Mai sol<\/em>, de l\u2019alumnat de 4t d\u2019ESO de l\u2019Institut de la Garrotxa; <em>Els colors de la vida<\/em>, de l\u2019alumnat de 2n d\u2019ESO de l\u2019Escola S\u00fanion; <em>Cthulhu<\/em>, de l\u2019alumnat de batxillerat art\u00edstic i esc\u00e8nic de l\u2019Institut Baix Pened\u00e8s; <em>El su\u00efcida accidental<\/em>, de l\u2019alumnat de batxillerat de l\u2019Institut Jaume I de Salou; <em>L\u2019Aulet, el Trabucador<\/em>, de l\u2019Ana Biendicho, de l\u2019Institut Mart\u00ed Franqu\u00e9s de Tarragona; d\u2019aquest mateix institut i de l\u2019alumnat de 2n d\u2019ESO, <em>Hostatges<\/em>, i, finalment, <em>Difer\u00e8cies<\/em>, dels alumnes del Taller de Cinema de l\u2019Insitut Son Pacs de Palma de Mallorca.<\/p>\n<p>&nbsp;<\/p>\n<p>&nbsp;<\/p>\n<p>&nbsp;<\/p>\n<p>&nbsp;<\/p>\n<p><a href=\"http:\/\/agora.xtec.cat\/insderodadebara\/wp-content\/uploads\/usu1145\/2015\/06\/Fic-cat-1.jpg\"><img loading=\"lazy\" decoding=\"async\" class=\"alignnone size-medium wp-image-444\" src=\"http:\/\/agora.xtec.cat\/insderodadebara\/wp-content\/uploads\/usu1145\/2015\/06\/Fic-cat-1-300x225.jpg\" alt=\"Fic-cat%201\" width=\"300\" height=\"225\" srcset=\"https:\/\/agora.xtec.cat\/insderodadebara\/wp-content\/uploads\/usu1145\/2015\/06\/Fic-cat-1-300x225.jpg 300w, https:\/\/agora.xtec.cat\/insderodadebara\/wp-content\/uploads\/usu1145\/2015\/06\/Fic-cat-1-200x150.jpg 200w, https:\/\/agora.xtec.cat\/insderodadebara\/wp-content\/uploads\/usu1145\/2015\/06\/Fic-cat-1.jpg 480w\" sizes=\"auto, (max-width: 300px) 100vw, 300px\" \/><\/a> <a href=\"http:\/\/agora.xtec.cat\/insderodadebara\/wp-content\/uploads\/usu1145\/2015\/06\/Fic-cat-2.jpg\"><img loading=\"lazy\" decoding=\"async\" class=\"alignnone size-medium wp-image-445\" src=\"http:\/\/agora.xtec.cat\/insderodadebara\/wp-content\/uploads\/usu1145\/2015\/06\/Fic-cat-2-300x225.jpg\" alt=\"Fic-cat%202\" width=\"300\" height=\"225\" srcset=\"https:\/\/agora.xtec.cat\/insderodadebara\/wp-content\/uploads\/usu1145\/2015\/06\/Fic-cat-2-300x225.jpg 300w, https:\/\/agora.xtec.cat\/insderodadebara\/wp-content\/uploads\/usu1145\/2015\/06\/Fic-cat-2-200x150.jpg 200w, https:\/\/agora.xtec.cat\/insderodadebara\/wp-content\/uploads\/usu1145\/2015\/06\/Fic-cat-2.jpg 480w\" sizes=\"auto, (max-width: 300px) 100vw, 300px\" \/><\/a><\/p>\n","protected":false},"excerpt":{"rendered":"<p>El divendres 5 de juny, l\u2019alumnat de l\u2019INS Roda de Ber\u00e0 ens vam despla\u00e7ar al Casino Municipal per assistir a la projecci\u00f3 dels curtmetratges finalistes de la secci\u00f3 oficial de centres de secund\u00e0ria de la 8a edici\u00f3 del FIC-CAT (Festival Internacional de Cinema en Catal\u00e0&hellip;  <a href=\"https:\/\/agora.xtec.cat\/insderodadebara\/general\/fic-cat-2015\/\" title=\"Read FIC-CAT 2015\">Llegeix m\u00e9s\u00bb<\/a><\/p>\n","protected":false},"author":4,"featured_media":446,"comment_status":"open","ping_status":"open","sticky":false,"template":"","format":"standard","meta":{"_bbp_topic_count":0,"_bbp_reply_count":0,"_bbp_total_topic_count":0,"_bbp_total_reply_count":0,"_bbp_voice_count":0,"_bbp_anonymous_reply_count":0,"_bbp_topic_count_hidden":0,"_bbp_reply_count_hidden":0,"_bbp_forum_subforum_count":0,"footnotes":""},"categories":[1,29],"tags":[65,70,68,39],"class_list":["post-443","post","type-post","status-publish","format-standard","has-post-thumbnail","hentry","category-general","category-portada","tag-1reso","tag-2neso","tag-3reso","tag-sortides"],"post_mailing_queue_ids":[],"_links":{"self":[{"href":"https:\/\/agora.xtec.cat\/insderodadebara\/wp-json\/wp\/v2\/posts\/443","targetHints":{"allow":["GET"]}}],"collection":[{"href":"https:\/\/agora.xtec.cat\/insderodadebara\/wp-json\/wp\/v2\/posts"}],"about":[{"href":"https:\/\/agora.xtec.cat\/insderodadebara\/wp-json\/wp\/v2\/types\/post"}],"author":[{"embeddable":true,"href":"https:\/\/agora.xtec.cat\/insderodadebara\/wp-json\/wp\/v2\/users\/4"}],"replies":[{"embeddable":true,"href":"https:\/\/agora.xtec.cat\/insderodadebara\/wp-json\/wp\/v2\/comments?post=443"}],"version-history":[{"count":3,"href":"https:\/\/agora.xtec.cat\/insderodadebara\/wp-json\/wp\/v2\/posts\/443\/revisions"}],"predecessor-version":[{"id":451,"href":"https:\/\/agora.xtec.cat\/insderodadebara\/wp-json\/wp\/v2\/posts\/443\/revisions\/451"}],"wp:featuredmedia":[{"embeddable":true,"href":"https:\/\/agora.xtec.cat\/insderodadebara\/wp-json\/wp\/v2\/media\/446"}],"wp:attachment":[{"href":"https:\/\/agora.xtec.cat\/insderodadebara\/wp-json\/wp\/v2\/media?parent=443"}],"wp:term":[{"taxonomy":"category","embeddable":true,"href":"https:\/\/agora.xtec.cat\/insderodadebara\/wp-json\/wp\/v2\/categories?post=443"},{"taxonomy":"post_tag","embeddable":true,"href":"https:\/\/agora.xtec.cat\/insderodadebara\/wp-json\/wp\/v2\/tags?post=443"}],"curies":[{"name":"wp","href":"https:\/\/api.w.org\/{rel}","templated":true}]}}