{"id":414,"date":"2015-05-21T11:16:38","date_gmt":"2015-05-21T10:16:38","guid":{"rendered":"http:\/\/agora.xtec.cat\/insderodadebara\/?p=414"},"modified":"2015-05-21T11:19:29","modified_gmt":"2015-05-21T10:19:29","slug":"calendari-de-recuperacions-juny-2015","status":"publish","type":"post","link":"https:\/\/agora.xtec.cat\/insderodadebara\/eso\/calendari-de-recuperacions-juny-2015\/","title":{"rendered":"Calendari de recuperacions. Juny 2015"},"content":{"rendered":"<p><strong>EX\u00c0MENS DE RECUPERACI\u00d3 DE JUNY 1r, 2n, i 3r d\u2019ESO<\/strong><\/p>\n<table width=\"100%\">\n<tbody>\n<tr>\n<td width=\"27%\"><strong>Dilluns 15 de juny<\/strong><\/td>\n<td width=\"25%\"><strong>Dimarts 16 de juny<\/strong><\/td>\n<td width=\"26%\"><strong>Dimecres 17 de juny<\/strong><\/td>\n<td width=\"21%\"><strong>Dijous 18 de juny<\/strong><\/td>\n<\/tr>\n<tr>\n<td width=\"27%\">8.30 h Catal\u00e0<\/td>\n<td width=\"25%\">8.30 h Tecnologia<\/td>\n<td width=\"26%\">8.30 h Angl\u00e8s<\/td>\n<td rowspan=\"3\" width=\"21%\">10 h Entrega de treballs (VIP, Ciutadania, Religi\u00f3, Alternativa&#8230;)<\/td>\n<\/tr>\n<tr>\n<td width=\"27%\">10 h Matem\u00e0tiques<\/td>\n<td width=\"25%\">10 h Ci\u00e8ncies Naturals<\/td>\n<td width=\"26%\">10 h M\u00fasica<\/td>\n<\/tr>\n<tr>\n<td width=\"27%\">11.30 h Socials<\/td>\n<td width=\"25%\">11.30 h Castell\u00e0<\/td>\n<td width=\"26%\">11.30 h Educaci\u00f3 f\u00edsica<\/td>\n<\/tr>\n<\/tbody>\n<\/table>\n<p>&nbsp;<\/p>\n<p><strong>Calendari recuperaci\u00f3 juny 4t d\u2019ESO<\/strong><\/p>\n<p>&nbsp;<\/p>\n<table width=\"100%\">\n<tbody>\n<tr>\n<td width=\"5%\"><\/td>\n<td width=\"22%\"><strong>Dilluns 8 de juny<\/strong><\/td>\n<td width=\"18%\"><strong>Dimarts 9 de juny<\/strong><\/td>\n<td width=\"17%\"><strong>Dimecres 10 de juny<\/strong><\/td>\n<td width=\"7%\"><strong>\u00a0<\/strong><\/td>\n<td width=\"27%\"><strong>Dijous 11 de juny<\/strong><\/td>\n<\/tr>\n<tr>\n<td rowspan=\"3\" width=\"5%\">8-9.30 h<\/td>\n<td rowspan=\"3\" width=\"22%\"><strong>Catal\u00e0<\/strong>: prova escrita<\/td>\n<td rowspan=\"3\" width=\"18%\"><strong>Inform\u00e0tica: <\/strong>treball<strong>Alemany: <\/strong>prova escrita<em>\u00a0<\/em><\/td>\n<td rowspan=\"3\" width=\"17%\"><strong>Matem\u00e0tiques: <\/strong>\u00a0prova escrita<strong><em>\u00a0<\/em><\/strong><\/td>\n<td width=\"7%\"><strong>8-9 h<\/strong><\/td>\n<td width=\"27%\"><strong>Entrega de treballs (Visual i Pl\u00e0stica, \u00c8tica, Religi\u00f3 i Alternativa)<\/strong><\/td>\n<\/tr>\n<tr>\n<td colspan=\"2\" width=\"35%\"><strong>Treballs de recerca<\/strong><\/td>\n<\/tr>\n<tr>\n<td width=\"7%\"><strong>9-9.30 h<\/strong><\/td>\n<td width=\"27%\"><strong>Treball: <\/strong>Estudi de piscicultura<strong>\u00a0\u00a0\u00a0 <\/strong><strong>Alumnat: <\/strong>Jan, Kilyan, Marc P.<\/td>\n<\/tr>\n<tr>\n<td rowspan=\"3\" width=\"5%\">9.30-11 h<\/td>\n<td rowspan=\"3\" width=\"22%\"><strong>Tecnologia: <\/strong>prova escrita i treball<strong>Biologia: <\/strong>prova escrita i treball<strong>M\u00fasica: <\/strong>\u00a0prova escrita<\/p>\n<p><em>\u00a0<\/em><\/td>\n<td rowspan=\"3\" width=\"18%\"><strong>Llat\u00ed: <\/strong>prova escrita<strong>F\u00edsica i qu\u00edmica:<\/strong> prova escrita i treball&nbsp;<\/td>\n<td rowspan=\"3\" width=\"17%\"><strong>Educaci\u00f3 f\u00edsica<\/strong>: prova teoricopr\u00e0ctica<em>\u00a0<\/em><\/td>\n<td width=\"7%\"><strong>9.30 a 10 h<\/strong><\/td>\n<td width=\"27%\"><strong>Treball: <\/strong>L\u2019art contemporani a la comarca<strong>Alumnat: <\/strong>Dani S., Alfredo, \u00d2scar M.<\/td>\n<\/tr>\n<tr>\n<td width=\"7%\"><strong>10 a 10.30 h<\/strong><\/td>\n<td width=\"27%\"><strong>\u00a0<\/strong><strong>Treball: <\/strong>La tradici\u00f3n oral: interculturalidad del cuento<strong>Alumnat: <\/strong>Soumia, Ahlam, F\u00e0tima C.<\/td>\n<\/tr>\n<tr>\n<td width=\"7%\"><strong>10.30 a 11 h<\/strong><\/td>\n<td width=\"27%\"><strong>Treball: <\/strong>Difer\u00e8ncies entre la cultura mediterr\u00e0nia i l&#8217;anglosaxona<strong>Alumnat: <\/strong>Arnau, Ramon, Cristina F.<\/td>\n<\/tr>\n<tr>\n<td width=\"5%\"><\/td>\n<td width=\"22%\"><strong>\u00a0<\/strong><\/td>\n<td width=\"18%\"><strong>\u00a0<\/strong><\/td>\n<td width=\"17%\"><strong>\u00a0<\/strong><\/td>\n<td width=\"7%\"><strong>\u00a0<\/strong><\/td>\n<td width=\"27%\"><strong>\u00a0<\/strong><\/td>\n<\/tr>\n<tr>\n<td width=\"5%\">11.30-13.00<\/td>\n<td width=\"22%\"><strong>Castell\u00e0: <\/strong>prova escrita<em>\u00a0<\/em><\/td>\n<td width=\"18%\"><strong>Angl\u00e8s<\/strong>: prova escrita<em>\u00a0<\/em><\/td>\n<td width=\"17%\"><strong>Socials: <\/strong>\u00a0prova escrita i dossier (s\u2019ha de presentar el dossier per poder fer la prova)<em>\u00a0<\/em><\/td>\n<td width=\"7%\"><strong>\u00a0<\/strong><\/td>\n<td width=\"27%\"><strong>\u00a0<\/strong><\/td>\n<\/tr>\n<\/tbody>\n<\/table>\n<p>&nbsp;<\/p>\n","protected":false},"excerpt":{"rendered":"<p>Consulteu aqu\u00ed les dates dels ex\u00e0mens de recuperaci\u00f3 de1r, 2n, 3r i 4t d&#8217;ESO&hellip;  <a href=\"https:\/\/agora.xtec.cat\/insderodadebara\/eso\/calendari-de-recuperacions-juny-2015\/\" title=\"Read Calendari de recuperacions. Juny 2015\">Llegeix m\u00e9s\u00bb<\/a><\/p>\n","protected":false},"author":1,"featured_media":114,"comment_status":"open","ping_status":"open","sticky":false,"template":"","format":"standard","meta":{"_bbp_topic_count":0,"_bbp_reply_count":0,"_bbp_total_topic_count":0,"_bbp_total_reply_count":0,"_bbp_voice_count":0,"_bbp_anonymous_reply_count":0,"_bbp_topic_count_hidden":0,"_bbp_reply_count_hidden":0,"_bbp_forum_subforum_count":0,"footnotes":""},"categories":[3,29],"tags":[71],"class_list":["post-414","post","type-post","status-publish","format-standard","has-post-thumbnail","hentry","category-eso","category-portada","tag-recuperacions"],"post_mailing_queue_ids":[],"_links":{"self":[{"href":"https:\/\/agora.xtec.cat\/insderodadebara\/wp-json\/wp\/v2\/posts\/414","targetHints":{"allow":["GET"]}}],"collection":[{"href":"https:\/\/agora.xtec.cat\/insderodadebara\/wp-json\/wp\/v2\/posts"}],"about":[{"href":"https:\/\/agora.xtec.cat\/insderodadebara\/wp-json\/wp\/v2\/types\/post"}],"author":[{"embeddable":true,"href":"https:\/\/agora.xtec.cat\/insderodadebara\/wp-json\/wp\/v2\/users\/1"}],"replies":[{"embeddable":true,"href":"https:\/\/agora.xtec.cat\/insderodadebara\/wp-json\/wp\/v2\/comments?post=414"}],"version-history":[{"count":3,"href":"https:\/\/agora.xtec.cat\/insderodadebara\/wp-json\/wp\/v2\/posts\/414\/revisions"}],"predecessor-version":[{"id":417,"href":"https:\/\/agora.xtec.cat\/insderodadebara\/wp-json\/wp\/v2\/posts\/414\/revisions\/417"}],"wp:featuredmedia":[{"embeddable":true,"href":"https:\/\/agora.xtec.cat\/insderodadebara\/wp-json\/wp\/v2\/media\/114"}],"wp:attachment":[{"href":"https:\/\/agora.xtec.cat\/insderodadebara\/wp-json\/wp\/v2\/media?parent=414"}],"wp:term":[{"taxonomy":"category","embeddable":true,"href":"https:\/\/agora.xtec.cat\/insderodadebara\/wp-json\/wp\/v2\/categories?post=414"},{"taxonomy":"post_tag","embeddable":true,"href":"https:\/\/agora.xtec.cat\/insderodadebara\/wp-json\/wp\/v2\/tags?post=414"}],"curies":[{"name":"wp","href":"https:\/\/api.w.org\/{rel}","templated":true}]}}