{"id":4065,"date":"2025-11-12T16:00:42","date_gmt":"2025-11-12T15:00:42","guid":{"rendered":"https:\/\/agora.xtec.cat\/insderodadebara\/?p=4065"},"modified":"2025-11-12T16:01:55","modified_gmt":"2025-11-12T15:01:55","slug":"salut-i-escola-estem-per-tu","status":"publish","type":"post","link":"https:\/\/agora.xtec.cat\/insderodadebara\/general\/salut-i-escola-estem-per-tu\/","title":{"rendered":"Salut i escola. Estem per tu!"},"content":{"rendered":"<h2 class=\"subtitle\" data-crawling=\"principal-title\"><\/h2>\n<div class=\"basic_text_peq col-xs-12\">\n<div class=\"imatge_amb_peu amb_text noticia clearfix col-sm-4\"><img loading=\"lazy\" decoding=\"async\" class=\"widthResponsive\" src=\"https:\/\/salutpublica.gencat.cat\/web\/.content\/minisite\/aspcat\/promocio_salut\/salut-escola\/consulta_oberta\/img_cartell_consulta_oberta_petit.jpg_1193067379.jpg\" alt=\"Cartell Consulta Oberta\" width=\"280\" height=\"268\" \/><\/div>\n<div class=\"pd-15x link-dotted\" data-crawling=\"principal-body\">\n<p><strong>Recordeu que la Consulta Oberta<\/strong>\u00a0\u00e9s un espai d&#8217;atenci\u00f3 directa i de consulta adre\u00e7at a adolescents que s&#8217;ofereix dins del centre educatiu amb un\/a professional d&#8217;infermeria del\u00a0<a href=\"https:\/\/salutpublica.gencat.cat\/ca\/ambits\/promocio\/salut-escola\/informacio-centres-educatius\/\">Programa Salut i Escola (PSiE)<\/a>\u00a0que es despla\u00e7a des del centre d&#8217;atenci\u00f3 prim\u00e0ria de salut.<\/p>\n<p>La funci\u00f3 d&#8217;aquest\/a professional d&#8217;infermeria \u00e9s resoldre dubtes de salut, detectar problemes de salut, psicol\u00f2gics o socials, sense entrar en diagn\u00f2stics ni tractaments, realitzar escolta activa, detectar senyals d\u2019alarma, facilitar eines als adolescents per identificar els problemes i acompanyar-los o derivar-los en l\u2019orientaci\u00f3 cap a l\u2019atenci\u00f3 dins del Sistema Sanitari.<\/p>\n<p>Els alumnes hi poden accedir de manera espont\u00e0nia o derivats pel professor, tutor o fam\u00edlies, amb garanties de privacitat i confidencialitat.<\/p>\n<p>&nbsp;<\/p>\n<p>&nbsp;<\/p>\n<\/div>\n<\/div>\n","protected":false},"excerpt":{"rendered":"<p>Recordeu que la Consulta Oberta\u00a0\u00e9s un espai d&#8217;atenci\u00f3 directa i de consulta adre\u00e7at a adolescents que s&#8217;ofereix dins del centre educatiu amb un\/a professional d&#8217;infermeria del\u00a0<a href=\"https:\/\/salutpublica.gencat.cat\/ca\/ambits\/promocio\/salut-escola\/informacio-centres-educatius\/\">Programa Salut i Escola (PSiE)<\/a>\u00a0que es despla\u00e7a des del centre d&#8217;atenci\u00f3 prim\u00e0ria de salut.<br \/>\nLa funci\u00f3 d&#8217;aquest\/a professional d&#8217;infermeria \u00e9s&hellip;  <a href=\"https:\/\/agora.xtec.cat\/insderodadebara\/general\/salut-i-escola-estem-per-tu\/\" title=\"Read Salut i escola. Estem per tu!\">Llegeix m\u00e9s\u00bb<\/a><\/p>\n","protected":false},"author":1,"featured_media":0,"comment_status":"closed","ping_status":"open","sticky":false,"template":"","format":"standard","meta":{"_bbp_topic_count":0,"_bbp_reply_count":0,"_bbp_total_topic_count":0,"_bbp_total_reply_count":0,"_bbp_voice_count":0,"_bbp_anonymous_reply_count":0,"_bbp_topic_count_hidden":0,"_bbp_reply_count_hidden":0,"_bbp_forum_subforum_count":0,"footnotes":""},"categories":[1,29],"tags":[],"class_list":["post-4065","post","type-post","status-publish","format-standard","hentry","category-general","category-portada"],"post_mailing_queue_ids":[],"_links":{"self":[{"href":"https:\/\/agora.xtec.cat\/insderodadebara\/wp-json\/wp\/v2\/posts\/4065","targetHints":{"allow":["GET"]}}],"collection":[{"href":"https:\/\/agora.xtec.cat\/insderodadebara\/wp-json\/wp\/v2\/posts"}],"about":[{"href":"https:\/\/agora.xtec.cat\/insderodadebara\/wp-json\/wp\/v2\/types\/post"}],"author":[{"embeddable":true,"href":"https:\/\/agora.xtec.cat\/insderodadebara\/wp-json\/wp\/v2\/users\/1"}],"replies":[{"embeddable":true,"href":"https:\/\/agora.xtec.cat\/insderodadebara\/wp-json\/wp\/v2\/comments?post=4065"}],"version-history":[{"count":1,"href":"https:\/\/agora.xtec.cat\/insderodadebara\/wp-json\/wp\/v2\/posts\/4065\/revisions"}],"predecessor-version":[{"id":4066,"href":"https:\/\/agora.xtec.cat\/insderodadebara\/wp-json\/wp\/v2\/posts\/4065\/revisions\/4066"}],"wp:attachment":[{"href":"https:\/\/agora.xtec.cat\/insderodadebara\/wp-json\/wp\/v2\/media?parent=4065"}],"wp:term":[{"taxonomy":"category","embeddable":true,"href":"https:\/\/agora.xtec.cat\/insderodadebara\/wp-json\/wp\/v2\/categories?post=4065"},{"taxonomy":"post_tag","embeddable":true,"href":"https:\/\/agora.xtec.cat\/insderodadebara\/wp-json\/wp\/v2\/tags?post=4065"}],"curies":[{"name":"wp","href":"https:\/\/api.w.org\/{rel}","templated":true}]}}