{"id":4052,"date":"2025-10-27T09:27:46","date_gmt":"2025-10-27T08:27:46","guid":{"rendered":"https:\/\/agora.xtec.cat\/insderodadebara\/?p=4052"},"modified":"2025-10-30T13:50:07","modified_gmt":"2025-10-30T12:50:07","slug":"eleccions-al-consell-escolar-2","status":"publish","type":"post","link":"https:\/\/agora.xtec.cat\/insderodadebara\/general\/eleccions-al-consell-escolar-2\/","title":{"rendered":"Eleccions al Consell Escolar"},"content":{"rendered":"<h2 class=\"basic_title col-sm-12 pd-10\">Eleccions al Consell Escolar<\/h2>\n<p><a href=\"https:\/\/agora.xtec.cat\/insderodadebara\/wp-content\/uploads\/usu1145\/2025\/10\/consells-escolars.png_552031986.png\"><img loading=\"lazy\" decoding=\"async\" class=\"aligncenter size-full wp-image-4053\" src=\"https:\/\/agora.xtec.cat\/insderodadebara\/wp-content\/uploads\/usu1145\/2025\/10\/consells-escolars.png_552031986.png\" alt=\"\" width=\"3125\" height=\"763\" srcset=\"https:\/\/agora.xtec.cat\/insderodadebara\/wp-content\/uploads\/usu1145\/2025\/10\/consells-escolars.png_552031986.png 3125w, https:\/\/agora.xtec.cat\/insderodadebara\/wp-content\/uploads\/usu1145\/2025\/10\/consells-escolars.png_552031986-300x73.png 300w, https:\/\/agora.xtec.cat\/insderodadebara\/wp-content\/uploads\/usu1145\/2025\/10\/consells-escolars.png_552031986-1024x250.png 1024w, https:\/\/agora.xtec.cat\/insderodadebara\/wp-content\/uploads\/usu1145\/2025\/10\/consells-escolars.png_552031986-768x188.png 768w, https:\/\/agora.xtec.cat\/insderodadebara\/wp-content\/uploads\/usu1145\/2025\/10\/consells-escolars.png_552031986-1536x375.png 1536w, https:\/\/agora.xtec.cat\/insderodadebara\/wp-content\/uploads\/usu1145\/2025\/10\/consells-escolars.png_552031986-2048x500.png 2048w\" sizes=\"auto, (max-width: 3125px) 100vw, 3125px\" \/><\/a><\/p>\n<p>El consell escolar del centre \u00e9s l&#8217;<strong>\u00f2rgan col\u00b7legiat de participaci\u00f3<\/strong>\u00a0de la comunitat escolar en el govern del centre. En el consell escolar hi ha representats tots els col\u00b7lectius que intervenen en la comunitat educativa: director o directora, professorat, alumnes, personal d&#8217;administraci\u00f3 i serveis, etc.<\/p>\n<p>Els membres del consell escolar s\u00f3n elegits per un per\u00edode de quatre anys i es renoven per meitats cada dos anys.<\/p>\n<p><strong>Calendari<\/strong><\/p>\n<div class=\"col-xs-12 columna_esquerra\">\n<div class=\"cos_bloc basic_text_peq pd-15 link-dotted\">\n<ul>\n<li>Inici del proc\u00e9s: el 30 d&#8217;octubre de 2025<\/li>\n<li>Constituci\u00f3 de les meses electorals: el 7 de novembre de 2025<\/li>\n<li>Votacions: el 19 de novembre de 2025.<\/li>\n<li>Constituci\u00f3 del consell escolar i presa de possessi\u00f3 dels seus membres: no m\u00e9s tard del 17 de desembre de 2025<\/li>\n<\/ul>\n<p><a href=\"https:\/\/educacio.gencat.cat\/ca\/arees-actuacio\/centres-serveis-educatius\/centres\/consells-escolars-centres\/index.html\">M\u00e9s informaci\u00f3<\/a><\/p>\n<p>Documents:<\/p>\n<p><a href=\"https:\/\/agora.xtec.cat\/insderodadebara\/wp-content\/uploads\/usu1145\/2025\/10\/Convocatoria-eleccions-consell-escolar-2025-1.pdf\">Convocat\u00f2ria eleccions consell escolar 2025<\/a><\/p>\n<\/div>\n<\/div>\n","protected":false},"excerpt":{"rendered":"<p>Eleccions al Consell Escolar<br \/>\n<a href=\"https:\/\/agora.xtec.cat\/insderodadebara\/wp-content\/uploads\/usu1145\/2025\/10\/consells-escolars.png_552031986.png\"><\/a><br \/>\nEl consell escolar del centre \u00e9s l&#8217;\u00f2rgan col\u00b7legiat de participaci\u00f3\u00a0de la comunitat escolar en el govern del centre. En el consell escolar hi ha representats tots els col\u00b7lectius que intervenen en la comunitat educativa: director o directora, professorat, alumnes, personal d&#8217;administraci\u00f3&hellip;  <a href=\"https:\/\/agora.xtec.cat\/insderodadebara\/general\/eleccions-al-consell-escolar-2\/\" title=\"Read Eleccions al Consell Escolar\">Llegeix m\u00e9s\u00bb<\/a><\/p>\n","protected":false},"author":1,"featured_media":0,"comment_status":"closed","ping_status":"open","sticky":true,"template":"","format":"standard","meta":{"_bbp_topic_count":0,"_bbp_reply_count":0,"_bbp_total_topic_count":0,"_bbp_total_reply_count":0,"_bbp_voice_count":0,"_bbp_anonymous_reply_count":0,"_bbp_topic_count_hidden":0,"_bbp_reply_count_hidden":0,"_bbp_forum_subforum_count":0,"footnotes":""},"categories":[1,29],"tags":[],"class_list":["post-4052","post","type-post","status-publish","format-standard","hentry","category-general","category-portada"],"post_mailing_queue_ids":[],"_links":{"self":[{"href":"https:\/\/agora.xtec.cat\/insderodadebara\/wp-json\/wp\/v2\/posts\/4052","targetHints":{"allow":["GET"]}}],"collection":[{"href":"https:\/\/agora.xtec.cat\/insderodadebara\/wp-json\/wp\/v2\/posts"}],"about":[{"href":"https:\/\/agora.xtec.cat\/insderodadebara\/wp-json\/wp\/v2\/types\/post"}],"author":[{"embeddable":true,"href":"https:\/\/agora.xtec.cat\/insderodadebara\/wp-json\/wp\/v2\/users\/1"}],"replies":[{"embeddable":true,"href":"https:\/\/agora.xtec.cat\/insderodadebara\/wp-json\/wp\/v2\/comments?post=4052"}],"version-history":[{"count":4,"href":"https:\/\/agora.xtec.cat\/insderodadebara\/wp-json\/wp\/v2\/posts\/4052\/revisions"}],"predecessor-version":[{"id":4060,"href":"https:\/\/agora.xtec.cat\/insderodadebara\/wp-json\/wp\/v2\/posts\/4052\/revisions\/4060"}],"wp:attachment":[{"href":"https:\/\/agora.xtec.cat\/insderodadebara\/wp-json\/wp\/v2\/media?parent=4052"}],"wp:term":[{"taxonomy":"category","embeddable":true,"href":"https:\/\/agora.xtec.cat\/insderodadebara\/wp-json\/wp\/v2\/categories?post=4052"},{"taxonomy":"post_tag","embeddable":true,"href":"https:\/\/agora.xtec.cat\/insderodadebara\/wp-json\/wp\/v2\/tags?post=4052"}],"curies":[{"name":"wp","href":"https:\/\/api.w.org\/{rel}","templated":true}]}}